{"id":3718,"date":"2019-11-30T17:25:12","date_gmt":"2019-11-30T20:25:12","guid":{"rendered":"https:\/\/revistaepocadigital.com.ar\/?p=3718"},"modified":"2019-12-09T16:31:30","modified_gmt":"2019-12-09T19:31:30","slug":"a-dias-del-comienzo-de-un-nuevo-ciclo-diego-nanni-tiene-equipo","status":"publish","type":"post","link":"https:\/\/revistaepocadigital.com.ar\/?p=3718","title":{"rendered":"COMIENZO DE UN NUEVO CICLO CON DIEGO NANNI COMO INTENDENTE"},"content":{"rendered":"<p><strong>ASUM\u00cdA COMO INTENDENTE MUNICIPAL DE EXALTACI\u00d3N DE LA CRUZ, CON UN STAFF DE COLABORADORES QUE SE SUMARON, OTROS PERMANECIERON Y UNOS NO CONTINUARON.<\/strong><!--more--><\/p>\n<p>EPOCA convers\u00f3 con<strong> Diego Nanni<\/strong>, el foco de la conversaci\u00f3n estuvo puesto en los pormenores del armado del gabinete que lo va a acompa\u00f1ar en la gesti\u00f3n, que incluy\u00f3 fuertes tirones y posiciones encontradas.\u00a0 Nanni desliz\u00f3 algunos nombres de quienes van a desempe\u00f1arse como colaboradores en las distintas \u00e1reas, en tanto no avanz\u00f3 en sectores a\u00fan no definidos. Sobresale la presencia del <strong>Dr. H\u00e9ctor Nanni<\/strong>, como es sabido el padre del nuevo intendente; de dilatada y reconocida trayectoria profesional, tambi\u00e9n incursion\u00f3 Nanni padre en la funci\u00f3n p\u00fablica en el \u00e1rea de salud en <strong>Exaltaci\u00f3n de la Cruz<\/strong>. Convocado por su hijo, retorna a la \u00f3rbita p\u00fablica como asesor responsasble m\u00e1ximo del servicio de salud en el distrito.<\/p>\n<p><em><strong>&#8220;Puede decirse que tengo completado en casi la totalidad los colaboradores que me acompa\u00f1ar\u00e1n en mi gesti\u00f3n como intendente, me resta definir algunos&#8221;<\/strong><\/em><strong>,<\/strong> dijo Nanni a EPOCA al cierre de la edici\u00f3n impresa.<\/p>\n<p><em>&#8220;Nuestro frente ha estado compuesto por diversas vertientes, y cada una trabaj\u00f3 duro tanto para las PASO como para las elecciones generales, que obtuvimos la victoria en ambas. Hubo acuerdos y entendimientos para conformar las listas y conseguimos un gran triunfo electoral. Transcurrido el tiempo, y como intendente electo deb\u00ed abocarme a conformar mi gabinete para llevar adelante la gesti\u00f3n&#8221;, <\/em>detall\u00f3 <strong>Nanni<em>.<\/em><\/strong><\/p>\n<p>Despu\u00e9s el intendente electo sostuvo<em>: &#8220;<strong>\u00bf<\/strong><strong>Si h<\/strong><\/em><strong><em>ubo algunos tironeos y posiciones opuestas para establecer quienes se desempa\u00f1ar\u00e1n?, bueno, no result\u00f3 sencillo, hubo quienes aspiraron a un cargo pero bueno, tom\u00e9 decisiones pensando en lo mejor. Se suman nuevos colabodores y contin\u00faan otros que aquilatan importante experiencia; se avecina una etapa inicial de transici\u00f3n tanto en decisiones como en la gesti\u00f3n<\/em>&#8220;<\/strong>.<\/p>\n<p><em>&#8220;Apunt\u00e9<\/em> -ha remarcado Nanni- <em>al pensar en los funcionarios de mi gesti\u00f3n, en tratar de evitar de hacer &#8220;prueba y error&#8221; con respecto a las personas que convoqu\u00e9; por un lado pens\u00e9 con gente nueva a dar otra impronta a la gesti\u00f3n y a su vez, aprovechar la experiencia de otros funcionarios que se vinieron desempe\u00f1\u00e1ndose&#8221;.<\/em><\/p>\n<figure id=\"attachment_3722\" aria-describedby=\"caption-attachment-3722\" style=\"width: 960px\" class=\"wp-caption aligncenter\"><img loading=\"lazy\" decoding=\"async\" class=\"size-full wp-image-3722\" src=\"https:\/\/revistaepocadigital.com.ar\/wp-content\/uploads\/2019\/11\/nannn.jpg\" alt=\"\" width=\"960\" height=\"720\" srcset=\"https:\/\/revistaepocadigital.com.ar\/wp-content\/uploads\/2019\/11\/nannn.jpg 960w, https:\/\/revistaepocadigital.com.ar\/wp-content\/uploads\/2019\/11\/nannn-300x225.jpg 300w, https:\/\/revistaepocadigital.com.ar\/wp-content\/uploads\/2019\/11\/nannn-768x576.jpg 768w, https:\/\/revistaepocadigital.com.ar\/wp-content\/uploads\/2019\/11\/nannn-80x60.jpg 80w, https:\/\/revistaepocadigital.com.ar\/wp-content\/uploads\/2019\/11\/nannn-160x120.jpg 160w, https:\/\/revistaepocadigital.com.ar\/wp-content\/uploads\/2019\/11\/nannn-265x198.jpg 265w, https:\/\/revistaepocadigital.com.ar\/wp-content\/uploads\/2019\/11\/nannn-696x522.jpg 696w, https:\/\/revistaepocadigital.com.ar\/wp-content\/uploads\/2019\/11\/nannn-560x420.jpg 560w\" sizes=\"auto, (max-width: 960px) 100vw, 960px\" \/><figcaption id=\"caption-attachment-3722\" class=\"wp-caption-text\">Junto a vecinas, en lunes 9 de diciembre, Nanni jura como intendente.<\/figcaption><\/figure>\n<p>Detall\u00f3 luego una modificaci\u00f3n de peso, que ha significado la desapareci\u00f3n del organigrama del municipio de la Secretar\u00eda de Coordinaci\u00f3n General que encabezara el influyente funcionario,<strong> Guillermo Flores<\/strong>. Al ser consultado sobre el rol de Flores y la toma de decisiones del mismo, y si continuaba con firma autorizante para aprobar actos de gobierno, consider\u00f3 Nanni en forma contundente,\u00a0 <strong><em>&#8220;Guillermo ser\u00e1 un asesor de consulta, cuenta con vasta experiencia que desde ya, es capitalizable; pero quien decide es el intendente; de ah\u00ed que la firma que vale ser\u00e1 la del propio intendente; y esto cuenta de la misma manera para el resto de los asesores en el municipio&#8221;.<\/em><\/strong><\/p>\n<p>\u00bfY que dijo <strong>Diego Nanni<\/strong>, sobre la convocatoria a su padre H\u00e9ctor, uno de los m\u00e9dicos m\u00e1s reconocidos en el distrito y la zona. &#8220;<strong><em>Convers\u00e9 mucho con mi &#8220;viejo&#8221; para interesarlo en formar parte de mi gesti\u00f3n; M\u00e1s all\u00e1 que sea mi padre, es un gran profesional y muy conocedor de la salud en nuestro distrito; s\u00ed, ser\u00e1 el m\u00e1ximo responsable del \u00e1rea m\u00e1s all\u00e1 que se desempe\u00f1e como asesor; la secretar\u00eda de salud no ser\u00e1 ocupada&#8221;.<\/em><\/strong><\/p>\n<p><strong>EL GABINETE<\/strong><\/p>\n<p>Ac\u00e1, la mayor parte de los funcionarios y los cargos que van a ocupar; hay incorporaciones, alejamientos y movimientos importantes.<\/p>\n<p>Secretaria de Gobierno: Mar\u00eda Luz Bozzani<\/p>\n<p>Asesor responsable de Salud P\u00fablica: Dr. H\u00e9ctor Nanni<\/p>\n<p>Secretario de Hacienda: Leandro Boubetta<\/p>\n<p>Direcci\u00f3n de Presupuesto: Contadora Marisa Rodr\u00edguez.<\/p>\n<p>Obras P\u00fablicas: se divide en dos reparticiones: Higiene y Planificaci\u00f3n, al cierre de esta edici\u00f3n no estaba definidos los encargados de dichas \u00e1reas. Para Higiene era mencionado el vecino Sarasti.<\/p>\n<p>Coordinaci\u00f3n (dentro del \u00e1rea de la secretar\u00eda de gobierno): Carlos Tucci<\/p>\n<p>Director del Hospital: Dr Omar Ricci.<\/p>\n<p>Desarrollo Social: Norma Santill\u00e1n (solicit\u00f3 licencia como concejal)<\/p>\n<p>Asesor\u00eda Legal: Dra. Marcela Noriega y se suma Maxi Lucciani.<\/p>\n<p>Secretar\u00eda de Seguridad: Juan Manuel Boubetta<\/p>\n<p>Direcci\u00f3n de Pol\u00edtica Educativa: Vanesa Russo.<\/p>\n<p>Director Administrativo del Hospital: Gustavo Zagha<\/p>\n<p>Director de Deportes: Fernando Lodeiro \/Freddy Ortiz<\/p>\n<p>Direcci\u00f3n de Discapacidad (\u00e1rea que comienza a funcionar): N\u00e9stor Albarenque.<\/p>\n<p>Direcci\u00f3n de Producci\u00f3n: Mart\u00edn Faure.<\/p>\n<p>Direcci\u00f3n de Cultura: Benjam\u00edn Vitori.<\/p>\n<p>Direcci\u00f3n de Turismo: Roberto Simonetti.<\/p>\n<p>Direcci\u00f3n de Bromatolog\u00eda: sin confirmaciones pod\u00edan darse cambios.<\/p>\n<p>Delegado en Diego Gaynor: Hugo Giordano quien se suma al staff de la comuna.<\/p>\n<p>Delegado en Pavon: Gustavo Allal<\/p>\n<p>Delegado en Parada Robles y Los Cardales: sin cambios.<\/p>\n<p>Delegado en Barrio Sakura: Mart\u00edn Diez.<\/p>\n<p>Prensa y Comunicaci\u00f3n: se aguarda una reestructuraci\u00f3n.<\/p>\n<p><strong>SIGNIFICATIVAS NOVEDADES<\/strong><\/p>\n<p>.Guillermo Flores al frente de la influyente Secretar\u00eda de Coordinaci\u00f3n General, pasa a desempe\u00f1arse como asesor y la secretar\u00eda desaparece del organigrama municipal.<br \/>\n.Jefe de Personal, por el momento al cierre de esta edici\u00f3n permanec\u00eda sin cubrir.<br \/>\n.Luis Mariano Mart\u00edn: su nombre ha circulado con fuerza para sumarse al staff de Nanni, sin embargo, al principio de la nueva gesti\u00f3n municipal no ocupar\u00eda un cargo, debido a razones personales.<br \/>\n.Alberto Balada, quien se desempe\u00f1ara como director de cultura desde comienzos hace muchos a\u00f1os, oficiar\u00e1 de asesor.<br \/>\n.Fue creada la Direcci\u00f3n de Barrios Parques, que ha de encabezar un vecino del Parque Exaltaci\u00f3n. Tambi\u00e9n se suma la Direcci\u00f3n de Presupuesto a cargo de la contadora Marisa Rodriguez.<\/p>\n<p><strong>En el Concejo Deliberante.<\/strong><\/p>\n<p>.EPOCA supo que el concejal oficialista <strong>Mart\u00edn David<\/strong>, ser\u00e1 el nuevo presidente del cuerpo, reemplazando a <strong>Ra\u00fal Sancho.<\/strong><br \/>\n.Gustavo Candia, electo como primer concejal por el oficialismo, seg\u00fan versiones, pod\u00eda no asumir el cargo.<br \/>\n.<strong>Norma Santill\u00e1n<\/strong> solicit\u00f3 licencia a su banca y la reemplaza Galeano.<br \/>\n.Secretario del HCD: <strong>Sebasti\u00e1n Dramiscino<\/strong> (reemplaza a Paula Faure).<\/p>\n","protected":false},"excerpt":{"rendered":"<p>ASUM\u00cdA COMO INTENDENTE MUNICIPAL DE EXALTACI\u00d3N DE LA CRUZ, CON UN STAFF DE COLABORADORES QUE SE SUMARON, OTROS PERMANECIERON Y UNOS NO CONTINUARON.<\/p>\n","protected":false},"author":4,"featured_media":3721,"comment_status":"open","ping_status":"open","sticky":false,"template":"","format":"standard","meta":{"footnotes":"","jetpack_publicize_message":"","jetpack_publicize_feature_enabled":true,"jetpack_social_post_already_shared":false,"jetpack_social_options":{"image_generator_settings":{"template":"highway","default_image_id":0,"font":"","enabled":false},"version":2}},"categories":[16,17],"tags":[524,510],"class_list":["post-3718","post","type-post","status-publish","format-standard","has-post-thumbnail","hentry","category-municipales","category-politica","tag-gabinete","tag-nanni-intendente-electo"],"jetpack_publicize_connections":[],"jetpack_featured_media_url":"https:\/\/revistaepocadigital.com.ar\/wp-content\/uploads\/2019\/11\/naa.jpg","jetpack_likes_enabled":true,"_links":{"self":[{"href":"https:\/\/revistaepocadigital.com.ar\/index.php?rest_route=\/wp\/v2\/posts\/3718","targetHints":{"allow":["GET"]}}],"collection":[{"href":"https:\/\/revistaepocadigital.com.ar\/index.php?rest_route=\/wp\/v2\/posts"}],"about":[{"href":"https:\/\/revistaepocadigital.com.ar\/index.php?rest_route=\/wp\/v2\/types\/post"}],"author":[{"embeddable":true,"href":"https:\/\/revistaepocadigital.com.ar\/index.php?rest_route=\/wp\/v2\/users\/4"}],"replies":[{"embeddable":true,"href":"https:\/\/revistaepocadigital.com.ar\/index.php?rest_route=%2Fwp%2Fv2%2Fcomments&post=3718"}],"version-history":[{"count":0,"href":"https:\/\/revistaepocadigital.com.ar\/index.php?rest_route=\/wp\/v2\/posts\/3718\/revisions"}],"wp:featuredmedia":[{"embeddable":true,"href":"https:\/\/revistaepocadigital.com.ar\/index.php?rest_route=\/wp\/v2\/media\/3721"}],"wp:attachment":[{"href":"https:\/\/revistaepocadigital.com.ar\/index.php?rest_route=%2Fwp%2Fv2%2Fmedia&parent=3718"}],"wp:term":[{"taxonomy":"category","embeddable":true,"href":"https:\/\/revistaepocadigital.com.ar\/index.php?rest_route=%2Fwp%2Fv2%2Fcategories&post=3718"},{"taxonomy":"post_tag","embeddable":true,"href":"https:\/\/revistaepocadigital.com.ar\/index.php?rest_route=%2Fwp%2Fv2%2Ftags&post=3718"}],"curies":[{"name":"wp","href":"https:\/\/api.w.org\/{rel}","templated":true}]}}