{"id":3750,"date":"2019-11-29T00:26:02","date_gmt":"2019-11-29T03:26:02","guid":{"rendered":"https:\/\/revistaepocadigital.com.ar\/?p=3750"},"modified":"2019-12-06T17:09:39","modified_gmt":"2019-12-06T20:09:39","slug":"adrian-sanchez-un-hombre-inmerso-de-lleno-en-el-proyecto-politico-iniciado-hace-casi-tres-decadas","status":"publish","type":"post","link":"https:\/\/revistaepocadigital.com.ar\/?p=3750","title":{"rendered":"ADRI\u00c1N S\u00c1NCHEZ, UN HOMBRE INMERSO DE LLENO EN EL PROYECTO POL\u00cdTICO INICIADO HACE CASI TRES DECADAS"},"content":{"rendered":"<p><strong>EL INTENDENTE SALIENTE.<\/strong><!--more--><\/p>\n<p>Se alejaba del cargo de intendente, al asumir el nueveo jefe de la comuna, Diego Nanni. S\u00e1nchez convers\u00f3 con EPOCA a modo de efectuar un an\u00e1lisis acerca de su funci\u00f3n como intendente en per\u00edodos en que las dificultades generales fueron marcadas.<\/p>\n<p><strong>-Finaliza su labor como intendente&#8230;<\/strong><br \/>\n<em>-As\u00ed es, el 10 de diciembre culmina mi tercer mandato como intendente de Exaltaci\u00f3n de la Cruz; me inici\u00e9 en la funci\u00f3n p\u00fablica hace 28 a\u00f1os, en 1991 como Secretario de Gobierno, Hacienda y Acci\u00f3n Social hasta el a\u00f1o 1995, del entonces intendente Ricardo A.Bozzani. En 1995, acompa\u00f1\u00e9 a Ricardoy fu\u00ed elegido concejal encabezando la lista y estuve hasta 1999. Ese mismo a\u00f1o, volv\u00ed a acompa\u00f1ar al intendente en su tercera elecci\u00f3n, encabec\u00e9 de nuevo la lista de concejales), en esa elecci\u00f3n obtuvimos el 80% de los votos, algo tan recordado, fue el municipio del pa\u00eds en el que el candidato a intendente obtuvo la mayor cantidad de votos, fue una noticia que dio vuelta por el pa\u00eds y sali\u00f3 en la tapa de los diarios nacionales. A los 10 meses, como recordar\u00e1n, el Gobernador de la Provincia de Buenos Aires, Carlos Federico Ruckauf, convoc\u00f3 a Ricardo a ocupar un cargo en el Ejecutivo Provincial como Secretario de Unidad descentralizada de Control de Gesti\u00f3n. Eso llev\u00f3 a que yo asumiera como intendente el 6 de octubre de 2000, lo hici como interino hasta el 10 de Diciembre de 2003, recordando todos aquella particular y triste epoca que nos toc\u00f3 vivir a todos los argentinos. Recuerdo que me llamaron &#8220;piloto de tormenta&#8221;, por lo dif\u00edcil que fue llevar adelante la gesti\u00f3n municipal.<\/em><\/p>\n<p><img loading=\"lazy\" decoding=\"async\" class=\"aligncenter size-full wp-image-3756\" src=\"https:\/\/revistaepocadigital.com.ar\/wp-content\/uploads\/2019\/12\/sanch.jpg\" alt=\"\" width=\"640\" height=\"421\" srcset=\"https:\/\/revistaepocadigital.com.ar\/wp-content\/uploads\/2019\/12\/sanch.jpg 640w, https:\/\/revistaepocadigital.com.ar\/wp-content\/uploads\/2019\/12\/sanch-300x197.jpg 300w, https:\/\/revistaepocadigital.com.ar\/wp-content\/uploads\/2019\/12\/sanch-638x420.jpg 638w\" sizes=\"auto, (max-width: 640px) 100vw, 640px\" \/><\/p>\n<p><strong>-Luego retorn\u00f3 a la actividad privada.<\/strong><br \/>\n<em>-S\u00ed, ese mismo a\u00f1o retom\u00e9 mi actividad privada como empresario en el rubro inmobiliario como muchos saben que desarrollo desde hace m\u00e1s de 40 a\u00f1os ininterrumpidos y, inici\u00e1ndome a los 14 a\u00f1os pasando antes por empresas inmobiliarias de Capilla del Se\u00f1or, Los Cardales y Luj\u00e1n.<\/em><\/p>\n<p><strong>-En 2009 volvi\u00f3 a la arena pol\u00edtica.<\/strong><br \/>\n<em>-S\u00ed, fue cuando me convocaron por tercera vez para encabezar la lista de concejales, re-<\/em><br \/>\n<em>cordando la crisis que viv\u00eda el pa\u00eds en ese moment, focalizado en el conflicto entre el gobierno nacional y el sector del campo, originado por las retenciones a las exportaciones de los cereales. Volv\u00ed a ganar las elecciones y asum\u00ed como concejal y 2\u00ba presidente del Concejo Deliberante hasta que en 2011 me postul\u00e9 a intendente y gan\u00e9 con el 62 % de los votos y sumamos 6 concejales, algo in\u00e9dito y que ser\u00e1 muy dificil que se vuelva a repetir, as\u00ed inici\u00e9 mi segundo mandato hasta 2015 cuando fu\u00ed por la reelecci\u00f3n y y asum\u00ed como intendente por tercera vez hasta el 10 de este mes.<\/em><\/p>\n<p><strong>-\u00bfQue sensaciones le ha generado su paso como intendente?.<\/strong><br \/>\n<em>-La sensaci\u00f3n que tengo, es que primero agradezco a mi familia, a Dios y a la providencia de la vida, que me haya dado la oportunidad de participar como Secretario de Gobierno, tres veces concejal y tres como intendente; siempre a disposicion de Exaltaci\u00f3n de la Cruz en su totalidad, pudiendo llevar adelante mi profunda vocacion de servicio. \u00bfLogros?, son muchos los que podr\u00eda enumer, pero lo m\u00e1s importante es el deber y compromiso de haber cumplido, y haber aportado un grano de arena para que esta sociedad exaltacrucense, bonaerense y argentina, pueda estar hoy y con el paso del tiempo, un poco mejor, acompa\u00f1ado por los agentes municipales, jefes de \u00e1rea, directores, secretarios, profesionales y toda la planta activa de la municipalidad. Es un orgullo, que lo voy a llevar en lo m\u00e1s profundo<\/em><br \/>\n<em>de mi coraz\u00f3n. Y en cuanto a los cosas en el Haber, quedan muchas gestiones y obras realizadas, al solo <\/em><em>efecto de enunmerar algunas, entre tantas, puedo enunciar que en el \u00e1rea de Obras P\u00fablicas, y m\u00e1s precisamente en Hidr\u00e1ulica, hemos realizado en estos 28 a\u00f1os las obras necesarias para que no se inunden mas los vecinos de Exaltaci\u00f3n de la Cruz; estando a finalizar una obra muy esperada como es el aaneamiento del Arroyo de la Cruz, en la ribera, en la entrada a Capilla, entre el terraplen del Ferrocarril Urquiza, \u201clos Cinco Puentes\u201d, hasta el terrapl\u00e9n del Ferrocarril Mitre \u201clas cuatro bocas\u201d. Puedo decirle a los vecinos de Capilla del Se\u00f1or, que estamos a muy poco tiempo de que no se inuden m\u00e1s.<\/em><\/p>\n<p><strong>-Los a\u00f1os de su gesti\u00f3n estuvieron enmarcados por complejidades recurrentes en el pa\u00eds&#8230;<\/strong><br \/>\n&#8211;<em>As\u00ed es, debimos afrontar dificultades marcadas producto de la situaci\u00f3n general argentina, pero bueno, le pusimos el m\u00e1ximo de empe\u00f1o y trabajo a todas las \u00e1reas de la municipalidad. La educaci\u00f3n por ejemplo, fue otra preocupaci\u00f3n permanente y nos abocamos a que mejorase en Exaltaci\u00f3n de la Cruz. As\u00ed, me propuse construir 8 escuelas, y se finalizaron 4; una por terminar y 3 licitadas en 2018 y adjudicadas. Debibo a a la crisis econ\u00e9mica y financiera en el pa\u00eds, tuvo que darse autom\u00e1ticamente de baja las mismas, una pena, quedando pendiente para la nueva administraci\u00f3n la su reactivacion. Adem\u00e1s de la creaci\u00f3n de Nivel Terciario, y la extensi\u00f3n de las carrerras Universitarias de la Universidad Nacional de San Antonio de Areco y la extensi\u00f3n de la Facultad de Medicina de la UBA en la carrera de <\/em><em>enfermeria, entre tantas gestiones que ser\u00eda muy extenso enumerar.<\/em><\/p>\n<p><strong>-Por otro lado en el -La falta de trabajo ha sido una constante, perdura, y los indicadores a futuro reflejan que las dificultades perdurar\u00e1n.<\/strong><br \/>\n<em>-Sin dudas, el trabajo es esencial para cualquier ser humano, no s\u00f3lo por lo que significa en materia de ingresos, tambi\u00e9n por lo que representa para un vecino a nivel personal y familiar. Hemos contemplado la problem\u00e1tica en forma constante, y hecho todo lo que estuvo dentro de nuestras posibilidades como municipios, manteniendo contacto, conversaciones, con autoridades nacionales, provinciales, con empresarios, emprendedores, a modo de interesarlos para que invirtieran en nuestro distrito.En tal sentido, se crearon en el \u00e1rea de Producci\u00f3n e Industrias, dos parques industriales sobre la Ruta 6 y un agrupamiento industrial sobre Autopista 8, que ya reciben nuevas plantas industriales como Retax, f\u00e1brica de ladrillos que el a\u00f1o 2020 inaugura su planta, tambien Motomel, y varias inversiones de empresas de logistica entre otras. Adem\u00e1s sobre la Ruta Provincial 6, VASA, Vidrieria Argentina, <\/em><em>S.A., construyen la nueva planta, con la Construccion de un horno de 600 metros de largo, y una <\/em><em>inversion de 255 millones de d\u00f3lares y la creaci\u00f3n de cientos de puestos de trabajo directos e indirectos, que comenzar\u00e1 a funcionar a mediados de 2020. A su vez sobre Ruta 9 se instal\u00f3 la metalurgica Storage Company del Grupo Famy de Italia desde 2018.<\/em><\/p>\n<p><strong>-La seguridad es una cuesti\u00f3n vital, que preocupa mucho por cierto a los argentinos y desde ya los vecinos de Exaltaci\u00f3n de la Cruz.<\/strong><br \/>\n<em>-Desde ya, y en relaci\u00f3n a esto, logramos triplicar el n\u00famero de agentes de la Polic\u00eda de la Provincia de Buenos Aires e instalamos el Comando sobre Ruta 39, Comando de la Departamental, Policia Rural con asiento en arroyo de la Cruz y la construccion de un nuevo edificio del Centro de Vigilancia Urbana (CAV), con la instalaci\u00f3n de m\u00e1s de 160 c\u00e1maras que vigilan todo el distrito.<\/em><\/p>\n<p><strong>LA SALUD P\u00daBLICA<\/strong><\/p>\n<p><strong>-Acerca de otra de las cuestiones centrales y tan sensibles como es la salud p\u00fablica, \u00bfque an\u00e1lisis efect\u00faa de su gesti\u00f3n?<\/strong><br \/>\n&#8211;<em>Bueno, en materia de salud p\u00fablica, mi gesti\u00f3n le dio un tratamiento prioritario y estoy convencido que as\u00ed lo han entendido los vecinos del distrito. Continuamos con la pol\u00edtica mejoramiento, con nuestro Hospital Municipal San Jose como columna vertebral y las Unidades Sanitarias, concret\u00e1ndose en los \u00faltimos a\u00f1os una inversion millonaria, que nos ha permitido tener 100 camas, mas consultorios, aparatolog\u00eda, y ampliaci\u00f3n de quir\u00f3fanos, consultorios, la creaci\u00f3n de la Hemodinamia Cardiologica, que llev\u00f3 a que la Provincia calificara al servicio como de \u201cAlta Complejidad\u201d, todo un orgullo para nuestra comunidad. Tambi\u00e9n ampliamos Unidades Sanitarias CAPS de Parada Robles y Los Cardales y se cuenta con la financiaci\u00f3n para iniciar en 2020 la construccion sobre la Colectora Norte de la Autovia 6 de un nuevo edificio para el el CAPS de Los Cardales, lo que permitira ampliar servicios.<\/em><\/p>\n<p><strong>-\u00bfContinuar\u00e1, retornar\u00e1 a la pol\u00edtica y porqu\u00e9 no a la funci\u00f3n p\u00fablica?<\/strong><br \/>\n<em>-Bueno, lo que he comentado, se ha focalizdo en sintetizar mi gesti\u00f3n como intendente, y los logros conseguidos mas salientes de mi administraci\u00f3n en la municipalidad. Labor por la que agradezco a mis vecinos por el apoyo brindado en todos estos a\u00f1os; y a la vez expreso mi profundo compromiso, para con mi comunidad toda de estar siempre a disposici\u00f3n. Desde ya, aompa\u00f1ar\u00e9 a mi amigo, compa\u00f1ero de gesti\u00f3n secretario de gobierno y nuevo intendente, Diego Nanni. Lo har\u00e9 desde mi nuevo lugar de vecino del distrito y con el mismo convecimiento de siempre; volver\u00e9 a la actividad privada en el rubro inmobiliario donde me he desempe\u00f1ado durante gran parte de mi vida, a la vez que tal vez analice algunas propuestas para asesorias en el \u00e1rea p\u00fablica en el \u00e1mbito de la provincia de Buenos Aires. En<\/em><br \/>\n<em>definitiva, les env\u00edo a todos un c\u00e1lido y afectuoso saludo, y les digo hasta luego, o hasta ma\u00f1ana.<\/em><\/p>\n<p>&nbsp;<\/p>\n<p>Foto portada: gentileza Grupo La Provincia<\/p>\n","protected":false},"excerpt":{"rendered":"<p>EL INTENDENTE SALIENTE.<\/p>\n","protected":false},"author":4,"featured_media":3754,"comment_status":"open","ping_status":"open","sticky":false,"template":"","format":"standard","meta":{"footnotes":"","jetpack_publicize_message":"","jetpack_publicize_feature_enabled":true,"jetpack_social_post_already_shared":false,"jetpack_social_options":{"image_generator_settings":{"template":"highway","default_image_id":0,"font":"","enabled":false},"version":2}},"categories":[17],"tags":[97,526,525],"class_list":["post-3750","post","type-post","status-publish","format-standard","has-post-thumbnail","hentry","category-politica","tag-adrian-sanchez","tag-balance-gestion","tag-intendente"],"jetpack_publicize_connections":[],"jetpack_featured_media_url":"https:\/\/revistaepocadigital.com.ar\/wp-content\/uploads\/2019\/12\/Adri\u00e1n-S\u00e1nchez-Exaltacion-de-la-Cruz.jpg","jetpack_likes_enabled":true,"_links":{"self":[{"href":"https:\/\/revistaepocadigital.com.ar\/index.php?rest_route=\/wp\/v2\/posts\/3750","targetHints":{"allow":["GET"]}}],"collection":[{"href":"https:\/\/revistaepocadigital.com.ar\/index.php?rest_route=\/wp\/v2\/posts"}],"about":[{"href":"https:\/\/revistaepocadigital.com.ar\/index.php?rest_route=\/wp\/v2\/types\/post"}],"author":[{"embeddable":true,"href":"https:\/\/revistaepocadigital.com.ar\/index.php?rest_route=\/wp\/v2\/users\/4"}],"replies":[{"embeddable":true,"href":"https:\/\/revistaepocadigital.com.ar\/index.php?rest_route=%2Fwp%2Fv2%2Fcomments&post=3750"}],"version-history":[{"count":0,"href":"https:\/\/revistaepocadigital.com.ar\/index.php?rest_route=\/wp\/v2\/posts\/3750\/revisions"}],"wp:featuredmedia":[{"embeddable":true,"href":"https:\/\/revistaepocadigital.com.ar\/index.php?rest_route=\/wp\/v2\/media\/3754"}],"wp:attachment":[{"href":"https:\/\/revistaepocadigital.com.ar\/index.php?rest_route=%2Fwp%2Fv2%2Fmedia&parent=3750"}],"wp:term":[{"taxonomy":"category","embeddable":true,"href":"https:\/\/revistaepocadigital.com.ar\/index.php?rest_route=%2Fwp%2Fv2%2Fcategories&post=3750"},{"taxonomy":"post_tag","embeddable":true,"href":"https:\/\/revistaepocadigital.com.ar\/index.php?rest_route=%2Fwp%2Fv2%2Ftags&post=3750"}],"curies":[{"name":"wp","href":"https:\/\/api.w.org\/{rel}","templated":true}]}}