{"id":3763,"date":"2019-12-03T09:59:38","date_gmt":"2019-12-03T12:59:38","guid":{"rendered":"https:\/\/revistaepocadigital.com.ar\/?p=3763"},"modified":"2019-12-03T09:59:38","modified_gmt":"2019-12-03T12:59:38","slug":"juan-benedetti-lucho-duro-y-se-destaco-en-el-turismo-pista","status":"publish","type":"post","link":"https:\/\/revistaepocadigital.com.ar\/?p=3763","title":{"rendered":"Juan Benedetti, luch\u00f3 duro y se destac\u00f3 en el Turismo Pista"},"content":{"rendered":"<p><strong>ES DE CAPILLA.<\/strong><!--more--><\/p>\n<p>Y da pelea en una de las categor\u00edas del automovilismo nacional m\u00e1s competitivas y re\u00f1idas, la <strong>Clase Tres de Turismo Pista.<\/strong><\/p>\n<p>En la \u00faltima fecha del campeonato disputada en el<strong> Aut\u00f3dromo de Paran\u00e1, Entre R\u00edos<\/strong>, culmin\u00f3 sexto luego de una carrera donde no se perdonaron nada, donde se intercambi\u00f3 posiciones en varias ocasiones arriba del Toyota Etios, el <strong>&#8220;Torito&#8221;.<\/strong> El 11\u00ba puesto final en el campeonato 2019, ha marcado el esfuerzo y trabajo puesto en cada cap\u00edtulo.<\/p>\n<figure id=\"attachment_3765\" aria-describedby=\"caption-attachment-3765\" style=\"width: 960px\" class=\"wp-caption aligncenter\"><img loading=\"lazy\" decoding=\"async\" class=\"size-full wp-image-3765\" src=\"https:\/\/revistaepocadigital.com.ar\/wp-content\/uploads\/2019\/12\/bened1.jpg\" alt=\"\" width=\"960\" height=\"633\" srcset=\"https:\/\/revistaepocadigital.com.ar\/wp-content\/uploads\/2019\/12\/bened1.jpg 960w, https:\/\/revistaepocadigital.com.ar\/wp-content\/uploads\/2019\/12\/bened1-300x198.jpg 300w, https:\/\/revistaepocadigital.com.ar\/wp-content\/uploads\/2019\/12\/bened1-768x506.jpg 768w, https:\/\/revistaepocadigital.com.ar\/wp-content\/uploads\/2019\/12\/bened1-696x459.jpg 696w, https:\/\/revistaepocadigital.com.ar\/wp-content\/uploads\/2019\/12\/bened1-637x420.jpg 637w\" sizes=\"auto, (max-width: 960px) 100vw, 960px\" \/><figcaption id=\"caption-attachment-3765\" class=\"wp-caption-text\">Benedetti batall\u00f3 duro en la Clase Tres de Turismo Pista.<\/figcaption><\/figure>\n<p>Su madre, <strong>Gladys Campanini<\/strong>, su hincha <em>n\u00famero 1,<\/em> reflej\u00f3 emocionada lo hecho por <strong>Juan<\/strong> a lo largo de la temporada, &#8220;<em>fue un a\u00f1o con tantas emociones encontradas; donde lo econ\u00f3mico complicaba para llegar a las carreras y fue un desafio; poner la cabeza plena en cada final; con lo bueno y lo malo de las anteriores. A Juan lo definen como alguien que sabe lo que quiere; pasion; mu\u00f1eca y buen tipo. Hemos pasado por momentos duros; creyendo en Dios y nuestra Virgen, uni\u00e9ndonos m\u00e1s que nunca y ac\u00e1 estamos; ac\u00e1 est\u00e1s- Siempre dispuesto a poner todo y m\u00e1s; concretando proyectos personales y dando batalla este a\u00f1o a un campeonato nacional de &#8220;talibanes&#8221;!!!&#8221;. &#8220;Vamos Juan Benedett<\/em>i -agreg\u00f3- <em>por un 2020 con el &#8220;Torito&#8221; ya consolidado y vos con m\u00e1s &#8220;power&#8221; que nunca!. Brindo por vos y tus proyectos y por todo lo que pusiste arriba del auto&#8221;.<\/em><\/p>\n","protected":false},"excerpt":{"rendered":"<p>ES DE CAPILLA.<\/p>\n","protected":false},"author":4,"featured_media":3764,"comment_status":"open","ping_status":"open","sticky":false,"template":"","format":"standard","meta":{"footnotes":"","jetpack_publicize_message":"","jetpack_publicize_feature_enabled":true,"jetpack_social_post_already_shared":false,"jetpack_social_options":{"image_generator_settings":{"template":"highway","default_image_id":0,"font":"","enabled":false},"version":2}},"categories":[9],"tags":[22,262],"class_list":["post-3763","post","type-post","status-publish","format-standard","has-post-thumbnail","hentry","category-deportes","tag-automovilismo","tag-benedetti"],"jetpack_publicize_connections":[],"jetpack_featured_media_url":"https:\/\/revistaepocadigital.com.ar\/wp-content\/uploads\/2019\/12\/bened.jpg","jetpack_likes_enabled":true,"_links":{"self":[{"href":"https:\/\/revistaepocadigital.com.ar\/index.php?rest_route=\/wp\/v2\/posts\/3763","targetHints":{"allow":["GET"]}}],"collection":[{"href":"https:\/\/revistaepocadigital.com.ar\/index.php?rest_route=\/wp\/v2\/posts"}],"about":[{"href":"https:\/\/revistaepocadigital.com.ar\/index.php?rest_route=\/wp\/v2\/types\/post"}],"author":[{"embeddable":true,"href":"https:\/\/revistaepocadigital.com.ar\/index.php?rest_route=\/wp\/v2\/users\/4"}],"replies":[{"embeddable":true,"href":"https:\/\/revistaepocadigital.com.ar\/index.php?rest_route=%2Fwp%2Fv2%2Fcomments&post=3763"}],"version-history":[{"count":0,"href":"https:\/\/revistaepocadigital.com.ar\/index.php?rest_route=\/wp\/v2\/posts\/3763\/revisions"}],"wp:featuredmedia":[{"embeddable":true,"href":"https:\/\/revistaepocadigital.com.ar\/index.php?rest_route=\/wp\/v2\/media\/3764"}],"wp:attachment":[{"href":"https:\/\/revistaepocadigital.com.ar\/index.php?rest_route=%2Fwp%2Fv2%2Fmedia&parent=3763"}],"wp:term":[{"taxonomy":"category","embeddable":true,"href":"https:\/\/revistaepocadigital.com.ar\/index.php?rest_route=%2Fwp%2Fv2%2Fcategories&post=3763"},{"taxonomy":"post_tag","embeddable":true,"href":"https:\/\/revistaepocadigital.com.ar\/index.php?rest_route=%2Fwp%2Fv2%2Ftags&post=3763"}],"curies":[{"name":"wp","href":"https:\/\/api.w.org\/{rel}","templated":true}]}}