{"id":3767,"date":"2019-12-04T14:03:59","date_gmt":"2019-12-04T17:03:59","guid":{"rendered":"https:\/\/revistaepocadigital.com.ar\/?p=3767"},"modified":"2019-12-04T14:03:59","modified_gmt":"2019-12-04T17:03:59","slug":"obras-de-eden-para-fortalecer-la-red-electrica","status":"publish","type":"post","link":"https:\/\/revistaepocadigital.com.ar\/?p=3767","title":{"rendered":"Obras de EDEN para fortalecer la red el\u00e9ctrica"},"content":{"rendered":"<p class=\"yiv5035584023MsoNormal\" align=\"center\"><b>LA EMPRESA LAS EFECT\u00daA EN CAPILLA DEL SE\u00d1OR Y LOS CARDALES.<\/b><!--more--><\/p>\n<p>Con una inversi\u00f3n que supera 150 millones de pesos, EDEN lleva a cabo importantes obras para fortalecer la calidad del vital servicio de energ\u00eda el\u00e9ctrica en el partido de Exaltaci\u00f3n de la Cruz.<\/p>\n<p><img loading=\"lazy\" decoding=\"async\" class=\"aligncenter size-full wp-image-3772\" src=\"https:\/\/revistaepocadigital.com.ar\/wp-content\/uploads\/2019\/12\/eden-1-obr19b.jpg\" alt=\"\" width=\"594\" height=\"897\" srcset=\"https:\/\/revistaepocadigital.com.ar\/wp-content\/uploads\/2019\/12\/eden-1-obr19b.jpg 594w, https:\/\/revistaepocadigital.com.ar\/wp-content\/uploads\/2019\/12\/eden-1-obr19b-199x300.jpg 199w, https:\/\/revistaepocadigital.com.ar\/wp-content\/uploads\/2019\/12\/eden-1-obr19b-278x420.jpg 278w, https:\/\/revistaepocadigital.com.ar\/wp-content\/uploads\/2019\/12\/eden-1-obr19b-556x840.jpg 556w\" sizes=\"auto, (max-width: 594px) 100vw, 594px\" \/><\/p>\n<p>&nbsp;<\/p>\n<p>En primer lugar, se construyen dos nuevos alimentadores que potenciar\u00e1n la red para los vecinos de Los Cardales. Se trata del Alimentador 5-70 de 33 kV y el Alimentador 5-80, de la misma potencia, con un nuevo tendido de m\u00e1s de 15 kil\u00f3metros de cable subterr\u00e1neo.<\/p>\n<p>Adem\u00e1s, est\u00e1n reestructurando el Alimentador 5-3 (Campana-Cardales), incluyendo el tendido de una l\u00ednea de 33 kV, esto permitir\u00e1 abastecer futuras demandas. A su vez en el Alimentador 1 de 13,2 kV, realizan trabajos de poda, cambio de postaci\u00f3n y colocaci\u00f3n de columnas.<\/p>\n<p>\u201c<i>En el marco de este plan de obras, el domingo 1 de diciembre trabajaramos sobre la Estaci\u00f3n Transformadora Cardales, instalando reguladores de tensi\u00f3n, nuevos elementos maniobra y realizando las conexiones entre las l\u00edneas correspondientes\u201d, <\/i>precis\u00f3 Dami\u00e1n Garc\u00eda, Jefe de Sucursal de EDEN, y agreg\u00f3 \u201c<i>como medida de seguridad para realizar estas tareas, fue necesario interrumpir el servicio de 6 a 14 horas, mientras se trabaj\u00f3 en la red el\u00e9ctrica, tal como lo comunicamos en forma previa<\/i>\u201d.<\/p>\n<p><img loading=\"lazy\" decoding=\"async\" class=\"aligncenter size-full wp-image-3773\" src=\"https:\/\/revistaepocadigital.com.ar\/wp-content\/uploads\/2019\/12\/eden-2-obr19c.jpg\" alt=\"\" width=\"541\" height=\"776\" srcset=\"https:\/\/revistaepocadigital.com.ar\/wp-content\/uploads\/2019\/12\/eden-2-obr19c.jpg 541w, https:\/\/revistaepocadigital.com.ar\/wp-content\/uploads\/2019\/12\/eden-2-obr19c-209x300.jpg 209w, https:\/\/revistaepocadigital.com.ar\/wp-content\/uploads\/2019\/12\/eden-2-obr19c-293x420.jpg 293w\" sizes=\"auto, (max-width: 541px) 100vw, 541px\" \/><\/p>\n<p>Asimismo, en Capilla del Se\u00f1or se realiz\u00f3 el tendido de una nueva traza del Alimentador 4 y la reestructuraci\u00f3n del Alimentador 2, que comprendi\u00f3 tareas de poda, colocaci\u00f3n de columnas y renovaci\u00f3n de postes.<\/p>\n<p>Estas obras representan una mejora sustancial en el servicio, tanto para las familias como comercios e industrias de la zona.<i> \u201cDe esta forma acompa\u00f1amos el crecimiento de Los Cardales y Capilla del Se\u00f1or, trabajando en conjunto con los grandes usuarios de la zona, asegurando la calidad del servicio para la demanda actual y futura<\/i>\u201d, concluy\u00f3 Dami\u00e1n Garc\u00eda.<\/p>\n<p>Conoc\u00e9 todas las novedades de EDEN ingresando en <a href=\"https:\/\/www.edensa.com.ar\/comunidad\/\" target=\"_blank\" rel=\"nofollow noopener noreferrer\" shape=\"rect\"><b>https:\/\/www.edensa.com.ar\/comunidad\/<\/b><\/a><\/p>\n","protected":false},"excerpt":{"rendered":"<p>LA EMPRESA LAS EFECT\u00daA EN CAPILLA DEL SE\u00d1OR Y LOS CARDALES.<\/p>\n","protected":false},"author":3,"featured_media":3770,"comment_status":"open","ping_status":"open","sticky":false,"template":"","format":"standard","meta":{"footnotes":"","jetpack_publicize_message":"","jetpack_publicize_feature_enabled":true,"jetpack_social_post_already_shared":false,"jetpack_social_options":{"image_generator_settings":{"template":"highway","default_image_id":0,"font":"","enabled":false},"version":2}},"categories":[4],"tags":[37,344,528],"class_list":["post-3767","post","type-post","status-publish","format-standard","has-post-thumbnail","hentry","category-aqui-los-cardales","tag-destacada","tag-obras","tag-servicio-electrico"],"jetpack_publicize_connections":[],"jetpack_featured_media_url":"https:\/\/revistaepocadigital.com.ar\/wp-content\/uploads\/2019\/12\/eden-obr-19a.jpg","jetpack_likes_enabled":true,"_links":{"self":[{"href":"https:\/\/revistaepocadigital.com.ar\/index.php?rest_route=\/wp\/v2\/posts\/3767","targetHints":{"allow":["GET"]}}],"collection":[{"href":"https:\/\/revistaepocadigital.com.ar\/index.php?rest_route=\/wp\/v2\/posts"}],"about":[{"href":"https:\/\/revistaepocadigital.com.ar\/index.php?rest_route=\/wp\/v2\/types\/post"}],"author":[{"embeddable":true,"href":"https:\/\/revistaepocadigital.com.ar\/index.php?rest_route=\/wp\/v2\/users\/3"}],"replies":[{"embeddable":true,"href":"https:\/\/revistaepocadigital.com.ar\/index.php?rest_route=%2Fwp%2Fv2%2Fcomments&post=3767"}],"version-history":[{"count":0,"href":"https:\/\/revistaepocadigital.com.ar\/index.php?rest_route=\/wp\/v2\/posts\/3767\/revisions"}],"wp:featuredmedia":[{"embeddable":true,"href":"https:\/\/revistaepocadigital.com.ar\/index.php?rest_route=\/wp\/v2\/media\/3770"}],"wp:attachment":[{"href":"https:\/\/revistaepocadigital.com.ar\/index.php?rest_route=%2Fwp%2Fv2%2Fmedia&parent=3767"}],"wp:term":[{"taxonomy":"category","embeddable":true,"href":"https:\/\/revistaepocadigital.com.ar\/index.php?rest_route=%2Fwp%2Fv2%2Fcategories&post=3767"},{"taxonomy":"post_tag","embeddable":true,"href":"https:\/\/revistaepocadigital.com.ar\/index.php?rest_route=%2Fwp%2Fv2%2Ftags&post=3767"}],"curies":[{"name":"wp","href":"https:\/\/api.w.org\/{rel}","templated":true}]}}