{"id":3813,"date":"2019-12-09T18:09:19","date_gmt":"2019-12-09T21:09:19","guid":{"rendered":"https:\/\/revistaepocadigital.com.ar\/?p=3813"},"modified":"2019-12-09T18:10:27","modified_gmt":"2019-12-09T21:10:27","slug":"un-dia-muy-especial","status":"publish","type":"post","link":"https:\/\/revistaepocadigital.com.ar\/?p=3813","title":{"rendered":"&#8220;Un d\u00eda muy especial&#8221;"},"content":{"rendered":"<p><strong>EL EMOTIVO MENSAJE EN FACEBOOK DE MAR\u00cdA YAMILA JOSEF, LA ESPOSA DEL NUEVO INTENDENTE DIEGO NANNI.<\/strong><!--more--><\/p>\n<p>&nbsp;<\/p>\n<p><strong><em>&#8220;Hoy es un d\u00eda muy especial para toda la familia, pero sobretodo para VOS, hemos sido testigos de todo tu esfuerzo y dedicaci\u00f3n para alcanzar esta meta; siempre dando lo mejor y poniendo el coraz\u00f3n delante de todas las cosas&#8230;eso nunca puede salir mal. Nos llenas de orgullo y admiraci\u00f3n d\u00eda a d\u00eda, mil gracias por esta vida juntos!. Muchos \u00e9xitos en lo que vendr\u00e1. TE AMO&#8221;.<\/em><\/strong><\/p>\n<p>El posteo en su cuenta de la red social Facebook, de la esposa del nuevo intendente de Exaltaci\u00f3n de la Cruz,\u00a0 el d\u00eda que asumi\u00f3 el cargo.<\/p>\n","protected":false},"excerpt":{"rendered":"<p>EL EMOTIVO MENSAJE EN FACEBOOK DE MAR\u00cdA YAMILA JOSEF, LA ESPOSA DEL NUEVO INTENDENTE DIEGO NANNI.<\/p>\n","protected":false},"author":4,"featured_media":3815,"comment_status":"open","ping_status":"open","sticky":false,"template":"","format":"standard","meta":{"footnotes":"","jetpack_publicize_message":"","jetpack_publicize_feature_enabled":true,"jetpack_social_post_already_shared":false,"jetpack_social_options":{"image_generator_settings":{"template":"highway","default_image_id":0,"font":"","enabled":false},"version":2}},"categories":[17],"tags":[534,536,535],"class_list":["post-3813","post","type-post","status-publish","format-standard","has-post-thumbnail","hentry","category-politica","tag-asuncion","tag-esposa","tag-nanni-intendente"],"jetpack_publicize_connections":[],"jetpack_featured_media_url":"https:\/\/revistaepocadigital.com.ar\/wp-content\/uploads\/2019\/12\/josef-yami-19.jpg","jetpack_likes_enabled":true,"_links":{"self":[{"href":"https:\/\/revistaepocadigital.com.ar\/index.php?rest_route=\/wp\/v2\/posts\/3813","targetHints":{"allow":["GET"]}}],"collection":[{"href":"https:\/\/revistaepocadigital.com.ar\/index.php?rest_route=\/wp\/v2\/posts"}],"about":[{"href":"https:\/\/revistaepocadigital.com.ar\/index.php?rest_route=\/wp\/v2\/types\/post"}],"author":[{"embeddable":true,"href":"https:\/\/revistaepocadigital.com.ar\/index.php?rest_route=\/wp\/v2\/users\/4"}],"replies":[{"embeddable":true,"href":"https:\/\/revistaepocadigital.com.ar\/index.php?rest_route=%2Fwp%2Fv2%2Fcomments&post=3813"}],"version-history":[{"count":0,"href":"https:\/\/revistaepocadigital.com.ar\/index.php?rest_route=\/wp\/v2\/posts\/3813\/revisions"}],"wp:featuredmedia":[{"embeddable":true,"href":"https:\/\/revistaepocadigital.com.ar\/index.php?rest_route=\/wp\/v2\/media\/3815"}],"wp:attachment":[{"href":"https:\/\/revistaepocadigital.com.ar\/index.php?rest_route=%2Fwp%2Fv2%2Fmedia&parent=3813"}],"wp:term":[{"taxonomy":"category","embeddable":true,"href":"https:\/\/revistaepocadigital.com.ar\/index.php?rest_route=%2Fwp%2Fv2%2Fcategories&post=3813"},{"taxonomy":"post_tag","embeddable":true,"href":"https:\/\/revistaepocadigital.com.ar\/index.php?rest_route=%2Fwp%2Fv2%2Ftags&post=3813"}],"curies":[{"name":"wp","href":"https:\/\/api.w.org\/{rel}","templated":true}]}}