{"id":3828,"date":"2019-12-11T15:33:37","date_gmt":"2019-12-11T18:33:37","guid":{"rendered":"https:\/\/revistaepocadigital.com.ar\/?p=3828"},"modified":"2019-12-11T16:19:41","modified_gmt":"2019-12-11T19:19:41","slug":"cambiemos-mantiene-la-mayoria-en-el-consejo-escolar","status":"publish","type":"post","link":"https:\/\/revistaepocadigital.com.ar\/?p=3828","title":{"rendered":"Cambiemos mantiene la mayor\u00eda en el Consejo Escolar"},"content":{"rendered":"<div id=\"id_5df133e94a3f30961195600\" class=\"text_exposed_root text_exposed\"><strong>JURARON CONSEJEROS ESCOLARES.<!--more--><\/strong><br \/>\nAs\u00ed que compuesto para el per\u00edodo 2019-2023, el Consejo Escolar de Exaltaci\u00f3n de la Cruz:<br \/>\nPresidente: Patricio Diez<br \/>\nVice: Nelida Gonzalez<br \/>\nSecretaria: Bel\u00e9n Irigoyen<span class=\"text_exposed_show\"><br \/>\nTesorero: Juan Jos\u00e9 Esturo<br \/>\n1\u00b0 Vocal: Cesar Acosta<br \/>\n2\u00b0 Vocal: Magdalena Garatavidea<\/span><\/div>\n<div>En el acto estuvieron el intendente Diego Nanni, y la responsable del \u00e1rea educativa del municipio, Vanessa Russo, entre otros.<\/div>\n<p>&nbsp;<\/p>\n<p>&nbsp;<\/p>\n","protected":false},"excerpt":{"rendered":"<p>JURARON CONSEJEROS ESCOLARES.<\/p>\n","protected":false},"author":3,"featured_media":3830,"comment_status":"open","ping_status":"open","sticky":false,"template":"","format":"standard","meta":{"footnotes":"","jetpack_publicize_message":"","jetpack_publicize_feature_enabled":true,"jetpack_social_post_already_shared":false,"jetpack_social_options":{"image_generator_settings":{"template":"highway","default_image_id":0,"font":"","enabled":false},"version":2}},"categories":[17],"tags":[538],"class_list":["post-3828","post","type-post","status-publish","format-standard","has-post-thumbnail","hentry","category-politica","tag-consejeros-escolares-2019"],"jetpack_publicize_connections":[],"jetpack_featured_media_url":"https:\/\/revistaepocadigital.com.ar\/wp-content\/uploads\/2019\/12\/consej-escola-marche19.jpg","jetpack_likes_enabled":true,"_links":{"self":[{"href":"https:\/\/revistaepocadigital.com.ar\/index.php?rest_route=\/wp\/v2\/posts\/3828","targetHints":{"allow":["GET"]}}],"collection":[{"href":"https:\/\/revistaepocadigital.com.ar\/index.php?rest_route=\/wp\/v2\/posts"}],"about":[{"href":"https:\/\/revistaepocadigital.com.ar\/index.php?rest_route=\/wp\/v2\/types\/post"}],"author":[{"embeddable":true,"href":"https:\/\/revistaepocadigital.com.ar\/index.php?rest_route=\/wp\/v2\/users\/3"}],"replies":[{"embeddable":true,"href":"https:\/\/revistaepocadigital.com.ar\/index.php?rest_route=%2Fwp%2Fv2%2Fcomments&post=3828"}],"version-history":[{"count":0,"href":"https:\/\/revistaepocadigital.com.ar\/index.php?rest_route=\/wp\/v2\/posts\/3828\/revisions"}],"wp:featuredmedia":[{"embeddable":true,"href":"https:\/\/revistaepocadigital.com.ar\/index.php?rest_route=\/wp\/v2\/media\/3830"}],"wp:attachment":[{"href":"https:\/\/revistaepocadigital.com.ar\/index.php?rest_route=%2Fwp%2Fv2%2Fmedia&parent=3828"}],"wp:term":[{"taxonomy":"category","embeddable":true,"href":"https:\/\/revistaepocadigital.com.ar\/index.php?rest_route=%2Fwp%2Fv2%2Fcategories&post=3828"},{"taxonomy":"post_tag","embeddable":true,"href":"https:\/\/revistaepocadigital.com.ar\/index.php?rest_route=%2Fwp%2Fv2%2Ftags&post=3828"}],"curies":[{"name":"wp","href":"https:\/\/api.w.org\/{rel}","templated":true}]}}