{"id":3838,"date":"2019-12-14T18:33:14","date_gmt":"2019-12-14T21:33:14","guid":{"rendered":"https:\/\/revistaepocadigital.com.ar\/?p=3838"},"modified":"2019-12-14T18:33:14","modified_gmt":"2019-12-14T21:33:14","slug":"raul-sancho-cerramos-una-etapa-empieza-otra","status":"publish","type":"post","link":"https:\/\/revistaepocadigital.com.ar\/?p=3838","title":{"rendered":"RA\u00daL SANCHO: &#8220;CERRAMOS UNA ETAPA, EMPIEZA OTRA&#8221;"},"content":{"rendered":"<div class=\"_1dwg _1w_m _q7o\">\n<div>\n<div class=\"_3x-2\" data-ft=\"{&quot;tn&quot;:&quot;H&quot;}\">\n<div>\n<div class=\"_5r69 _sds _1hvl\">\n<div class=\"mts\">\n<div class=\"mtm _5pcm\">\n<div class=\"mtm _5pco\" data-testid=\"post_message\" data-ft=\"{&quot;tn&quot;:&quot;K&quot;}\">\n<div id=\"id_5df5521b498965013992671\" class=\"text_exposed_root text_exposed\">\n<p><strong>LAS SENSACIONES DEL EX TITULAR DEL HCD Y L\u00cdDER DE CAMBIEMOS EN EL DISTRITO.<!--more--><\/strong><\/p>\n<p><em>&#8220;Ha sido un gran honor presidir el cuerpo durante dos a\u00f1os. <strong>Recibim<\/strong><span class=\"text_exposed_show\"><strong>os un concejo cerrado, donde todo se cocinaba entre cuatro paredes y de espaldas a la sociedad.<\/strong> Lo abrimos a la gente, lo hicimos protagonista de la vida institucional de Exaltaci\u00f3n de la Cruz.<\/span><\/em><\/p>\n<div class=\"text_exposed_show\">\n<p><em><strong>Dej\u00f3 de ser una oficina utilizada como dep\u00f3sito, para volverse un \u00e1mbito donde cada vecino puede ir a presentar<\/strong> una queja, un reclamo, una idea. En 2017 cuando lleg\u00e1bamos se hab\u00edan presentado entre 15\/20 notas de vecinos, en 2018 ingresaron unas 150. Nos dijeron que est\u00e1bamos convirti\u00e9ndolo en un b\u00fanker por abrirlo a los vecinos.<\/em><\/p>\n<\/div>\n<\/div>\n<\/div>\n<figure id=\"attachment_3842\" aria-describedby=\"caption-attachment-3842\" style=\"width: 960px\" class=\"wp-caption alignleft\"><img loading=\"lazy\" decoding=\"async\" class=\"size-full wp-image-3842\" src=\"https:\/\/revistaepocadigital.com.ar\/wp-content\/uploads\/2019\/12\/sanch-fm-radio-los-cardales.jpg\" alt=\"\" width=\"960\" height=\"684\" srcset=\"https:\/\/revistaepocadigital.com.ar\/wp-content\/uploads\/2019\/12\/sanch-fm-radio-los-cardales.jpg 960w, https:\/\/revistaepocadigital.com.ar\/wp-content\/uploads\/2019\/12\/sanch-fm-radio-los-cardales-300x214.jpg 300w, https:\/\/revistaepocadigital.com.ar\/wp-content\/uploads\/2019\/12\/sanch-fm-radio-los-cardales-768x547.jpg 768w, https:\/\/revistaepocadigital.com.ar\/wp-content\/uploads\/2019\/12\/sanch-fm-radio-los-cardales-100x70.jpg 100w, https:\/\/revistaepocadigital.com.ar\/wp-content\/uploads\/2019\/12\/sanch-fm-radio-los-cardales-696x496.jpg 696w, https:\/\/revistaepocadigital.com.ar\/wp-content\/uploads\/2019\/12\/sanch-fm-radio-los-cardales-589x420.jpg 589w\" sizes=\"auto, (max-width: 960px) 100vw, 960px\" \/><figcaption id=\"caption-attachment-3842\" class=\"wp-caption-text\">Sancho hizo un balance critico hacia el municipio, y desde la banca ahora encabeza el bloque en el HCD (Foto gentileza radio FM Los Cardales 104.9)<\/figcaption><\/figure>\n<div class=\"mtm _5pco\" data-testid=\"post_message\" data-ft=\"{&quot;tn&quot;:&quot;K&quot;}\">\n<div id=\"id_5df5521b498965013992671\" class=\"text_exposed_root text_exposed\">\n<div class=\"text_exposed_show\">\n<p><em><strong>Dej\u00f3 de ser una Escribania<\/strong> para volverse un \u00e1mbito de debate. Empezaron a funcionar las <strong>comisiones,<\/strong> que no funcionaban hac\u00eda muchos a\u00f1os. Dejamos de derrochar papel para modernizarnos y entregamos un Concejo en el que en cada per\u00edodo sobr\u00f3 dinero, cuidando los recursos de los vecinos.<\/em><\/p>\n<p><em>Le agradezco personalmente al resto de los concejales en estos dos a\u00f1os, al concejal Pablo Modena y a la concejal Graciela Gallo que en 2017 dieron su voto para permitirme llegar a la presidencia pese a ser de partidos distintos; a Paula Faure que se hizo cargo de la Secretar\u00eda con mucha seriedad y compromiso, que nos ha dado siempre una opini\u00f3n desde la experiencia y a Hern\u00e1n Kunsch quien, con juventud y mucho compromiso asumi\u00f3 la tarea de todos los d\u00edas.<\/em><\/p>\n<p><em>A mis compa\u00f1eros de bloque, Ariel Herling y Claudio Gonz\u00e1lez con los que hemos atravesado las buenas y las malas. Siempre defendiendo el inter\u00e9s de nuestro pueblo. A los vecinos que nos han apoyado tanto.<\/em><\/p>\n<p><em>Me voy con la alegr\u00eda de saber que hemos dejado huella y que el <strong>recambio siempre hace bien,<\/strong> que nos hace recordar que estamos siempre de paso en la funci\u00f3n p\u00fablica y que LAS INSTITUCIONES SIEMPRE SIEMPRE EST\u00c1N POR ARRIBA DE LAS PERSONAS.<\/em><\/p>\n<p><em>Me quedan dos a\u00f1os m\u00e1s en el Concejo Deliberante, donde seguiremos <strong>haciendo nuestra tarea desde la oposici\u00f3n,<\/strong> pensando siempre en lo mejor para nuestro Pueblo&#8221;.<\/em><\/p>\n<p>&nbsp;<\/p>\n<\/div>\n<\/div>\n<\/div>\n<\/div>\n<\/div>\n<\/div>\n<\/div>\n<\/div>\n<\/div>\n<\/div>\n","protected":false},"excerpt":{"rendered":"<p>LAS SENSACIONES DEL EX TITULAR DEL HCD Y L\u00cdDER DE CAMBIEMOS EN EL DISTRITO.<\/p>\n","protected":false},"author":3,"featured_media":3840,"comment_status":"open","ping_status":"open","sticky":false,"template":"","format":"standard","meta":{"footnotes":"","jetpack_publicize_message":"","jetpack_publicize_feature_enabled":true,"jetpack_social_post_already_shared":false,"jetpack_social_options":{"image_generator_settings":{"template":"highway","default_image_id":0,"font":"","enabled":false},"version":2}},"categories":[17],"tags":[379,256],"class_list":["post-3838","post","type-post","status-publish","format-standard","has-post-thumbnail","hentry","category-politica","tag-hcd","tag-sancho"],"jetpack_publicize_connections":[],"jetpack_featured_media_url":"https:\/\/revistaepocadigital.com.ar\/wp-content\/uploads\/2019\/12\/sancho-faure-fb19.jpg","jetpack_likes_enabled":true,"_links":{"self":[{"href":"https:\/\/revistaepocadigital.com.ar\/index.php?rest_route=\/wp\/v2\/posts\/3838","targetHints":{"allow":["GET"]}}],"collection":[{"href":"https:\/\/revistaepocadigital.com.ar\/index.php?rest_route=\/wp\/v2\/posts"}],"about":[{"href":"https:\/\/revistaepocadigital.com.ar\/index.php?rest_route=\/wp\/v2\/types\/post"}],"author":[{"embeddable":true,"href":"https:\/\/revistaepocadigital.com.ar\/index.php?rest_route=\/wp\/v2\/users\/3"}],"replies":[{"embeddable":true,"href":"https:\/\/revistaepocadigital.com.ar\/index.php?rest_route=%2Fwp%2Fv2%2Fcomments&post=3838"}],"version-history":[{"count":0,"href":"https:\/\/revistaepocadigital.com.ar\/index.php?rest_route=\/wp\/v2\/posts\/3838\/revisions"}],"wp:featuredmedia":[{"embeddable":true,"href":"https:\/\/revistaepocadigital.com.ar\/index.php?rest_route=\/wp\/v2\/media\/3840"}],"wp:attachment":[{"href":"https:\/\/revistaepocadigital.com.ar\/index.php?rest_route=%2Fwp%2Fv2%2Fmedia&parent=3838"}],"wp:term":[{"taxonomy":"category","embeddable":true,"href":"https:\/\/revistaepocadigital.com.ar\/index.php?rest_route=%2Fwp%2Fv2%2Fcategories&post=3838"},{"taxonomy":"post_tag","embeddable":true,"href":"https:\/\/revistaepocadigital.com.ar\/index.php?rest_route=%2Fwp%2Fv2%2Ftags&post=3838"}],"curies":[{"name":"wp","href":"https:\/\/api.w.org\/{rel}","templated":true}]}}