{"id":3844,"date":"2019-12-14T18:55:13","date_gmt":"2019-12-14T21:55:13","guid":{"rendered":"https:\/\/revistaepocadigital.com.ar\/?p=3844"},"modified":"2019-12-14T18:55:13","modified_gmt":"2019-12-14T21:55:13","slug":"el-hospital-es-de-todos-sigamos-trabajando-por-el","status":"publish","type":"post","link":"https:\/\/revistaepocadigital.com.ar\/?p=3844","title":{"rendered":"&#8220;El Hospital es de todos, sigamos trabajando por el&#8221;"},"content":{"rendered":"<p><strong>LUEGO DE LA CENA ANUAL, EL AGRADECIMIENTO DE LA COOPERADORA.<\/strong><!--more--><\/p>\n<p>Que se realiza cada a\u00f1o a beneficio de la Asociaci\u00f3n Cooperadora del Hospital San Jos\u00e9, la comisi\u00f3n hizo p\u00fablico el agradecimiento a aquellos que colaboraron.<\/p>\n<p><em>&#8220;El 30 de noviembre se realiz\u00f3 la 6\u00aa Cena Anual, a beneficio de la Cooperador del Hospital Municipal San Jos\u00e9. En esta nueva oportunidad, la respuesta de nuestra comunidad fue destacable. Por estar siempre, vaya nuestro agradecimiento muy grande para todos los que de una u otra manera, fueron art\u00edfices\u00a0 del evento&#8221;.<\/em><\/p>\n<p><em>&#8220;Agradecemos a las autoridades municipales por su gesti\u00f3n, al Club Honor y Patria que cedi\u00f3 sus instalaciones; al personal m\u00e9dico, de enfermer\u00eda, de servicio, pertenecientes al hospital, que colabor\u00f3 activamente y felicitaciones al grupo de asadores&#8221;.<\/em><\/p>\n<p><em>&#8220;Del mismo modo, a las entidades de bien p\u00fablico; a la compa\u00f1\u00eda de electricidad EDEN, y a todas las empresas del distrito por las donaciones efectuadas; a los comercios locales y por la excelente conducci\u00f3n&#8221;.<\/em><\/p>\n<p><em>&#8220;Destacamos la hermosa ambientaci\u00f3n, realizada por Fabi\u00e1n Scovenna y su equipo de creativos y la actuaci\u00f3n de los grupos musicales. En suma, desde ya, gracias a todos los que tambi\u00e9n con su presencia y aporte, hicieran que el encuentro fuera posible. Unidos por el bien com\u00fan, podemos lograr mucho&#8221;.<\/em><\/p>\n<p><em>&#8220;El Hospital es de todos, sigamos trabajando por el&#8221;,<\/em> finalizaron remarcando desde la comisi\u00f3n de la Cooperadora.<\/p>\n","protected":false},"excerpt":{"rendered":"<p>LUEGO DE LA CENA ANUAL, EL AGRADECIMIENTO DE LA COOPERADORA.<\/p>\n","protected":false},"author":4,"featured_media":3849,"comment_status":"open","ping_status":"open","sticky":false,"template":"","format":"standard","meta":{"footnotes":"","jetpack_publicize_message":"","jetpack_publicize_feature_enabled":true,"jetpack_social_post_already_shared":false,"jetpack_social_options":{"image_generator_settings":{"template":"highway","default_image_id":0,"font":"","enabled":false},"version":2}},"categories":[13],"tags":[],"class_list":["post-3844","post","type-post","status-publish","format-standard","has-post-thumbnail","hentry","category-interes-general"],"jetpack_publicize_connections":[],"jetpack_featured_media_url":"https:\/\/revistaepocadigital.com.ar\/wp-content\/uploads\/2019\/12\/161222-26.jpg","jetpack_likes_enabled":true,"_links":{"self":[{"href":"https:\/\/revistaepocadigital.com.ar\/index.php?rest_route=\/wp\/v2\/posts\/3844","targetHints":{"allow":["GET"]}}],"collection":[{"href":"https:\/\/revistaepocadigital.com.ar\/index.php?rest_route=\/wp\/v2\/posts"}],"about":[{"href":"https:\/\/revistaepocadigital.com.ar\/index.php?rest_route=\/wp\/v2\/types\/post"}],"author":[{"embeddable":true,"href":"https:\/\/revistaepocadigital.com.ar\/index.php?rest_route=\/wp\/v2\/users\/4"}],"replies":[{"embeddable":true,"href":"https:\/\/revistaepocadigital.com.ar\/index.php?rest_route=%2Fwp%2Fv2%2Fcomments&post=3844"}],"version-history":[{"count":0,"href":"https:\/\/revistaepocadigital.com.ar\/index.php?rest_route=\/wp\/v2\/posts\/3844\/revisions"}],"wp:featuredmedia":[{"embeddable":true,"href":"https:\/\/revistaepocadigital.com.ar\/index.php?rest_route=\/wp\/v2\/media\/3849"}],"wp:attachment":[{"href":"https:\/\/revistaepocadigital.com.ar\/index.php?rest_route=%2Fwp%2Fv2%2Fmedia&parent=3844"}],"wp:term":[{"taxonomy":"category","embeddable":true,"href":"https:\/\/revistaepocadigital.com.ar\/index.php?rest_route=%2Fwp%2Fv2%2Fcategories&post=3844"},{"taxonomy":"post_tag","embeddable":true,"href":"https:\/\/revistaepocadigital.com.ar\/index.php?rest_route=%2Fwp%2Fv2%2Ftags&post=3844"}],"curies":[{"name":"wp","href":"https:\/\/api.w.org\/{rel}","templated":true}]}}