{"id":3851,"date":"2019-12-14T19:32:10","date_gmt":"2019-12-14T22:32:10","guid":{"rendered":"https:\/\/revistaepocadigital.com.ar\/?p=3851"},"modified":"2019-12-14T19:34:59","modified_gmt":"2019-12-14T22:34:59","slug":"charly-martinez-lleva-al-atletismo-en-el-alma","status":"publish","type":"post","link":"https:\/\/revistaepocadigital.com.ar\/?p=3851","title":{"rendered":"Charly Mart\u00ednez, lleva al atletismo en el alma"},"content":{"rendered":"<p><strong><img loading=\"lazy\" decoding=\"async\" class=\"alignleft size-full wp-image-3853\" src=\"https:\/\/revistaepocadigital.com.ar\/wp-content\/uploads\/2019\/12\/martine-char-19.jpg\" alt=\"\" width=\"640\" height=\"480\" srcset=\"https:\/\/revistaepocadigital.com.ar\/wp-content\/uploads\/2019\/12\/martine-char-19.jpg 640w, https:\/\/revistaepocadigital.com.ar\/wp-content\/uploads\/2019\/12\/martine-char-19-300x225.jpg 300w, https:\/\/revistaepocadigital.com.ar\/wp-content\/uploads\/2019\/12\/martine-char-19-80x60.jpg 80w, https:\/\/revistaepocadigital.com.ar\/wp-content\/uploads\/2019\/12\/martine-char-19-160x120.jpg 160w, https:\/\/revistaepocadigital.com.ar\/wp-content\/uploads\/2019\/12\/martine-char-19-265x198.jpg 265w, https:\/\/revistaepocadigital.com.ar\/wp-content\/uploads\/2019\/12\/martine-char-19-560x420.jpg 560w\" sizes=\"auto, (max-width: 640px) 100vw, 640px\" \/><\/strong><\/p>\n<p><strong> ESFORZADO ATLETA CAPILLENSE LOGR\u00d3 TRES MEDALLAS EN PER\u00da.<\/strong><!--more--><\/p>\n<p>Compiti\u00f3 en Lima, Per\u00fa, en el <strong>Campeonato Iberoamericano de Atletismo Master,<\/strong> en el que participaron como para graficar su importancia, atletas de 30 pa\u00edses, entre ellos la Argentina que estuvo representada por 115 deportistas; M\u00e9xico cont\u00f3 con 273, Brasil con 318, Espa\u00f1a 187 atletas, Portugal 191, EE.UU 103 representantes, Canad\u00e1 78; Per\u00fa el anfitri\u00f3n con 186, y tambi\u00e9n compitieron representantes de Colombia y Uruguay, entre otros pa\u00edses, totalizando nada menos que<strong> 3781<\/strong> participantes. Valdr\u00e1 la pena resaltar que Mart\u00ednez, se coste\u00f3 en forma personal los gastos del viaje y estad\u00eda en Lima.<\/p>\n<p>Entre ellos, compiti\u00f3 y lucho duro el capillense<strong> Juan Carlos &#8220;Charly&#8221; Mart\u00ednez;<\/strong> compiti\u00f3 en la prueba de 5000 metros llanos y se destac\u00f3 por cierto, alcanzando la medalla de bronce. Tambi\u00e9n lo hizo en 3000 metros con obst\u00e1culos, competencia en la que tambi\u00e9n se luci\u00f3 al obtener la medalla de plata. Y luego tom\u00f3 parte de la posta de 4&#215;400 en la que integr\u00f3 el representativo de la Argentina, que logr\u00f3 la medalla de plata, en tanto la de oro la obtuvo Canad\u00e1 y el bronce para Brasil.<\/p>\n<p><em>&#8220;La verdad volv\u00ed muy feliz por representar a nuestro pa\u00eds y a Exaltaci\u00f3n de la Cruz, las dos medallas que gan\u00e9 en lo individual, son para la Argentina y para Exaltaci\u00f3n de la Cruz&#8221;<\/em>, coment\u00f3 <strong>Mart\u00ednez<\/strong> a EPOCA.<\/p>\n","protected":false},"excerpt":{"rendered":"<p>ESFORZADO ATLETA CAPILLENSE LOGR\u00d3 TRES MEDALLAS EN PER\u00da.<\/p>\n","protected":false},"author":4,"featured_media":3853,"comment_status":"open","ping_status":"open","sticky":false,"template":"","format":"standard","meta":{"footnotes":"","jetpack_publicize_message":"","jetpack_publicize_feature_enabled":true,"jetpack_social_post_already_shared":false,"jetpack_social_options":{"image_generator_settings":{"template":"highway","default_image_id":0,"font":"","enabled":false},"version":2}},"categories":[9],"tags":[539,37,540],"class_list":["post-3851","post","type-post","status-publish","format-standard","has-post-thumbnail","hentry","category-deportes","tag-atletismo","tag-destacada","tag-martinez"],"jetpack_publicize_connections":[],"jetpack_featured_media_url":"https:\/\/revistaepocadigital.com.ar\/wp-content\/uploads\/2019\/12\/martine-char-19.jpg","jetpack_likes_enabled":true,"_links":{"self":[{"href":"https:\/\/revistaepocadigital.com.ar\/index.php?rest_route=\/wp\/v2\/posts\/3851","targetHints":{"allow":["GET"]}}],"collection":[{"href":"https:\/\/revistaepocadigital.com.ar\/index.php?rest_route=\/wp\/v2\/posts"}],"about":[{"href":"https:\/\/revistaepocadigital.com.ar\/index.php?rest_route=\/wp\/v2\/types\/post"}],"author":[{"embeddable":true,"href":"https:\/\/revistaepocadigital.com.ar\/index.php?rest_route=\/wp\/v2\/users\/4"}],"replies":[{"embeddable":true,"href":"https:\/\/revistaepocadigital.com.ar\/index.php?rest_route=%2Fwp%2Fv2%2Fcomments&post=3851"}],"version-history":[{"count":0,"href":"https:\/\/revistaepocadigital.com.ar\/index.php?rest_route=\/wp\/v2\/posts\/3851\/revisions"}],"wp:featuredmedia":[{"embeddable":true,"href":"https:\/\/revistaepocadigital.com.ar\/index.php?rest_route=\/wp\/v2\/media\/3853"}],"wp:attachment":[{"href":"https:\/\/revistaepocadigital.com.ar\/index.php?rest_route=%2Fwp%2Fv2%2Fmedia&parent=3851"}],"wp:term":[{"taxonomy":"category","embeddable":true,"href":"https:\/\/revistaepocadigital.com.ar\/index.php?rest_route=%2Fwp%2Fv2%2Fcategories&post=3851"},{"taxonomy":"post_tag","embeddable":true,"href":"https:\/\/revistaepocadigital.com.ar\/index.php?rest_route=%2Fwp%2Fv2%2Ftags&post=3851"}],"curies":[{"name":"wp","href":"https:\/\/api.w.org\/{rel}","templated":true}]}}