{"id":3862,"date":"2019-12-16T11:05:29","date_gmt":"2019-12-16T14:05:29","guid":{"rendered":"https:\/\/revistaepocadigital.com.ar\/?p=3862"},"modified":"2019-12-16T13:43:19","modified_gmt":"2019-12-16T16:43:19","slug":"valerio-diamante-campeon","status":"publish","type":"post","link":"https:\/\/revistaepocadigital.com.ar\/?p=3862","title":{"rendered":"Valerio Diamante, \u00a1campe\u00f3n!"},"content":{"rendered":"<p><strong>SE CONSAGR\u00d3 EN LA CLASE A DE PROCAR 4000.<!--more--><\/strong><\/p>\n<p>El tan ansiado logro, el de<strong> Capilla del Se\u00f1or, <\/strong>lo alcanz\u00f3 en la primera de las dos carreras que compusieron la fecha decisiva de la categor\u00eda, en el Aut\u00f3dromo Oscar y Juan G\u00e1lvez de Buenos Aires. Sum\u00f3 as\u00ed otro<strong> t\u00edtulo de campe\u00f3n<\/strong>, luego de los conseguidos en la<strong> Clase 1 de Turismo Pista en 2017, subcampe\u00f3n con la hist\u00f3rica &#8220;chupaleta&#8221; en TC Regional, campe\u00f3n con el mismo auto en TC Regional en 2018, y el mismo a\u00f1o campe\u00f3n de TC Regional Clase GTA.<\/strong><\/p>\n<p>La carrera fue ganada por Mauro Tramontana y Valerio Diamante se adjudic\u00f3 el t\u00edtulo tras lograr un gran segundo puesto.<\/p>\n<p>La d\u00e9cima fecha del a\u00f1o tendr\u00eda un solo entrenamiento en la ma\u00f1ana de un s\u00e1bado caluroso. El hist\u00f3rico trazado n\u00famero 12 del Aut\u00f3dromo de la Ciudad de Buenos Aires seria el escenario y Mauro Tramontana comenzar\u00eda a demostrar su buen andar qued\u00e1ndose con lo mejor. En segundo lugar aparecer\u00eda Gast\u00f3n Garmendia, quien peleaba el campeonato, con la Dodge de su propia estructura. Tercero quedar\u00eda ubicado Juan Manuel Rodr\u00edguez con la Chevy del DMC Team motorizada por Toto Pereiro.<\/p>\n<p>Los primeros puntos se pondr\u00edan en juego con la clasificaci\u00f3n donde el \u00faltimo ganador de la categor\u00eda, Juan Carlos \u201cEl Gur\u00fa\u201d Cicarelli, lograr\u00eda la pole con el Ford de su propia estructura. En segundo lugar aparecer\u00eda el subcampe\u00f3n 2018, Gast\u00f3n Garmendia, y tercero Mauro Tramontana.<\/p>\n<p>Una nueva final se pondr\u00eda en marcha por la tarde con Cicarelli y Garmendia largando desde la primera fila. \u201cEl Gur\u00fa\u201d sufri\u00f3 un despiste y qued\u00f3 relegado en el comienzo. El que aprovechaba era Mauro Tramontana que saltaba a la punta de la carrera. A una vuelta del final Gast\u00f3n Garmendia rompi\u00f3 el diferencial\u00a0 y abandon\u00f3, as\u00ed las chances de coronarse se esfumaron y <strong>el t\u00edtulo se lo asegur\u00f3 el de Capilla del Se\u00f1or, Valerio Diamante quien se ubicaba en segundo lugar.<\/strong><\/p>\n<p>Finalmente victoria para Mauro Tramontana quien consigui\u00f3 su segunda victoria en el a\u00f1o con el Ford del Rodrigues Competici\u00f3n. S<strong>egundo finaliz\u00f3 Valerio Diamante que se coron\u00f3 campe\u00f3n 2019 de la divisional con la Dodge del T\u00e1rtara Competici\u00f3n.<\/strong>\u00a0 Complet\u00f3 el podio, el debutante Carli Bava de gran resultado en la conducci\u00f3n del Ford atendido por el Jos\u00e9 C. Paz Racing.<\/p>\n<p><strong>Clasificaci\u00f3n &#8211; Clase &#8220;A&#8221;<\/strong><br \/>\n1\u00b0 101 CICCARELLI JUAN CARLOS 1:46.939<br \/>\n2\u00b0 2 GARMENDIA GASTON 1:47.119 0.180<br \/>\n3\u00b0 14 TRAMONTANA MAURO 1:47.205 0.266<br \/>\n4\u00b0 88 DIAMANTE VALERIO 1:47.369 0.430<br \/>\n5\u00b0 6 PASTORINO MATIAS 1:47.497 0.558<\/p>\n<p><strong>Final &#8211; Clase &#8220;A&#8221; &#8211; 10 Vtas.<\/strong><br \/>\n1\u00b0 14 TRAMONTANA MAURO 20:32.818<br \/>\n2\u00b0 88 DIAMANTE VALERIO 20:34.577 1.759<br \/>\n3\u00b0 114 CARLOS BABA 20:35.082 2.264<br \/>\n4\u00b0 61 GARGAGLIONE JORGE 20:35.688 2.870<br \/>\n5\u00b0 4 LARROQUE FEDERICO 20:36.342 3.524<\/p>\n<p>Estos resultados lo dejaron extraoficialmente como campe\u00f3n a Valerio Diamante con 398,5 puntos seguido por: 2\u00b0 Gast\u00f3n Garmendia 348,5; 3\u00b0 Juan Manuel Rodr\u00edguez 301,5; 4\u00b0 Diego Chao 289,5; 5\u00b0 Mauro Tramontana 270,5; 6\u00b0 Marcelo Mascaro 233; 7\u00b0 Mat\u00edas Pastorino 205,5; 8\u00b0 Federico Larroque 202,5; 9\u00b0 Lucas Larroque 145,5; 10\u00b0 Juan Carlos Cicarelli\u00a0 134.<\/p>\n<p><img loading=\"lazy\" decoding=\"async\" src=\"https:\/\/ecp.yusercontent.com\/mail?url=http%3A%2F%2Fwww.procar4000.com.ar%2Fprocar_4000%2Fmedia%2Fcom_acymailing%2Fupload%2Ftemporada2019%2Fdiciembre2019%2Fpodioclasea.jpg&amp;t=1576419655&amp;ymreqid=a1e28384-e738-286e-1c90-2b0001017500&amp;sig=xgx8JRyItGwjN0UpoV.DrA--~C\" alt=\"\" width=\"800\" height=\"600\" \/><br \/>\nEl podio de la 10\u00b0 fecha de la Clase A: 1\u00b0 Tramontana, 2\u00b0 Diamante y 3\u00b0 Bava.<\/p>\n<p><img loading=\"lazy\" decoding=\"async\" src=\"https:\/\/ecp.yusercontent.com\/mail?url=http%3A%2F%2Fwww.procar4000.com.ar%2Fprocar_4000%2Fmedia%2Fcom_acymailing%2Fupload%2Ftemporada2019%2Fdiciembre2019%2Fdiamantecampeon.jpg&amp;t=1576419655&amp;ymreqid=a1e28384-e738-286e-1c90-2b0001017500&amp;sig=oo0Bzc.lnAseb.FwL1ZvYQ--~C\" alt=\"\" width=\"800\" height=\"694\" \/><br \/>\nValerio Diamante festeja con su familia la obtenci\u00f3n del campeonato en la Clase A.<\/p>\n<p>&nbsp;<\/p>\n<p>Y en la restante carrera que cerr\u00f3 la temporada, con <strong>Valerio Diamante ya consagrado campe\u00f3n<\/strong>, se impuso Gast\u00f3n Garmendia (Dodge) y result\u00f3 subcampe\u00f3n, segundo Mauro Tramontana (Ford) y el capillense campe\u00f3n arrib\u00f3 tercero, luego de marcar tambi\u00e9n el tercer tiempo clasificatorio con el Dodge del T\u00e1rtara Competici\u00f3n.<\/p>\n<p><strong>Clasificaci\u00f3n &#8211; Clase &#8220;A&#8221;<\/strong><br \/>\n1\u00b0 2 GARMENDIA GASTON 1:57.959<br \/>\n2\u00b0 88 DIAMANTE VALERIO 1:58.203 0.244<br \/>\n3\u00b0 14 TRAMONTANA MAURO 1:58.473 0.514<br \/>\n4\u00b0 28 RODRIGUEZ JUAN MANUEL 1:59.342 1.383<br \/>\n5\u00b0 61 GARGAGLIONE JORGE 2:00.120 2.161<\/p>\n<p><strong>Final &#8211; Clase &#8220;A&#8221; &#8211; 10 Vtas.<\/strong><br \/>\n1\u00b0 2 GARMENDIA GASTON 17:50.460<br \/>\n2\u00b0 14 TRAMONTANA MAURO 17:55.440 4.980<br \/>\n3\u00b0 88 DIAMANTE VALERIO 17:56.589 6.129<br \/>\n4\u00b0 6 PASTORINO MATIAS 18:07.927 17.467<br \/>\n5\u00b0 114 CARLOS BAVA 18:09.842 19.382<\/p>\n<p>Estos resultados lo dejaron extraoficialmente como campe\u00f3n 2019 de la categor\u00eda a Valerio Diamante con 430,5 puntos. En los diez primeros lugares quedaron: 2\u00b0 Gast\u00f3n Garmendia 391,5; 3\u00b0 Mauro Tramontana 306,5; 4\u00b0 Juan Manuel Rodr\u00edguez 301,5; 5\u00b0 Diego Chao 289,5; 6\u00b0 Marcelo Mascaro 233; 7\u00b0 Mat\u00edas Pastorino 230,5; 8\u00b0 Federico Larroque 202,5; 9\u00b0 Lucas Larroque 145,5; 10\u00b0 Juan Carlos Cicarelli 134.<\/p>\n<p>La categor\u00eda comenzar\u00e1 su a\u00f1o deportivo el pr\u00f3ximo 29 de febrero y 1 de 1arzo en el trazado n\u00famero 7 del Aut\u00f3dromo Oscar y Juan G\u00e1lvez de Buenos Aires.<\/p>\n<p><img loading=\"lazy\" decoding=\"async\" src=\"https:\/\/ecp.yusercontent.com\/mail?url=http%3A%2F%2Fwww.procar4000.com.ar%2Fprocar_4000%2Fmedia%2Fcom_acymailing%2Fupload%2Ftemporada2019%2Fdiciembre2019%2Fpodioclaseafinal2.jpg&amp;t=1576504139&amp;ymreqid=a1e28384-e738-286e-1cb6-f80003017400&amp;sig=xjlJDs8jlEh3vj2_Lvywzg--~C\" alt=\"\" width=\"800\" height=\"600\" \/> El podio de la \u00faltima prueba de la Clase A: 1\u00b0 Garmendia, 2\u00b0 Tramontana y 3\u00b0 Diamante.<\/p>\n<p>Fuente y fotos: Prensa Procar 4000<\/p>\n","protected":false},"excerpt":{"rendered":"<p>SE CONSAGR\u00d3 EN LA CLASE A DE PROCAR 4000.<\/p>\n","protected":false},"author":4,"featured_media":3864,"comment_status":"open","ping_status":"open","sticky":false,"template":"","format":"standard","meta":{"footnotes":"","jetpack_publicize_message":"","jetpack_publicize_feature_enabled":true,"jetpack_social_post_already_shared":false,"jetpack_social_options":{"image_generator_settings":{"template":"highway","default_image_id":0,"font":"","enabled":false},"version":2}},"categories":[13],"tags":[541,542],"class_list":["post-3862","post","type-post","status-publish","format-standard","has-post-thumbnail","hentry","category-interes-general","tag-diamante-campeon","tag-procar-4000"],"jetpack_publicize_connections":[],"jetpack_featured_media_url":"https:\/\/revistaepocadigital.com.ar\/wp-content\/uploads\/2019\/12\/mail.jpg","jetpack_likes_enabled":true,"_links":{"self":[{"href":"https:\/\/revistaepocadigital.com.ar\/index.php?rest_route=\/wp\/v2\/posts\/3862","targetHints":{"allow":["GET"]}}],"collection":[{"href":"https:\/\/revistaepocadigital.com.ar\/index.php?rest_route=\/wp\/v2\/posts"}],"about":[{"href":"https:\/\/revistaepocadigital.com.ar\/index.php?rest_route=\/wp\/v2\/types\/post"}],"author":[{"embeddable":true,"href":"https:\/\/revistaepocadigital.com.ar\/index.php?rest_route=\/wp\/v2\/users\/4"}],"replies":[{"embeddable":true,"href":"https:\/\/revistaepocadigital.com.ar\/index.php?rest_route=%2Fwp%2Fv2%2Fcomments&post=3862"}],"version-history":[{"count":0,"href":"https:\/\/revistaepocadigital.com.ar\/index.php?rest_route=\/wp\/v2\/posts\/3862\/revisions"}],"wp:featuredmedia":[{"embeddable":true,"href":"https:\/\/revistaepocadigital.com.ar\/index.php?rest_route=\/wp\/v2\/media\/3864"}],"wp:attachment":[{"href":"https:\/\/revistaepocadigital.com.ar\/index.php?rest_route=%2Fwp%2Fv2%2Fmedia&parent=3862"}],"wp:term":[{"taxonomy":"category","embeddable":true,"href":"https:\/\/revistaepocadigital.com.ar\/index.php?rest_route=%2Fwp%2Fv2%2Fcategories&post=3862"},{"taxonomy":"post_tag","embeddable":true,"href":"https:\/\/revistaepocadigital.com.ar\/index.php?rest_route=%2Fwp%2Fv2%2Ftags&post=3862"}],"curies":[{"name":"wp","href":"https:\/\/api.w.org\/{rel}","templated":true}]}}