{"id":3886,"date":"2019-12-20T10:47:09","date_gmt":"2019-12-20T13:47:09","guid":{"rendered":"https:\/\/revistaepocadigital.com.ar\/?p=3886"},"modified":"2019-12-20T10:48:28","modified_gmt":"2019-12-20T13:48:28","slug":"cardales-vivio-a-pleno-su-festejo","status":"publish","type":"post","link":"https:\/\/revistaepocadigital.com.ar\/?p=3886","title":{"rendered":"CARDALES VIVIO A PLENO SU FESTEJO"},"content":{"rendered":"<p><strong>LA FIESTA ANIVERSARIO POR EL 117\u00b0 DE LOS CARDALES.<\/strong><!--more--><\/p>\n<p>El domingo 15 de diciembre se realiz\u00f3 el 117\u00b0 aniversario de Los Cardales, que comenz\u00f3 bien temprano con la recepci\u00f3n de autoridades en el Centro Cultural cardalense.<\/p>\n<figure id=\"attachment_3893\" aria-describedby=\"caption-attachment-3893\" style=\"width: 854px\" class=\"wp-caption aligncenter\"><img loading=\"lazy\" decoding=\"async\" class=\"size-full wp-image-3893\" src=\"https:\/\/revistaepocadigital.com.ar\/wp-content\/uploads\/2019\/12\/NANNI-CAR19A.jpg\" alt=\"\" width=\"854\" height=\"570\" srcset=\"https:\/\/revistaepocadigital.com.ar\/wp-content\/uploads\/2019\/12\/NANNI-CAR19A.jpg 854w, https:\/\/revistaepocadigital.com.ar\/wp-content\/uploads\/2019\/12\/NANNI-CAR19A-300x200.jpg 300w, https:\/\/revistaepocadigital.com.ar\/wp-content\/uploads\/2019\/12\/NANNI-CAR19A-768x513.jpg 768w, https:\/\/revistaepocadigital.com.ar\/wp-content\/uploads\/2019\/12\/NANNI-CAR19A-696x465.jpg 696w, https:\/\/revistaepocadigital.com.ar\/wp-content\/uploads\/2019\/12\/NANNI-CAR19A-629x420.jpg 629w\" sizes=\"auto, (max-width: 854px) 100vw, 854px\" \/><figcaption id=\"caption-attachment-3893\" class=\"wp-caption-text\">Primera foto en un acto oficial de Nanni junto a colaboradores<\/figcaption><\/figure>\n<p>Luego del izamiento de la bandera y la misa en acci\u00f3n de gracias, se trasladaron las autoridades al palco oficial, en el que fue primer acto oficial de Diego Nanni como nuevo intendente.\u00a0 Al hablar, Nanni alent\u00f3 a &#8220;seguir trabajando todos unidos para hacer crecer a Exaltaci\u00f3n de la Cruz&#8221; y reconoci\u00f3 &#8220;la fuerza y el progreso de Los Cardales, el pueblo que lo vio crecer&#8221;.<\/p>\n<p>Luego se entregaron distinciones resueltas por el Concejo Deliberante, y tuvo lugar el tradicional desfile con la presencia de distintos representantes de la comunidad, el toque de color lo pusieron loscentros tradicionalistas.<\/p>\n<p>Durante la tarde se acercaron miles de personas que disfrutaron del paseo de artesanos, gastron\u00f3mico y de las variadas actividades en el escenario que incluy\u00f3 a bandas locales y las muestras del trabajo de los talleres culturales e instituciones.<\/p>\n<figure id=\"attachment_3896\" aria-describedby=\"caption-attachment-3896\" style=\"width: 696px\" class=\"wp-caption aligncenter\"><img loading=\"lazy\" decoding=\"async\" class=\"size-large wp-image-3896\" src=\"https:\/\/revistaepocadigital.com.ar\/wp-content\/uploads\/2019\/12\/nanni-patinadoras-19-1024x768.jpg\" alt=\"\" width=\"696\" height=\"522\" srcset=\"https:\/\/revistaepocadigital.com.ar\/wp-content\/uploads\/2019\/12\/nanni-patinadoras-19-1024x768.jpg 1024w, https:\/\/revistaepocadigital.com.ar\/wp-content\/uploads\/2019\/12\/nanni-patinadoras-19-300x225.jpg 300w, https:\/\/revistaepocadigital.com.ar\/wp-content\/uploads\/2019\/12\/nanni-patinadoras-19-768x576.jpg 768w, https:\/\/revistaepocadigital.com.ar\/wp-content\/uploads\/2019\/12\/nanni-patinadoras-19-80x60.jpg 80w, https:\/\/revistaepocadigital.com.ar\/wp-content\/uploads\/2019\/12\/nanni-patinadoras-19-160x120.jpg 160w, https:\/\/revistaepocadigital.com.ar\/wp-content\/uploads\/2019\/12\/nanni-patinadoras-19-265x198.jpg 265w, https:\/\/revistaepocadigital.com.ar\/wp-content\/uploads\/2019\/12\/nanni-patinadoras-19-696x522.jpg 696w, https:\/\/revistaepocadigital.com.ar\/wp-content\/uploads\/2019\/12\/nanni-patinadoras-19-1068x801.jpg 1068w, https:\/\/revistaepocadigital.com.ar\/wp-content\/uploads\/2019\/12\/nanni-patinadoras-19-560x420.jpg 560w, https:\/\/revistaepocadigital.com.ar\/wp-content\/uploads\/2019\/12\/nanni-patinadoras-19-1120x840.jpg 1120w, https:\/\/revistaepocadigital.com.ar\/wp-content\/uploads\/2019\/12\/nanni-patinadoras-19.jpg 1280w\" sizes=\"auto, (max-width: 696px) 100vw, 696px\" \/><figcaption id=\"caption-attachment-3896\" class=\"wp-caption-text\">Entre los reconocimientos a deportistas exaltacruce\u00f1os, estuvieron las tan juveniles chicas que lucieron en patin; ac\u00e1 junto al intendente\u00a0 Nanni quien se interes\u00f3 por la labor realizada.<\/figcaption><\/figure>\n<p>Antes del cierre, Diego hizo entrega de menciones especiales a vecinos e instituciones locales. El \u00faltimo show estuvo a cargo de la banda Invitada &#8220;La Delio Valdez&#8221;, que hizo bailar y disfrutar a todo Cardales. Por \u00faltimo se realiz\u00f3 un show de luces l\u00e1ser, fue el punto final para el cumplea\u00f1os n\u00famero 117.<\/p>\n<p>&nbsp;<\/p>\n","protected":false},"excerpt":{"rendered":"<p>LA FIESTA ANIVERSARIO POR EL 117\u00b0 DE LOS CARDALES.<\/p>\n","protected":false},"author":3,"featured_media":3891,"comment_status":"open","ping_status":"open","sticky":false,"template":"","format":"standard","meta":{"footnotes":"","jetpack_publicize_message":"","jetpack_publicize_feature_enabled":true,"jetpack_social_post_already_shared":false,"jetpack_social_options":{"image_generator_settings":{"template":"highway","default_image_id":0,"font":"","enabled":false},"version":2}},"categories":[4,16],"tags":[37,544],"class_list":["post-3886","post","type-post","status-publish","format-standard","has-post-thumbnail","hentry","category-aqui-los-cardales","category-municipales","tag-destacada","tag-festejo-los-cardales"],"jetpack_publicize_connections":[],"jetpack_featured_media_url":"https:\/\/revistaepocadigital.com.ar\/wp-content\/uploads\/2019\/12\/NANNI-CAR-DESF.jpg","jetpack_likes_enabled":true,"_links":{"self":[{"href":"https:\/\/revistaepocadigital.com.ar\/index.php?rest_route=\/wp\/v2\/posts\/3886","targetHints":{"allow":["GET"]}}],"collection":[{"href":"https:\/\/revistaepocadigital.com.ar\/index.php?rest_route=\/wp\/v2\/posts"}],"about":[{"href":"https:\/\/revistaepocadigital.com.ar\/index.php?rest_route=\/wp\/v2\/types\/post"}],"author":[{"embeddable":true,"href":"https:\/\/revistaepocadigital.com.ar\/index.php?rest_route=\/wp\/v2\/users\/3"}],"replies":[{"embeddable":true,"href":"https:\/\/revistaepocadigital.com.ar\/index.php?rest_route=%2Fwp%2Fv2%2Fcomments&post=3886"}],"version-history":[{"count":0,"href":"https:\/\/revistaepocadigital.com.ar\/index.php?rest_route=\/wp\/v2\/posts\/3886\/revisions"}],"wp:featuredmedia":[{"embeddable":true,"href":"https:\/\/revistaepocadigital.com.ar\/index.php?rest_route=\/wp\/v2\/media\/3891"}],"wp:attachment":[{"href":"https:\/\/revistaepocadigital.com.ar\/index.php?rest_route=%2Fwp%2Fv2%2Fmedia&parent=3886"}],"wp:term":[{"taxonomy":"category","embeddable":true,"href":"https:\/\/revistaepocadigital.com.ar\/index.php?rest_route=%2Fwp%2Fv2%2Fcategories&post=3886"},{"taxonomy":"post_tag","embeddable":true,"href":"https:\/\/revistaepocadigital.com.ar\/index.php?rest_route=%2Fwp%2Fv2%2Ftags&post=3886"}],"curies":[{"name":"wp","href":"https:\/\/api.w.org\/{rel}","templated":true}]}}