{"id":3899,"date":"2019-12-23T08:53:14","date_gmt":"2019-12-23T11:53:14","guid":{"rendered":"https:\/\/revistaepocadigital.com.ar\/?p=3899"},"modified":"2019-12-23T08:53:14","modified_gmt":"2019-12-23T11:53:14","slug":"milo-jano-tienen-donante","status":"publish","type":"post","link":"https:\/\/revistaepocadigital.com.ar\/?p=3899","title":{"rendered":"MILO &#038; JANO TIENEN DONANTE!!!"},"content":{"rendered":"<div class=\"clearfix fbPhotoSnowliftAuthorInfo _xlu\">\n<div class=\"clearfix _8u _42ef\">\n<div class=\"_6a\">\n<div class=\"_6a _6b\">\n<div class=\"mrs fsm fwn fcg\"><strong>DONAR M\u00c9DULA ES DAR VIDA.<\/strong><!--more--><\/div>\n<div><\/div>\n<div id=\"fbPhotoSnowliftAudienceSelector\">\n<div class=\"mbs fbPhotosAudienceContainerNotEditable\">El tan conmovedor caso de los mellizos de Capilla del Se\u00f1or, se difundi\u00f3 en la<span id=\"fbPhotoSnowliftCaption\" class=\"fbPhotosPhotoCaption\" tabindex=\"0\" aria-live=\"polite\" data-ft=\"{&quot;tn&quot;:&quot;K&quot;}\"><span class=\"hasCaption\"> Argentina; los gemelos precisaban un vital transpalante, y esa enorme posibilidad se convirti\u00f3 hace unos d\u00edas en unamaravillosa noticia.<\/span><\/span><\/div>\n<div><\/div>\n<div class=\"mbs fbPhotosAudienceContainerNotEditable\"><span id=\"fbPhotoSnowliftCaption\" class=\"fbPhotosPhotoCaption\" tabindex=\"0\" aria-live=\"polite\" data-ft=\"{&quot;tn&quot;:&quot;K&quot;}\"><span class=\"hasCaption\">Apareci\u00f3 una donante compatible que les dar\u00e1 vida en vida para poder curarse. Ser\u00e1 el primer trasplante de m\u00e9dula osea que se realizar\u00e1 a gemelos en forma simult\u00e1nea en el Hospital Garrahan de Buenos Aires.<\/span><\/span><\/div>\n<div><\/div>\n<p>A seguir haciendo el aguante a los chiquitos y a sus padres y familia!<\/p>\n<\/div>\n<\/div>\n<\/div>\n<\/div>\n<\/div>\n","protected":false},"excerpt":{"rendered":"<p>DONAR M\u00c9DULA ES DAR VIDA.<\/p>\n","protected":false},"author":3,"featured_media":3900,"comment_status":"open","ping_status":"open","sticky":false,"template":"","format":"standard","meta":{"footnotes":"","jetpack_publicize_message":"","jetpack_publicize_feature_enabled":true,"jetpack_social_post_already_shared":false,"jetpack_social_options":{"image_generator_settings":{"template":"highway","default_image_id":0,"font":"","enabled":false},"version":2}},"categories":[13],"tags":[],"class_list":["post-3899","post","type-post","status-publish","format-standard","has-post-thumbnail","hentry","category-interes-general"],"jetpack_publicize_connections":[],"jetpack_featured_media_url":"https:\/\/revistaepocadigital.com.ar\/wp-content\/uploads\/2019\/12\/melli.jpg","jetpack_likes_enabled":true,"_links":{"self":[{"href":"https:\/\/revistaepocadigital.com.ar\/index.php?rest_route=\/wp\/v2\/posts\/3899","targetHints":{"allow":["GET"]}}],"collection":[{"href":"https:\/\/revistaepocadigital.com.ar\/index.php?rest_route=\/wp\/v2\/posts"}],"about":[{"href":"https:\/\/revistaepocadigital.com.ar\/index.php?rest_route=\/wp\/v2\/types\/post"}],"author":[{"embeddable":true,"href":"https:\/\/revistaepocadigital.com.ar\/index.php?rest_route=\/wp\/v2\/users\/3"}],"replies":[{"embeddable":true,"href":"https:\/\/revistaepocadigital.com.ar\/index.php?rest_route=%2Fwp%2Fv2%2Fcomments&post=3899"}],"version-history":[{"count":0,"href":"https:\/\/revistaepocadigital.com.ar\/index.php?rest_route=\/wp\/v2\/posts\/3899\/revisions"}],"wp:featuredmedia":[{"embeddable":true,"href":"https:\/\/revistaepocadigital.com.ar\/index.php?rest_route=\/wp\/v2\/media\/3900"}],"wp:attachment":[{"href":"https:\/\/revistaepocadigital.com.ar\/index.php?rest_route=%2Fwp%2Fv2%2Fmedia&parent=3899"}],"wp:term":[{"taxonomy":"category","embeddable":true,"href":"https:\/\/revistaepocadigital.com.ar\/index.php?rest_route=%2Fwp%2Fv2%2Fcategories&post=3899"},{"taxonomy":"post_tag","embeddable":true,"href":"https:\/\/revistaepocadigital.com.ar\/index.php?rest_route=%2Fwp%2Fv2%2Ftags&post=3899"}],"curies":[{"name":"wp","href":"https:\/\/api.w.org\/{rel}","templated":true}]}}