{"id":3909,"date":"2019-12-26T15:34:51","date_gmt":"2019-12-26T18:34:51","guid":{"rendered":"https:\/\/revistaepocadigital.com.ar\/?p=3909"},"modified":"2019-12-26T15:35:40","modified_gmt":"2019-12-26T18:35:40","slug":"anses-reduce-tasa-de-interes-de-creditos","status":"publish","type":"post","link":"https:\/\/revistaepocadigital.com.ar\/?p=3909","title":{"rendered":"ANSES REDUCE TASA DE INTER\u00c9S DE CR\u00c9DITOS"},"content":{"rendered":"<table class=\"yiv7421373724MsoNormalTable\" border=\"0\" width=\"0\" cellspacing=\"0\" cellpadding=\"0\">\n<tbody>\n<tr>\n<td>\n<table class=\"yiv7421373724MsoNormalTable\" border=\"0\" width=\"100%\" cellspacing=\"0\" cellpadding=\"0\">\n<tbody>\n<tr>\n<td>\n<p class=\"yiv7421373724MsoNormal\" align=\"center\"><b>SE REFIERE A LAS TASAS DE LOS CR\u00c9DITOS A JUBILADOS, PENSIONADOS Y ASIGNACI\u00d3N UNIVERSAL POR HIJO.<\/b><\/p>\n<\/td>\n<\/tr>\n<tr>\n<td><\/td>\n<\/tr>\n<tr>\n<td>\n<p class=\"yiv7421373724MsoNormal\">La ANSES resolvi\u00f3 reducir la tasa de inter\u00e9s de los cr\u00e9ditos del organismo ya otorgados a jubilados, pensionados, beneficiarios de la Asignaci\u00f3n Universal por Hijo (AUH) y del Sistema \u00danico de Asignaciones Familiares (SUAF).<\/p>\n<p class=\"yiv7421373724MsoNormal\">La medida se adopt\u00f3 en el marco de la crisis social y econ\u00f3mica por la que atraviesa el pa\u00eds y ante el hecho de que muchos jubilados, pensionados y beneficiarios de AUH y SUAF se han endeudado fuertemente.<\/p>\n<p class=\"yiv7421373724MsoNormal\">Asimismo, ANSES brindar\u00e1 un per\u00edodo de gracia suspendiendo el pago de las cuotas de los pr\u00e9stamos vigentes por un lapso de 3 meses.<\/p>\n<p><img loading=\"lazy\" decoding=\"async\" class=\"aligncenter size-full wp-image-3912\" src=\"https:\/\/revistaepocadigital.com.ar\/wp-content\/uploads\/2019\/12\/thumbnail-1.jpg\" alt=\"\" width=\"420\" height=\"235\" srcset=\"https:\/\/revistaepocadigital.com.ar\/wp-content\/uploads\/2019\/12\/thumbnail-1.jpg 420w, https:\/\/revistaepocadigital.com.ar\/wp-content\/uploads\/2019\/12\/thumbnail-1-300x168.jpg 300w\" sizes=\"auto, (max-width: 420px) 100vw, 420px\" \/>Los jubilados que tomaron cr\u00e9ditos de la ANSES ver\u00e1n reducida la tasa de inter\u00e9s nominal anual m\u00e1xima del 42% al 31,5%, en tanto que los beneficiarios de AUH y SUAF tendr\u00e1n una reducci\u00f3n de la tasa nominal anual m\u00e1xima del 48% al 36%.<\/p>\n<p class=\"yiv7421373724MsoNormal\">Estas modificaciones tendientes a aliviar la situaci\u00f3n de los jubilados y beneficiarios endeudados tendr\u00e1n un impacto positivo en los haberes de hasta 12% para AUH y SUAF y hasta 8% para los jubilados.<\/p>\n<p class=\"yiv7421373724MsoNormal\">Las cuotas mensuales bajar\u00e1n en caso de las AUH y SUAF entre 11% y 36% y en el caso de los jubilados entre un 21% y un 40%.<\/p>\n<p class=\"yiv7421373724MsoNormal\">Por ejemplo, en el caso de un pr\u00e9stamo de 16.500 pesos para AUH cuya cuota original era de 823 pesos, pasar\u00e1 ahora a ser de 649 pesos, es decir un 21% menos.<\/p>\n<p class=\"yiv7421373724MsoNormal\">En el caso de un pr\u00e9stamo de 50.000 pesos a jubilados cuya cuota original era de 3100 pesos, con esta reducci\u00f3n ser\u00e1 de 1990 pesos, un 36% menos. Dado que el haber m\u00ednimo es de 14.068 pesos, el impacto de la medida sobre el haber ser\u00e1 del 8%.<\/p>\n<p class=\"yiv7421373724MsoNormal\">El total de beneficiarios de AUH con cr\u00e9ditos ANSES es 1.900.000. El saldo promedio de la deuda per c\u00e1pita es de 15.600 pesos y la cuota promedio que se les descuenta del haber es 815 pesos.<\/p>\n<p class=\"yiv7421373724MsoNormal\">El total de beneficiarios de SUAF con cr\u00e9ditos ANSES es 830.000. El saldo promedio de la deuda per c\u00e1pita es de 14.300 pesos y la cuota promedio que se les descuenta del haber es 715 pesos.<\/p>\n<p class=\"yiv7421373724MsoNormal\">Por su parte, los jubilados con cr\u00e9ditos ANSES son 1.765.000. El saldo promedio de la deuda per c\u00e1pita de los jubilados que ganan la m\u00ednima es de 58.000 pesos y la cuota promedio es 1700 pesos.<\/p>\n<p class=\"yiv7421373724MsoNormal\">El objetivo de la medida resulta atender la situaci\u00f3n de vulnerabilidad actual, recomponiendo los ingresos de los sectores m\u00e1s fr\u00e1giles, generando un alivio que permita aumentar la capacidad de consumo y el desendeudamiento de las familias.<\/p>\n<p class=\"yiv7421373724MsoNormal\" align=\"center\"><a href=\"http:\/\/noticias.anses.gob.ar\/Vista\/thumb.php?ancho=auto&amp;img=\/img\/gacetillas\/cuadro-unido-jubilados-y-auh-643x361.png\" target=\"_blank\" rel=\"nofollow noopener noreferrer\"><img loading=\"lazy\" decoding=\"async\" id=\"yiv7421373724Imagen_x0020_6\" src=\"https:\/\/apis.mail.yahoo.com\/ws\/v3\/mailboxes\/@.id==VjN-xF3I97EHoROgkj6VNCdRQqeA2JymVf7t_dNnS0aDi3s78AREAsRDD7nmdHgvOMaxQGPOCLL4yv1gdpoOBPLlCw\/messages\/@.id==AAD3M_Uspd9RXgDrdANrAPGfoQQ\/content\/parts\/@.id==4\/thumbnail?appId=YMailNorrin&amp;downloadWhenThumbnailFails=true&amp;pid=4\" alt=\"LA ANSES REDUCE LA TASA DE INTER\u00c9S DE LOS CR\u00c9DITOS A JUBILADOS, PENSIONADOS Y AUH\" width=\"420\" height=\"235\" border=\"0\" \/><\/a><\/p>\n<\/td>\n<\/tr>\n<tr>\n<td>\n<p class=\"yiv7421373724MsoNormal\" align=\"center\"><a href=\"http:\/\/noticias.anses.gob.ar\/Vista\/thumb.php?ancho=auto&amp;img=\/img\/gacetillas\/cuadro-unido-jubilados-y-auh-643x361.png\" target=\"_blank\" rel=\"nofollow noopener noreferrer\"><img decoding=\"async\" id=\"yiv7421373724Imagen_x0020_5\" src=\"&quot;https:\/\/dl-mail.ymail.com\/ws\/download\/mailboxes\/@.id==VjN-xF3I97EHoROgkj6VNCdRQqeA2JymVf7t_dNnS0aDi3s78AREAsRDD7nmdHgvOMaxQGPOCLL4yv1gdpoOBPLlCw\/messages\/@.id==AAD3M_Uspd9RXgDrdANrAPGfoQQ\/content\/parts\/@.id==5\/raw?appid=YMailNorrin&amp;ymreqid=a1e28384-e738-286e-1cfd-ac004c012f00&amp;token=zitEzqOML3j84e6ealFTT5U7-k&lt;\/p\" \/> <\/a><\/p>\n<\/td>\n<\/tr>\n<\/tbody>\n<\/table>\n<\/td>\n<\/tr>\n<\/tbody>\n<\/table>\n","protected":false},"excerpt":{"rendered":"<p>SE REFIERE A LAS TASAS DE LOS CR\u00c9DITOS A JUBILADOS, PENSIONADOS Y ASIGNACI\u00d3N UNIVERSAL POR HIJO. La ANSES resolvi\u00f3 reducir la tasa de inter\u00e9s de los cr\u00e9ditos del organismo ya otorgados a jubilados, pensionados, beneficiarios de la Asignaci\u00f3n Universal por Hijo (AUH) y del Sistema \u00danico de Asignaciones Familiares (SUAF). La medida se adopt\u00f3 en [&hellip;]<\/p>\n","protected":false},"author":3,"featured_media":3917,"comment_status":"open","ping_status":"open","sticky":false,"template":"","format":"standard","meta":{"footnotes":"","jetpack_publicize_message":"","jetpack_publicize_feature_enabled":true,"jetpack_social_post_already_shared":false,"jetpack_social_options":{"image_generator_settings":{"template":"highway","default_image_id":0,"font":"","enabled":false},"version":2}},"categories":[81,13],"tags":[21,37],"class_list":["post-3909","post","type-post","status-publish","format-standard","has-post-thumbnail","hentry","category-anses","category-interes-general","tag-anses","tag-destacada"],"jetpack_publicize_connections":[],"jetpack_featured_media_url":"https:\/\/revistaepocadigital.com.ar\/wp-content\/uploads\/2019\/12\/image002-2.jpg","jetpack_likes_enabled":true,"_links":{"self":[{"href":"https:\/\/revistaepocadigital.com.ar\/index.php?rest_route=\/wp\/v2\/posts\/3909","targetHints":{"allow":["GET"]}}],"collection":[{"href":"https:\/\/revistaepocadigital.com.ar\/index.php?rest_route=\/wp\/v2\/posts"}],"about":[{"href":"https:\/\/revistaepocadigital.com.ar\/index.php?rest_route=\/wp\/v2\/types\/post"}],"author":[{"embeddable":true,"href":"https:\/\/revistaepocadigital.com.ar\/index.php?rest_route=\/wp\/v2\/users\/3"}],"replies":[{"embeddable":true,"href":"https:\/\/revistaepocadigital.com.ar\/index.php?rest_route=%2Fwp%2Fv2%2Fcomments&post=3909"}],"version-history":[{"count":0,"href":"https:\/\/revistaepocadigital.com.ar\/index.php?rest_route=\/wp\/v2\/posts\/3909\/revisions"}],"wp:featuredmedia":[{"embeddable":true,"href":"https:\/\/revistaepocadigital.com.ar\/index.php?rest_route=\/wp\/v2\/media\/3917"}],"wp:attachment":[{"href":"https:\/\/revistaepocadigital.com.ar\/index.php?rest_route=%2Fwp%2Fv2%2Fmedia&parent=3909"}],"wp:term":[{"taxonomy":"category","embeddable":true,"href":"https:\/\/revistaepocadigital.com.ar\/index.php?rest_route=%2Fwp%2Fv2%2Fcategories&post=3909"},{"taxonomy":"post_tag","embeddable":true,"href":"https:\/\/revistaepocadigital.com.ar\/index.php?rest_route=%2Fwp%2Fv2%2Ftags&post=3909"}],"curies":[{"name":"wp","href":"https:\/\/api.w.org\/{rel}","templated":true}]}}