{"id":3936,"date":"2019-12-26T17:50:00","date_gmt":"2019-12-26T20:50:00","guid":{"rendered":"https:\/\/revistaepocadigital.com.ar\/?p=3936"},"modified":"2019-12-26T17:50:00","modified_gmt":"2019-12-26T20:50:00","slug":"un-gran-gesto","status":"publish","type":"post","link":"https:\/\/revistaepocadigital.com.ar\/?p=3936","title":{"rendered":"UN GRAN GESTO"},"content":{"rendered":"<p><strong>EN ARROYO DE LA CRUZ, UN PAP\u00c1 NOEL CON SENTIMIENTO.<\/strong><br \/>\n<!--more--><\/p>\n<p>Ante hechos y demostraciones de entrega por el pr\u00f3jimo, m\u00e1s a\u00fan en los tiempos encolerizados y tan tensionados que se transitan, actitudes como las de un grupo de vecinos de Arroyo de la Cruz, en nuestro distrito, impulsan a no dejar de pensar que no hay que bajar los brazos y persistir cada uno en lo suyo, para conseguir vivir en un pa\u00eds mejor.<\/p>\n<p><img loading=\"lazy\" decoding=\"async\" class=\"aligncenter size-large wp-image-3941\" src=\"https:\/\/revistaepocadigital.com.ar\/wp-content\/uploads\/2019\/12\/a-767x1024.jpg\" alt=\"\" width=\"696\" height=\"929\" srcset=\"https:\/\/revistaepocadigital.com.ar\/wp-content\/uploads\/2019\/12\/a-767x1024.jpg 767w, https:\/\/revistaepocadigital.com.ar\/wp-content\/uploads\/2019\/12\/a-225x300.jpg 225w, https:\/\/revistaepocadigital.com.ar\/wp-content\/uploads\/2019\/12\/a-768x1025.jpg 768w, https:\/\/revistaepocadigital.com.ar\/wp-content\/uploads\/2019\/12\/a-696x929.jpg 696w, https:\/\/revistaepocadigital.com.ar\/wp-content\/uploads\/2019\/12\/a-315x420.jpg 315w, https:\/\/revistaepocadigital.com.ar\/wp-content\/uploads\/2019\/12\/a-629x840.jpg 629w, https:\/\/revistaepocadigital.com.ar\/wp-content\/uploads\/2019\/12\/a.jpg 959w\" sizes=\"auto, (max-width: 696px) 100vw, 696px\" \/><\/p>\n<p>&nbsp;<\/p>\n<p><img loading=\"lazy\" decoding=\"async\" class=\"aligncenter size-large wp-image-3943\" src=\"https:\/\/revistaepocadigital.com.ar\/wp-content\/uploads\/2019\/12\/c-576x1024.jpg\" alt=\"\" width=\"576\" height=\"1024\" srcset=\"https:\/\/revistaepocadigital.com.ar\/wp-content\/uploads\/2019\/12\/c-576x1024.jpg 576w, https:\/\/revistaepocadigital.com.ar\/wp-content\/uploads\/2019\/12\/c-169x300.jpg 169w, https:\/\/revistaepocadigital.com.ar\/wp-content\/uploads\/2019\/12\/c-696x1237.jpg 696w, https:\/\/revistaepocadigital.com.ar\/wp-content\/uploads\/2019\/12\/c-236x420.jpg 236w, https:\/\/revistaepocadigital.com.ar\/wp-content\/uploads\/2019\/12\/c-473x840.jpg 473w, https:\/\/revistaepocadigital.com.ar\/wp-content\/uploads\/2019\/12\/c.jpg 720w\" sizes=\"auto, (max-width: 576px) 100vw, 576px\" \/><\/p>\n<figure id=\"attachment_3944\" aria-describedby=\"caption-attachment-3944\" style=\"width: 576px\" class=\"wp-caption aligncenter\"><img loading=\"lazy\" decoding=\"async\" class=\"size-large wp-image-3944\" src=\"https:\/\/revistaepocadigital.com.ar\/wp-content\/uploads\/2019\/12\/f-576x1024.jpg\" alt=\"\" width=\"576\" height=\"1024\" srcset=\"https:\/\/revistaepocadigital.com.ar\/wp-content\/uploads\/2019\/12\/f-576x1024.jpg 576w, https:\/\/revistaepocadigital.com.ar\/wp-content\/uploads\/2019\/12\/f-169x300.jpg 169w, https:\/\/revistaepocadigital.com.ar\/wp-content\/uploads\/2019\/12\/f-696x1237.jpg 696w, https:\/\/revistaepocadigital.com.ar\/wp-content\/uploads\/2019\/12\/f-236x420.jpg 236w, https:\/\/revistaepocadigital.com.ar\/wp-content\/uploads\/2019\/12\/f-473x840.jpg 473w, https:\/\/revistaepocadigital.com.ar\/wp-content\/uploads\/2019\/12\/f.jpg 720w\" sizes=\"auto, (max-width: 576px) 100vw, 576px\" \/><figcaption id=\"caption-attachment-3944\" class=\"wp-caption-text\">La ilusi\u00f3n de los chicos de estar con Pap\u00e1 Noel, cumplida.<\/figcaption><\/figure>\n<p><img loading=\"lazy\" decoding=\"async\" class=\"aligncenter size-large wp-image-3945\" src=\"https:\/\/revistaepocadigital.com.ar\/wp-content\/uploads\/2019\/12\/i-576x1024.jpg\" alt=\"\" width=\"576\" height=\"1024\" srcset=\"https:\/\/revistaepocadigital.com.ar\/wp-content\/uploads\/2019\/12\/i-576x1024.jpg 576w, https:\/\/revistaepocadigital.com.ar\/wp-content\/uploads\/2019\/12\/i-169x300.jpg 169w, https:\/\/revistaepocadigital.com.ar\/wp-content\/uploads\/2019\/12\/i-696x1237.jpg 696w, https:\/\/revistaepocadigital.com.ar\/wp-content\/uploads\/2019\/12\/i-236x420.jpg 236w, https:\/\/revistaepocadigital.com.ar\/wp-content\/uploads\/2019\/12\/i-473x840.jpg 473w, https:\/\/revistaepocadigital.com.ar\/wp-content\/uploads\/2019\/12\/i.jpg 720w\" sizes=\"auto, (max-width: 576px) 100vw, 576px\" \/><\/p>\n<p>Lo mejor. El abrazo de uno de los chicos a Pap\u00e1 Noel. La imagen habla por s\u00ed sola.<\/p>\n<p>&nbsp;<\/p>\n<p>Y gestos surgidos del coraz\u00f3n como los de <strong>Diego Falcinelli<\/strong> vestido de Pap\u00e1 Noel junto a<strong> Iv\u00e1n y Ariel Pintos,<\/strong> haciendo el esfuerzo de sus propios bolsillos, valen la pena por cierto destacarse. Los tres, adquirieron distintos tipos de golosinas, que luego separadas en bolsitas, en nochebuena y primeros momentos de la navidad, fueron entregando a ni\u00f1as y ni\u00f1os de Arroyo de la Cruz, que vivieron como todos deber\u00edan hacerlo, el momento m\u00e1gico de estar junto a Pap\u00e1 Noel.<\/p>\n<p>Gestos que invitan a no dejar de creer.<\/p>\n","protected":false},"excerpt":{"rendered":"<p>EN ARROYO DE LA CRUZ, UN PAP\u00c1 NOEL CON SENTIMIENTO.<\/p>\n","protected":false},"author":4,"featured_media":3940,"comment_status":"open","ping_status":"open","sticky":false,"template":"","format":"standard","meta":{"footnotes":"","jetpack_publicize_message":"","jetpack_publicize_feature_enabled":true,"jetpack_social_post_already_shared":false,"jetpack_social_options":{"image_generator_settings":{"template":"highway","default_image_id":0,"font":"","enabled":false},"version":2}},"categories":[6],"tags":[174,98,141],"class_list":["post-3936","post","type-post","status-publish","format-standard","has-post-thumbnail","hentry","category-barrios","tag-arroyo-de-la-cruz","tag-navidad","tag-papa-noel"],"jetpack_publicize_connections":[],"jetpack_featured_media_url":"https:\/\/revistaepocadigital.com.ar\/wp-content\/uploads\/2019\/12\/e.jpg","jetpack_likes_enabled":true,"_links":{"self":[{"href":"https:\/\/revistaepocadigital.com.ar\/index.php?rest_route=\/wp\/v2\/posts\/3936","targetHints":{"allow":["GET"]}}],"collection":[{"href":"https:\/\/revistaepocadigital.com.ar\/index.php?rest_route=\/wp\/v2\/posts"}],"about":[{"href":"https:\/\/revistaepocadigital.com.ar\/index.php?rest_route=\/wp\/v2\/types\/post"}],"author":[{"embeddable":true,"href":"https:\/\/revistaepocadigital.com.ar\/index.php?rest_route=\/wp\/v2\/users\/4"}],"replies":[{"embeddable":true,"href":"https:\/\/revistaepocadigital.com.ar\/index.php?rest_route=%2Fwp%2Fv2%2Fcomments&post=3936"}],"version-history":[{"count":0,"href":"https:\/\/revistaepocadigital.com.ar\/index.php?rest_route=\/wp\/v2\/posts\/3936\/revisions"}],"wp:featuredmedia":[{"embeddable":true,"href":"https:\/\/revistaepocadigital.com.ar\/index.php?rest_route=\/wp\/v2\/media\/3940"}],"wp:attachment":[{"href":"https:\/\/revistaepocadigital.com.ar\/index.php?rest_route=%2Fwp%2Fv2%2Fmedia&parent=3936"}],"wp:term":[{"taxonomy":"category","embeddable":true,"href":"https:\/\/revistaepocadigital.com.ar\/index.php?rest_route=%2Fwp%2Fv2%2Fcategories&post=3936"},{"taxonomy":"post_tag","embeddable":true,"href":"https:\/\/revistaepocadigital.com.ar\/index.php?rest_route=%2Fwp%2Fv2%2Ftags&post=3936"}],"curies":[{"name":"wp","href":"https:\/\/api.w.org\/{rel}","templated":true}]}}