{"id":3947,"date":"2019-12-26T20:04:23","date_gmt":"2019-12-26T23:04:23","guid":{"rendered":"https:\/\/revistaepocadigital.com.ar\/?p=3947"},"modified":"2019-12-26T20:04:38","modified_gmt":"2019-12-26T23:04:38","slug":"kicillof-primer-encuentro-con-los-gremios-docentes","status":"publish","type":"post","link":"https:\/\/revistaepocadigital.com.ar\/?p=3947","title":{"rendered":"Kicillof, primer encuentro con los gremios docentes"},"content":{"rendered":"<p class=\"yiv0268020918MsoNormal\"><b>EN LA CASA DE GOBIERNO EN LA PLATA.<br \/>\n<\/b><!--more--><\/p>\n<p class=\"yiv0268020918MsoNormal\">El gobernador de la provincia de Buenos Aires, Axel Kicillof, recibi\u00f3 a representantes de los gremios del Frente de Unidad Docente Bonaerense (FUDB). Tambi\u00e9n estuvieron el jefe de gabinete, Carlos Bianco, la directora general de Cultura y Educaci\u00f3n, Agustina Vila, y la ministra de Trabajo, Mara Ruiz Malec.<\/p>\n<p class=\"yiv0268020918MsoNormal\">Fue el primer encuentro y un paso central, de lo que ser\u00e1 el trabajo conjunto con la comunidad educativa para buscar soluciones a las demandas del sector.<\/p>\n<p><img loading=\"lazy\" decoding=\"async\" class=\"aligncenter size-full wp-image-3951\" src=\"https:\/\/revistaepocadigital.com.ar\/wp-content\/uploads\/2019\/12\/kicillof1.-19.jpg\" alt=\"\" width=\"768\" height=\"490\" srcset=\"https:\/\/revistaepocadigital.com.ar\/wp-content\/uploads\/2019\/12\/kicillof1.-19.jpg 768w, https:\/\/revistaepocadigital.com.ar\/wp-content\/uploads\/2019\/12\/kicillof1.-19-300x191.jpg 300w, https:\/\/revistaepocadigital.com.ar\/wp-content\/uploads\/2019\/12\/kicillof1.-19-696x444.jpg 696w, https:\/\/revistaepocadigital.com.ar\/wp-content\/uploads\/2019\/12\/kicillof1.-19-658x420.jpg 658w\" sizes=\"auto, (max-width: 768px) 100vw, 768px\" \/><\/p>\n<p class=\"yiv0268020918MsoNormal\">Tras la reuni\u00f3n, Vila expres\u00f3: <em>\u201cNo hablamos solamente de lo salarial sino del sistema educativo en su conjunto. Hay muchas dificultades y hay que abordarlas con trabajo articulado y comprometido entre todos los sectores\u201d.<\/em><\/p>\n<p class=\"yiv0268020918MsoNormal\">Refiri\u00e9ndose a la infraestructura escolar sostuvo: \u201cLa prioridad es atender las urgencias en estos primeros 100 d\u00edas, haciendo las refacciones necesarias para comenzar las clases, luego vamos a trabajar sobre las ampliaciones\u201d. Agreg\u00f3 que \u201chay que atender 558 obras con distintas dificultades. Estas obras no se concentran en el Conurbano sino que son municipios de toda la provincia, por lo cual estamos articulando muy fuerte con los distritos para priorizar las acciones a llevar adelante\u201d.<\/p>\n<p class=\"yiv0268020918MsoNormal\">Por su parte, Ruiz Malec se refiri\u00f3 al di\u00e1logo con los gremios docentes y explic\u00f3:<em> \u201cEstamos viendo cu\u00e1l es el punto de partida. La intenci\u00f3n es resolver las paritarias, que exceden lo salarial: tienen que ver tambi\u00e9n con las condiciones de trabajo y la carrera administrativa. Con los docentes vamos a tener una agenda muy amplia\u201d<\/em>. Y agreg\u00f3: \u201c<em>La prioridad son los trabajadores y las trabajadoras del Estado y no haremos distinciones\u201d<\/em>.<\/p>\n<p>Fuente y fotos: Secretar\u00eda de Medios de la provincia de Buenos Aires.<\/p>\n","protected":false},"excerpt":{"rendered":"<p>EN LA CASA DE GOBIERNO EN LA PLATA.<\/p>\n","protected":false},"author":3,"featured_media":3949,"comment_status":"open","ping_status":"open","sticky":false,"template":"","format":"standard","meta":{"footnotes":"","jetpack_publicize_message":"","jetpack_publicize_feature_enabled":true,"jetpack_social_post_already_shared":false,"jetpack_social_options":{"image_generator_settings":{"template":"highway","default_image_id":0,"font":"","enabled":false},"version":2}},"categories":[17],"tags":[546,478],"class_list":["post-3947","post","type-post","status-publish","format-standard","has-post-thumbnail","hentry","category-politica","tag-docentes","tag-kicillof"],"jetpack_publicize_connections":[],"jetpack_featured_media_url":"https:\/\/revistaepocadigital.com.ar\/wp-content\/uploads\/2019\/12\/kicillof19.jpg","jetpack_likes_enabled":true,"_links":{"self":[{"href":"https:\/\/revistaepocadigital.com.ar\/index.php?rest_route=\/wp\/v2\/posts\/3947","targetHints":{"allow":["GET"]}}],"collection":[{"href":"https:\/\/revistaepocadigital.com.ar\/index.php?rest_route=\/wp\/v2\/posts"}],"about":[{"href":"https:\/\/revistaepocadigital.com.ar\/index.php?rest_route=\/wp\/v2\/types\/post"}],"author":[{"embeddable":true,"href":"https:\/\/revistaepocadigital.com.ar\/index.php?rest_route=\/wp\/v2\/users\/3"}],"replies":[{"embeddable":true,"href":"https:\/\/revistaepocadigital.com.ar\/index.php?rest_route=%2Fwp%2Fv2%2Fcomments&post=3947"}],"version-history":[{"count":0,"href":"https:\/\/revistaepocadigital.com.ar\/index.php?rest_route=\/wp\/v2\/posts\/3947\/revisions"}],"wp:featuredmedia":[{"embeddable":true,"href":"https:\/\/revistaepocadigital.com.ar\/index.php?rest_route=\/wp\/v2\/media\/3949"}],"wp:attachment":[{"href":"https:\/\/revistaepocadigital.com.ar\/index.php?rest_route=%2Fwp%2Fv2%2Fmedia&parent=3947"}],"wp:term":[{"taxonomy":"category","embeddable":true,"href":"https:\/\/revistaepocadigital.com.ar\/index.php?rest_route=%2Fwp%2Fv2%2Fcategories&post=3947"},{"taxonomy":"post_tag","embeddable":true,"href":"https:\/\/revistaepocadigital.com.ar\/index.php?rest_route=%2Fwp%2Fv2%2Ftags&post=3947"}],"curies":[{"name":"wp","href":"https:\/\/api.w.org\/{rel}","templated":true}]}}