{"id":3956,"date":"2019-12-27T10:09:40","date_gmt":"2019-12-27T13:09:40","guid":{"rendered":"https:\/\/revistaepocadigital.com.ar\/?p=3956"},"modified":"2019-12-27T10:10:43","modified_gmt":"2019-12-27T13:10:43","slug":"la-union-industrial-de-exaltacion-de-la-cruz","status":"publish","type":"post","link":"https:\/\/revistaepocadigital.com.ar\/?p=3956","title":{"rendered":"La Uni\u00f3n Industrial de Exaltaci\u00f3n de la Cruz"},"content":{"rendered":"<p><strong>EN LA REUNI\u00d3N DE FIN DE A\u00d1O.<\/strong><!--more--><img loading=\"lazy\" decoding=\"async\" class=\"aligncenter size-full wp-image-3957\" src=\"https:\/\/revistaepocadigital.com.ar\/wp-content\/uploads\/2019\/12\/image001.jpg\" alt=\"\" width=\"141\" height=\"69\" \/><strong>Alberto Garc\u00eda,<\/strong> presidente de la entidad, e impulsor del parque industrial que preserva el medio ambiente y la ecolog\u00eda, ubicado en<strong> Parada Robles,<\/strong> sostuvo <em>&#8220;el concurrido brindis <\/em>(hubo representantes de distintos sectores y ciudades)<em>nos alienta a emprender en el 2020 una tarea intensa que nos permita seguir incorporando socios a la Uni\u00f3n Industrial de Exaltaci\u00f3n de la Cruz (UIEC)&#8221;.<\/em><\/p>\n<p class=\"yiv0367916842MsoNormal\"><em>&#8220;Anhelamos<\/em> -dijo <strong>Garc\u00eda<\/strong>&#8211; <em>a que en el 2020 se cumplan todos vuestros proyectos, yque sigamos trabajando junto a nuestro municipio y que el \u00e9xito nos llegue a todos&#8221;<\/em>.<\/p>\n<h5>Al encuentro que tuvo lugar en el conocido restaurant-bar &#8220;Trevi&#8221; de Capilla del Se\u00f1or, asistieron industriales locales , la<span style=\"color: #000000;\"> s<span style=\"font-family: Times New Roman; font-size: medium;\">ecretaria de gobierno Mar\u00eda Luz Bozzani, el secretario de pProducci\u00f3n Mart\u00edn Faure, representantes de la Uni\u00f3n Industrial de Escobar, de Campana, de Pilar y de la provincia de Buenos Aires y representantes de la Sociedad Rural de Exaltaci\u00f3n de la Cruz. Por motivos personales, no pudo<\/span><\/span><span style=\"color: blue; font-family: Times New Roman; font-size: medium;\"><span style=\"color: #000000;\"> asistir el intendente\u00a0 Diego Nanni.<\/span> <\/span><\/h5>\n<p class=\"yiv0367916842MsoNormal\">\n","protected":false},"excerpt":{"rendered":"<p>EN LA REUNI\u00d3N DE FIN DE A\u00d1O.<\/p>\n","protected":false},"author":4,"featured_media":3959,"comment_status":"open","ping_status":"open","sticky":false,"template":"","format":"standard","meta":{"footnotes":"","jetpack_publicize_message":"","jetpack_publicize_feature_enabled":true,"jetpack_social_post_already_shared":false,"jetpack_social_options":{"image_generator_settings":{"template":"highway","default_image_id":0,"font":"","enabled":false},"version":2}},"categories":[5,11],"tags":[37,547],"class_list":["post-3956","post","type-post","status-publish","format-standard","has-post-thumbnail","hentry","category-aqui-parada-robles","category-entidades","tag-destacada","tag-union-industrial-ex-de-la-cruz"],"jetpack_publicize_connections":[],"jetpack_featured_media_url":"https:\/\/revistaepocadigital.com.ar\/wp-content\/uploads\/2019\/12\/garcia-uie.jpg","jetpack_likes_enabled":true,"_links":{"self":[{"href":"https:\/\/revistaepocadigital.com.ar\/index.php?rest_route=\/wp\/v2\/posts\/3956","targetHints":{"allow":["GET"]}}],"collection":[{"href":"https:\/\/revistaepocadigital.com.ar\/index.php?rest_route=\/wp\/v2\/posts"}],"about":[{"href":"https:\/\/revistaepocadigital.com.ar\/index.php?rest_route=\/wp\/v2\/types\/post"}],"author":[{"embeddable":true,"href":"https:\/\/revistaepocadigital.com.ar\/index.php?rest_route=\/wp\/v2\/users\/4"}],"replies":[{"embeddable":true,"href":"https:\/\/revistaepocadigital.com.ar\/index.php?rest_route=%2Fwp%2Fv2%2Fcomments&post=3956"}],"version-history":[{"count":0,"href":"https:\/\/revistaepocadigital.com.ar\/index.php?rest_route=\/wp\/v2\/posts\/3956\/revisions"}],"wp:featuredmedia":[{"embeddable":true,"href":"https:\/\/revistaepocadigital.com.ar\/index.php?rest_route=\/wp\/v2\/media\/3959"}],"wp:attachment":[{"href":"https:\/\/revistaepocadigital.com.ar\/index.php?rest_route=%2Fwp%2Fv2%2Fmedia&parent=3956"}],"wp:term":[{"taxonomy":"category","embeddable":true,"href":"https:\/\/revistaepocadigital.com.ar\/index.php?rest_route=%2Fwp%2Fv2%2Fcategories&post=3956"},{"taxonomy":"post_tag","embeddable":true,"href":"https:\/\/revistaepocadigital.com.ar\/index.php?rest_route=%2Fwp%2Fv2%2Ftags&post=3956"}],"curies":[{"name":"wp","href":"https:\/\/api.w.org\/{rel}","templated":true}]}}