{"id":3972,"date":"2020-01-02T18:01:40","date_gmt":"2020-01-02T21:01:40","guid":{"rendered":"https:\/\/revistaepocadigital.com.ar\/?p=3972"},"modified":"2020-01-02T18:01:40","modified_gmt":"2020-01-02T21:01:40","slug":"capilla-pilar-sin-colectivos","status":"publish","type":"post","link":"https:\/\/revistaepocadigital.com.ar\/?p=3972","title":{"rendered":"CAPILLA-PILAR \u00bfSIN COLECTIVOS?"},"content":{"rendered":"<div class=\"itemIntroText\">\n<p><strong>EL RUMOR RECOGIDO POR EL SITIO WEB CAPILLA ONLINE.<!--more--><\/strong><\/p>\n<p>Estaba en l\u00ednea con comentarios escuchados en Capilla del Se\u00f1or. El tramo que une a nuestra ciudad con Pilar, con gran afluente de pasajeros, podria quedarse sin el servicio de l\u00edneas de colectivos. Aunque suene inaudito&#8230;<\/p>\n<p>Capilla Online public\u00f3, que el servicio dejar\u00eda de funcionar,<em> &#8220;perjudicando a los vecinos que muestran su gran preocupaci\u00f3n, desde la gesti\u00f3n la comunicaci\u00f3n ha sido pobre y no hay certezas, m\u00e1s bien lo contrario&#8221;.<\/em><\/p>\n<\/div>\n<div class=\"itemFullText\">\n<p><em>&#8220;Existe<\/em> -apunta la nota en cuesti\u00f3n- <em>una creciente preocupaci\u00f3n de los vecinos y usuarios del servicio que une a Capilla con Pilar, suena cada vez m\u00e1s fuerte en las calles y paradas de colectivos que este importante transporte que d\u00eda a d\u00eda lleva a miles de pasajeros podr\u00eda desaparecer, los argumentos son los mismos que venimos escuchando hace 4 a\u00f1os, el presupuesto no alcanza para mantener la frecuencia del mismo&#8221;.<\/em><\/p>\n<p>Y agrega: <em>&#8220;Para tener en cuenta en el an\u00e1lisis de la situaci\u00f3n podemos referirnos a la gran cantidad de barrios sobre la ruta 39 que quedar\u00edan incomunicados, con las consecuencias que podr\u00edan pegar muy duro en las econom\u00edas familiares de los infortunados pasajeros que deber\u00edan buscar otro modo de viajar a Pilar, algunos de los centros poblacionales que m\u00e1s lo sentir\u00edan son Pav\u00f3n, Parada Orlando, San Joaqu\u00edn, Parada Orlando, Barrio San Jos\u00e9, Barrio La Esperanza, Sakura son los que m\u00e1s concentraci\u00f3n vecinal representan, pero no olvidemos a los que solo vienen a trabajar al distrito y tratan de viajar a Pilar, centro financiero, administrativo, en donde mayor complejidad en la salud hay, la inmensa cantidad de vecinos que trabajan o que desean tomar el tren para unir con Retiro, sin dudas de ser verdad, ser\u00eda un grave inconveniente.<\/em><\/p>\n<p><em>&#8220;Desde la gesti\u00f3n &#8211;<\/em>se finaliza mencionando en la nota<em>&#8211; no se conoce opini\u00f3n ni informaci\u00f3n que pudiera sacar de ascuas a los que se sienten preocupados, a los que ver\u00edan su vida trastocada con seguras consecuencias financieras en cuanto al presupuesto dom\u00e9stico, la comunicaci\u00f3n para ratificar o rectificar esta informaci\u00f3n es nula, por supuesto esto no ayuda en nada.<\/em><br \/>\n<em>Es que seg\u00fan se ha podido ver en la nueva administraci\u00f3n municipal, varios sectores y \u00e1reas a\u00fan dentro de la situaci\u00f3n que atraviesa el distrito ya est\u00e1n de vacaciones, oficinas en donde suena un tel\u00e9fono que no es atendido por nadie, no hay respuestas de los que han preferido primar las cuestiones personales a las de las necesidades de las y los vecinos.<\/em><br \/>\n<em>Mientras, aqu\u00ed quema un sol abrazador sin viento, el refugio apenas puede dar sombra sobre rutas de asfalto \u00edgneo que derrite las suelas de las zapas o sandalias, la tierra pegajosa compa\u00f1era de los que salen a tomar el colectivo a la ruta para esperar un servicio que podr\u00eda dejar aparecer&#8221;.<\/em><\/p>\n<\/div>\n","protected":false},"excerpt":{"rendered":"<p>EL RUMOR RECOGIDO POR EL SITIO WEB CAPILLA ONLINE.<\/p>\n","protected":false},"author":4,"featured_media":3974,"comment_status":"open","ping_status":"open","sticky":false,"template":"","format":"standard","meta":{"footnotes":"","jetpack_publicize_message":"","jetpack_publicize_feature_enabled":true,"jetpack_social_post_already_shared":false,"jetpack_social_options":{"image_generator_settings":{"template":"highway","default_image_id":0,"font":"","enabled":false},"version":2}},"categories":[17],"tags":[550],"class_list":["post-3972","post","type-post","status-publish","format-standard","has-post-thumbnail","hentry","category-politica","tag-servicios-de-transporte-de-pasajeros"],"jetpack_publicize_connections":[],"jetpack_featured_media_url":"https:\/\/revistaepocadigital.com.ar\/wp-content\/uploads\/2020\/01\/10-atlantidad.jpg","jetpack_likes_enabled":true,"_links":{"self":[{"href":"https:\/\/revistaepocadigital.com.ar\/index.php?rest_route=\/wp\/v2\/posts\/3972","targetHints":{"allow":["GET"]}}],"collection":[{"href":"https:\/\/revistaepocadigital.com.ar\/index.php?rest_route=\/wp\/v2\/posts"}],"about":[{"href":"https:\/\/revistaepocadigital.com.ar\/index.php?rest_route=\/wp\/v2\/types\/post"}],"author":[{"embeddable":true,"href":"https:\/\/revistaepocadigital.com.ar\/index.php?rest_route=\/wp\/v2\/users\/4"}],"replies":[{"embeddable":true,"href":"https:\/\/revistaepocadigital.com.ar\/index.php?rest_route=%2Fwp%2Fv2%2Fcomments&post=3972"}],"version-history":[{"count":0,"href":"https:\/\/revistaepocadigital.com.ar\/index.php?rest_route=\/wp\/v2\/posts\/3972\/revisions"}],"wp:featuredmedia":[{"embeddable":true,"href":"https:\/\/revistaepocadigital.com.ar\/index.php?rest_route=\/wp\/v2\/media\/3974"}],"wp:attachment":[{"href":"https:\/\/revistaepocadigital.com.ar\/index.php?rest_route=%2Fwp%2Fv2%2Fmedia&parent=3972"}],"wp:term":[{"taxonomy":"category","embeddable":true,"href":"https:\/\/revistaepocadigital.com.ar\/index.php?rest_route=%2Fwp%2Fv2%2Fcategories&post=3972"},{"taxonomy":"post_tag","embeddable":true,"href":"https:\/\/revistaepocadigital.com.ar\/index.php?rest_route=%2Fwp%2Fv2%2Ftags&post=3972"}],"curies":[{"name":"wp","href":"https:\/\/api.w.org\/{rel}","templated":true}]}}