{"id":3996,"date":"2020-01-13T16:34:16","date_gmt":"2020-01-13T19:34:16","guid":{"rendered":"https:\/\/revistaepocadigital.com.ar\/?p=3996"},"modified":"2020-01-13T16:34:16","modified_gmt":"2020-01-13T19:34:16","slug":"para-salir-de-la-pobreza-primero-hay-que-salir-de-la-ignorancia","status":"publish","type":"post","link":"https:\/\/revistaepocadigital.com.ar\/?p=3996","title":{"rendered":"Para salir de la pobreza, primero hay que salir de la ignorancia."},"content":{"rendered":"<div class=\"vw-page-content\" role=\"main\">\n<article class=\"post-350 post type-post status-publish format-standard has-post-thumbnail hentry category-mentalidad-empresarial\">\n<div class=\"vw-post-content clearfix\">\n<p><strong>BASAMENTO ESENCIAL.<!--more--><br \/>\n<\/strong><\/p>\n<p>El dinero en las manos del pobre es como el algod\u00f3n de az\u00facar en las manos de un ni\u00f1o: desaparece en cuesti\u00f3n de minutos.<\/p>\n<p>Ahora bien, cuando hablamos de educaci\u00f3n debemos entender que educaci\u00f3n e instrucci\u00f3n no son lo mismo.\u00a0Instrucci\u00f3n tiene que ver con los conocimientos, mientras que educaci\u00f3n tiene que ver con el SER. De hecho, la palabra educar significa \u201csacar lo mejor que hay en el ser humano.\u201d Educar no es a\u00f1adir conocimientos, sino desarrollar experiencia.<\/p>\n<p>Por eso es impensable que una persona educada, sea pobre. Hay gente instruida, con t\u00edtulos y grados, pero que no es realmente educada. Tienen instrucci\u00f3n. Y cuando usted repasa el origen y significado de la palabra INSTRUIR, se encontrar\u00e1 que instruir tiene que ver con \u201cadoctrinar y comunicar conocimientos.\u201d Por supuesto, tener buenos modales, como saludar a las personas, agradecer y ser humilde, tampoco significa estar del todo educado. Hay gente con buenos modales y una gran sencillez de esp\u00edritu, y son financieramente pobres.<br \/>\nComentamos esto porque en un reciente art\u00edculo dec\u00edamos que la pobreza se ha convertido en una cultura. La cultura es algo que usted y yo CULTIVAMOS todos los d\u00edas, es algo que hacemos casi de modo autom\u00e1tico. La cultura son nuestras costumbres, nuestras valoraciones, nuestros sentimientos y creencias. La cultura es nuestro patrimonio, es una herencia social que se transmite de generaci\u00f3n en generaci\u00f3n. El asunto que nos compete es observar que la pobreza se ha camuflado en nuestra cultura y que debemos cambiar esa cultura con EDUCACI\u00d3N. Si usted se educa, usted puede cambiar su cultura. Cambiar de h\u00e1bitos le ser\u00e1 m\u00e1s sencillo. Su relaci\u00f3n con el dinero ser\u00e1 mejor porque una cultura de prosperidad, crea prosperidad.<img loading=\"lazy\" decoding=\"async\" class=\"aligncenter size-full wp-image-4001\" src=\"https:\/\/revistaepocadigital.com.ar\/wp-content\/uploads\/2020\/01\/educacion-tecnologiab-1.jpg\" alt=\"\" width=\"640\" height=\"360\" srcset=\"https:\/\/revistaepocadigital.com.ar\/wp-content\/uploads\/2020\/01\/educacion-tecnologiab-1.jpg 640w, https:\/\/revistaepocadigital.com.ar\/wp-content\/uploads\/2020\/01\/educacion-tecnologiab-1-300x169.jpg 300w\" sizes=\"auto, (max-width: 640px) 100vw, 640px\" \/> <img loading=\"lazy\" decoding=\"async\" class=\"aligncenter size-large wp-image-4002\" src=\"https:\/\/revistaepocadigital.com.ar\/wp-content\/uploads\/2020\/01\/EducacionCombatePobreza.jpg\" alt=\"\" width=\"696\" height=\"365\" srcset=\"https:\/\/revistaepocadigital.com.ar\/wp-content\/uploads\/2020\/01\/EducacionCombatePobreza.jpg 798w, https:\/\/revistaepocadigital.com.ar\/wp-content\/uploads\/2020\/01\/EducacionCombatePobreza-300x158.jpg 300w, https:\/\/revistaepocadigital.com.ar\/wp-content\/uploads\/2020\/01\/EducacionCombatePobreza-768x403.jpg 768w, https:\/\/revistaepocadigital.com.ar\/wp-content\/uploads\/2020\/01\/EducacionCombatePobreza-696x365.jpg 696w\" sizes=\"auto, (max-width: 696px) 100vw, 696px\" \/><\/p>\n<\/div>\n<div class=\"vw-post-content clearfix\">\n<p>Peter Drucker, quiz\u00e1 uno de los m\u00e1s grandes estudiosos del comportamiento empresarial, dec\u00eda que \u201cla cultura se come a la estrategia para desayunar.\u201d Porque lo importante no son las estrategias, sino la persona que ejecuta las estrategias. Hay muchas estrategias para salir de deudas, pero pocos tienen \u00e9xito con ellas. Hay mucho conocimiento, pero pocos resultados. El famoso libro de Robert Kiyosaki, Padre Rico Padre Pobre, ha vendido millones de ejemplares, algunos de sus lectores han logrado triunfar con el dinero y otros siguen igual o peor. El libro es el mismo. Lo que all\u00ed se dice es exactamente igual para todos. \u00bfQui\u00e9n hace la diferencia? El lector. La persona. \u00bfY qu\u00e9 es lo que resulta decisivo en una persona? Su cultura.<\/p>\n<p>Vivimos en tiempos en los que hasta tenemos memes de la pobreza. Chistes de la pobreza. Bromas de la escasez. La vez pasada un muchacho comparti\u00f3 en su muro de facebook un meme que dec\u00eda:<\/p>\n<p>\u201cBusco novia\u2026se barrer, se cocinar, planchar y, encima, me dejo pegar\u201d. Todo el mundo se re\u00eda. \u201cJAJAJAJAJ, que buena.\u201d, dec\u00edan los comentarios. Det\u00e9nganse usted un momento y analice lo que hay detr\u00e1s de la broma. \u00bfPor qu\u00e9 bromear con la pobreza cuando podemos bromear con la riqueza? Ese muchacho pudo poner un chiste que diga: \u201cBusco novia\u2026soy un magnate, tengo una mansi\u00f3n, viajo por el mundo y tengo una Diners Club..\u201d<\/p>\n<p>La raz\u00f3n es la cultura\u2026 nuestra cultura en el Per\u00fa, y en general en Latinoam\u00e9rica, es una cultura centrada en la escasez, en el conformismo. Le pongo otro ejemplo: Una joven le presenta su novio a una amiga, a quien ve\u00eda despu\u00e9s de bastante tiempo. Todo iba bien. Conversaci\u00f3n va, conversaci\u00f3n viene, cuando de pronto el muchacho (el novio) se fue al ba\u00f1o, la amiga dice: \u201cNo lo puedo creeeer\u2026 \u00bf\u00e9l es tu novio?\u201d Y la novia responde ri\u00e9ndose: \u201cA nada.\u201d Si estudiamos esa respuesta, lo que hay detr\u00e1s es conformismo. La traducci\u00f3n de \u201cA nada\u201d es que \u201calgo es algo, este feo es mejor que andar sola.\u201d Y claro, toleramos esas expresiones porque las decimos como broma. Creemos que no es ofensivo y ciertamente puede que no lo sea, pero de que es alimento para una cultura de escasez, LO ES.<\/p>\n<p>Una se\u00f1ora le pide un favor a su hermana. Cuando la mujer estaba diciendo: \u201cMary, hazme un favor\u2026\u201d su hermana la interrumpi\u00f3 para decirle: \u201cCualquier cosa menos plata\u2026\u201d La pregunta es una sola: \u00bfPor qu\u00e9 esa mujer sospecha que el favor que le van a pedir es un prestamos de dinero? \u00bfPor qu\u00e9 es lo primero que se le ocurre?<\/p>\n<p>La pobreza camuflada, la escasez como cultura, el conformismo tolerado, las bromas mediocres\u2026 eso es lo que tenemos que cambiar. \u00bfC\u00f3mo? Empiece por su vocabulario. Las palabras tienen poder\u2026as\u00ed que preste atenci\u00f3n a lo que dice y a sus reacciones. Estudie las bromas de su entorno. Pr\u00e9stele atenci\u00f3n a todo\u2026 Empiece por all\u00ed. Le pongo un \u00faltimo caso: Una se\u00f1ora quiere que su esposo baje de peso, pero siempre le dice \u201cGORDITO\u201d, de cari\u00f1o. Cada vez que ese tipo escucha la palabra gordito, \u00bfqu\u00e9 cuadro mental creen que aparece en su mente?<\/p>\n<p>Fuente: https:\/\/carloslancot.com\/<\/p>\n<\/div>\n<\/article>\n<\/div>\n","protected":false},"excerpt":{"rendered":"<p>BASAMENTO ESENCIAL.<\/p>\n","protected":false},"author":3,"featured_media":4000,"comment_status":"open","ping_status":"open","sticky":false,"template":"","format":"standard","meta":{"footnotes":"","jetpack_publicize_message":"","jetpack_publicize_feature_enabled":true,"jetpack_social_post_already_shared":false,"jetpack_social_options":{"image_generator_settings":{"template":"highway","default_image_id":0,"font":"","enabled":false},"version":2}},"categories":[17],"tags":[552,551],"class_list":["post-3996","post","type-post","status-publish","format-standard","has-post-thumbnail","hentry","category-politica","tag-ignorancia","tag-pobreza"],"jetpack_publicize_connections":[],"jetpack_featured_media_url":"https:\/\/revistaepocadigital.com.ar\/wp-content\/uploads\/2020\/01\/educacion-tecnologiab.jpg","jetpack_likes_enabled":true,"_links":{"self":[{"href":"https:\/\/revistaepocadigital.com.ar\/index.php?rest_route=\/wp\/v2\/posts\/3996","targetHints":{"allow":["GET"]}}],"collection":[{"href":"https:\/\/revistaepocadigital.com.ar\/index.php?rest_route=\/wp\/v2\/posts"}],"about":[{"href":"https:\/\/revistaepocadigital.com.ar\/index.php?rest_route=\/wp\/v2\/types\/post"}],"author":[{"embeddable":true,"href":"https:\/\/revistaepocadigital.com.ar\/index.php?rest_route=\/wp\/v2\/users\/3"}],"replies":[{"embeddable":true,"href":"https:\/\/revistaepocadigital.com.ar\/index.php?rest_route=%2Fwp%2Fv2%2Fcomments&post=3996"}],"version-history":[{"count":0,"href":"https:\/\/revistaepocadigital.com.ar\/index.php?rest_route=\/wp\/v2\/posts\/3996\/revisions"}],"wp:featuredmedia":[{"embeddable":true,"href":"https:\/\/revistaepocadigital.com.ar\/index.php?rest_route=\/wp\/v2\/media\/4000"}],"wp:attachment":[{"href":"https:\/\/revistaepocadigital.com.ar\/index.php?rest_route=%2Fwp%2Fv2%2Fmedia&parent=3996"}],"wp:term":[{"taxonomy":"category","embeddable":true,"href":"https:\/\/revistaepocadigital.com.ar\/index.php?rest_route=%2Fwp%2Fv2%2Fcategories&post=3996"},{"taxonomy":"post_tag","embeddable":true,"href":"https:\/\/revistaepocadigital.com.ar\/index.php?rest_route=%2Fwp%2Fv2%2Ftags&post=3996"}],"curies":[{"name":"wp","href":"https:\/\/api.w.org\/{rel}","templated":true}]}}