{"id":4005,"date":"2020-01-14T00:16:31","date_gmt":"2020-01-14T03:16:31","guid":{"rendered":"https:\/\/revistaepocadigital.com.ar\/?p=4005"},"modified":"2020-01-14T00:16:31","modified_gmt":"2020-01-14T03:16:31","slug":"perdon-a-los-jubilados-por-el-destrato-que-sufrieron-en-estos-cuatro-anos","status":"publish","type":"post","link":"https:\/\/revistaepocadigital.com.ar\/?p=4005","title":{"rendered":"PERD\u00d3N A LOS JUBILADOS \u201cPOR EL DESTRATO QUE SUFRIERON EN ESTOS CUATRO A\u00d1OS\u201d"},"content":{"rendered":"<table class=\"yiv2810097097MsoNormalTable\" border=\"0\" width=\"100%\" cellspacing=\"0\" cellpadding=\"0\">\n<tbody>\n<tr>\n<td>\n<p class=\"yiv2810097097MsoNormal\" align=\"center\"><b>LO PIDI\u00d3 ALEJANDRO VANOLI.<!--more--><\/b><\/p>\n<p class=\"yiv2810097097MsoNormal\"><i>El titular de la ANSES estuvo presente en la Federaci\u00f3n Solidaria de Jubilados y Pensionados que nuclea varios centros de jubilados de la Ciudad Aut\u00f3noma de Buenos Aires. Durante el encuentro hizo un repaso de los logros del primer mes de gesti\u00f3n del presidente <b>Alberto Fern\u00e1ndez<\/b>.<\/i><\/p>\n<p><img loading=\"lazy\" decoding=\"async\" class=\"aligncenter size-full wp-image-4010\" src=\"https:\/\/revistaepocadigital.com.ar\/wp-content\/uploads\/2020\/01\/0.jpg\" alt=\"\" width=\"605\" height=\"403\" srcset=\"https:\/\/revistaepocadigital.com.ar\/wp-content\/uploads\/2020\/01\/0.jpg 605w, https:\/\/revistaepocadigital.com.ar\/wp-content\/uploads\/2020\/01\/0-300x200.jpg 300w\" sizes=\"auto, (max-width: 605px) 100vw, 605px\" \/><\/td>\n<\/tr>\n<tr>\n<td>\n<p class=\"yiv2810097097MsoNormal\">El Director Ejecutivo de la ANSES,\u00a0<b>Alejandro Vanoli<\/b>, asisti\u00f3 a un encuentro con m\u00e1s de 100 adultos mayores de la Federaci\u00f3n Solidaria de Jubilados y Pensionados, y les manifest\u00f3 que \u201c<i>desde el lugar que represento quiero pedir perd\u00f3n en nombre del Estado por el destrato que sufrieron en estos cuatro a\u00f1os<\/i>\u201d.<\/p>\n<p class=\"yiv2810097097MsoNormal\">Durante el encuentro, el titular del organismo convers\u00f3 con los presentes, adheridos a varios centros de jubilados de la Ciudad Aut\u00f3noma de Buenos Aires, con quienes convers\u00f3, discuti\u00f3 temas importantes, al tiempo que escuch\u00f3 consultas y sugerencias.<\/p>\n<p class=\"yiv2810097097MsoNormal\">Asimismo,\u00a0<b>Vanoli<\/b>\u00a0hizo un balance de los logros del primer mes de gesti\u00f3n del nuevo gobierno y, en este marco, hizo menci\u00f3n al deterioro institucional y econ\u00f3mico que se manifiesta en la p\u00e9rdida de poder adquisitivo de jubilaciones, pensiones y asignaciones familiares, como del valor del Fondo de Garant\u00eda de Sustentabilidad (FGS).<\/p>\n<p class=\"yiv2810097097MsoNormal\">\u201c<i>Encontramos un pa\u00eds devastado, casi en default, casi sin reservas, con d\u00e9ficit fiscal, pero en este estado de crisis, nuestra prioridad son los m\u00e1s vulnerables y los que menos tienen. Vamos a rever integralmente el funcionamiento de las unidades de atenci\u00f3n al p\u00fablico, vamos a recuperar pol\u00edticas p\u00fablicas y a mejorar la atenci\u00f3n para que sea m\u00e1s amigable para todos ustedes y para todos los que reciben prestaciones de la ANSES<\/i>\u201d, enfatiz\u00f3\u00a0<b>Vanoli<\/b>.<\/p>\n<p class=\"yiv2810097097MsoNormal\">El titular de la ANSES consider\u00f3 que \u201c<i>todos sabemos lo que hubiera sucedido si ellos<\/i> (el gobierno anterior) <i>hubieran ganado las elecciones: hoy estar\u00edamos en la puerta de la privatizaci\u00f3n del sistema jubilatorio<\/i>\u201d.<\/p>\n<p class=\"yiv2810097097MsoNormal\"><i>&#8220;A un mes del inicio de la reconstrucci\u00f3n de la Argentina, del gobierno de<b>\u00a0Alberto Fern\u00e1ndez<\/b>, quiero comprometerlos a que est\u00e9n codo a codo, d\u00eda a d\u00eda, con nosotros, oblig\u00e1ndonos, exigi\u00e9ndonos para que la ANSES vuelva a ser lo que fue y logremos la Argentina que nos merecemos. Tenemos la decisi\u00f3n pol\u00edtica de gobernar para la gente y queremos empezar una etapa nueva de cercan\u00eda, que todos los jubilados y pensionados sepan que los funcionarios queremos estar con ustedes, saber cu\u00e1les son sus demandas y que esa escucha sea el inicio de una acci\u00f3n permanente con los adultos mayores y con quienes hacen el trabajo social y territorial para articular las pol\u00edticas sociales conociendo sus necesidades puntuales<\/i>\u201d, finaliz\u00f3\u00a0<b>Vanoli<\/b>.<\/p>\n<p>Fotos: Prensa ANSES<\/td>\n<\/tr>\n<\/tbody>\n<\/table>\n<p>&nbsp;<\/p>\n","protected":false},"excerpt":{"rendered":"<p>LO PIDI\u00d3 ALEJANDRO VANOLI.<\/p>\n","protected":false},"author":3,"featured_media":4009,"comment_status":"open","ping_status":"open","sticky":false,"template":"","format":"standard","meta":{"footnotes":"","jetpack_publicize_message":"","jetpack_publicize_feature_enabled":true,"jetpack_social_post_already_shared":false,"jetpack_social_options":{"image_generator_settings":{"template":"highway","default_image_id":0,"font":"","enabled":false},"version":2}},"categories":[81,13],"tags":[21,553],"class_list":["post-4005","post","type-post","status-publish","format-standard","has-post-thumbnail","hentry","category-anses","category-interes-general","tag-anses","tag-vanoli"],"jetpack_publicize_connections":[],"jetpack_featured_media_url":"https:\/\/revistaepocadigital.com.ar\/wp-content\/uploads\/2020\/01\/thumb.php_.jpg","jetpack_likes_enabled":true,"_links":{"self":[{"href":"https:\/\/revistaepocadigital.com.ar\/index.php?rest_route=\/wp\/v2\/posts\/4005","targetHints":{"allow":["GET"]}}],"collection":[{"href":"https:\/\/revistaepocadigital.com.ar\/index.php?rest_route=\/wp\/v2\/posts"}],"about":[{"href":"https:\/\/revistaepocadigital.com.ar\/index.php?rest_route=\/wp\/v2\/types\/post"}],"author":[{"embeddable":true,"href":"https:\/\/revistaepocadigital.com.ar\/index.php?rest_route=\/wp\/v2\/users\/3"}],"replies":[{"embeddable":true,"href":"https:\/\/revistaepocadigital.com.ar\/index.php?rest_route=%2Fwp%2Fv2%2Fcomments&post=4005"}],"version-history":[{"count":0,"href":"https:\/\/revistaepocadigital.com.ar\/index.php?rest_route=\/wp\/v2\/posts\/4005\/revisions"}],"wp:featuredmedia":[{"embeddable":true,"href":"https:\/\/revistaepocadigital.com.ar\/index.php?rest_route=\/wp\/v2\/media\/4009"}],"wp:attachment":[{"href":"https:\/\/revistaepocadigital.com.ar\/index.php?rest_route=%2Fwp%2Fv2%2Fmedia&parent=4005"}],"wp:term":[{"taxonomy":"category","embeddable":true,"href":"https:\/\/revistaepocadigital.com.ar\/index.php?rest_route=%2Fwp%2Fv2%2Fcategories&post=4005"},{"taxonomy":"post_tag","embeddable":true,"href":"https:\/\/revistaepocadigital.com.ar\/index.php?rest_route=%2Fwp%2Fv2%2Ftags&post=4005"}],"curies":[{"name":"wp","href":"https:\/\/api.w.org\/{rel}","templated":true}]}}