{"id":4021,"date":"2020-01-16T02:17:46","date_gmt":"2020-01-16T05:17:46","guid":{"rendered":"https:\/\/revistaepocadigital.com.ar\/?p=4021"},"modified":"2020-01-16T02:17:46","modified_gmt":"2020-01-16T05:17:46","slug":"el-robo-en-la-escuela-11-asi-seguimos-estando","status":"publish","type":"post","link":"https:\/\/revistaepocadigital.com.ar\/?p=4021","title":{"rendered":"El robo en la Escuela 11, as\u00ed seguimos estando&#8230;"},"content":{"rendered":"<ul>\n<li><strong>ROBAR NO ADMITE CALIFICATIVOS, Y SI EL ROBO ES PERPETRADO EN UNA ESCUELA, LA CENSURA Y REPUDIO, ALCANZAN MUCHA M\u00c1S FUERZA. LA POLICIA INFORM\u00d3 QUE LOS AUTORES SON MENORES.<\/strong><!--more--><\/li>\n<\/ul>\n<p><img loading=\"lazy\" decoding=\"async\" class=\"aligncenter size-full wp-image-4037\" src=\"https:\/\/revistaepocadigital.com.ar\/wp-content\/uploads\/2020\/01\/1.jpg\" alt=\"\" width=\"720\" height=\"960\" srcset=\"https:\/\/revistaepocadigital.com.ar\/wp-content\/uploads\/2020\/01\/1.jpg 720w, https:\/\/revistaepocadigital.com.ar\/wp-content\/uploads\/2020\/01\/1-225x300.jpg 225w, https:\/\/revistaepocadigital.com.ar\/wp-content\/uploads\/2020\/01\/1-696x928.jpg 696w, https:\/\/revistaepocadigital.com.ar\/wp-content\/uploads\/2020\/01\/1-315x420.jpg 315w, https:\/\/revistaepocadigital.com.ar\/wp-content\/uploads\/2020\/01\/1-630x840.jpg 630w\" sizes=\"auto, (max-width: 720px) 100vw, 720px\" \/><\/p>\n<p>Acerca del <strong>intolerable suceso producido en la Escuela 11 de Los Cardales<\/strong>, en EPOCA consideramos que val\u00eda la pena reproducir lo que sostuvo en su cuenta de la red social Facebook, la ex concejal<strong> Graciela Venturino.<\/strong><\/p>\n<p><em>&#8220;Amanecimos con la triste noticia del robo a la Escuela 11, con <strong>actos de vandalismo que duelen m\u00e1s que el propio robo.<\/strong><\/em><\/p>\n<p><em>Bomberos, cooperadora, consejo escolar, la muni, todos est\u00e1n trabajando para reparar, ordenar, para que todo quede bien.<\/em><\/p>\n<p><em>Las paredes se pintan, los pisos se lavan, los expedientes de los chicos se rearmar\u00e1n, y gracias al aporte de la comunidad, todo lo roto o robado volver\u00e1 a comprarse. Pero hay algo que ni todo el dinero del mundo podr\u00e1 recomponer: <strong>l<\/strong><span class=\"text_exposed_show\"><strong>a conciencia, el esp\u00edritu enfermo de estos v\u00e1ndalos que seguro son hijos de este pueblo, y muy probablemente exalumnos de la escuela.<\/strong> <strong>Uno no roba su propia casa<\/strong>, no destruye lo que con tanto esfuerzo su &#8220;familia&#8221; consigui\u00f3 a trav\u00e9s del trabajo de todos.<\/span><\/em><\/p>\n<p><em><span class=\"text_exposed_show\"><strong>Creo, tristemente, que cuando la escuela deja de ser el segundo hogar, es porque la casa hace tiempo dej\u00f3 de ser el primero<\/strong>&#8230; Todav\u00eda somos una comunidad peque\u00f1a, ajena a los grandes males de las ciudades, todavia podemos frenar esta locura.<\/span><\/em><\/p>\n<p><em><span class=\"text_exposed_show\">Trabajar desde las propias escuelas, los clubes, las iglesias de todos los credos, la<strong> muni sin bander\u00edas,<\/strong> en <strong>crear conciencia de comunidad en los ni\u00f1os,<\/strong> arrancando desde el jardin de infantes, comprometiendo a las familias, para volver a ser el Cardales que fuimos.<\/span><\/em><\/p>\n<p><em><span class=\"text_exposed_show\"><strong>No quiero perder la esperanza ni la f\u00e9 en quienes somos<\/strong>&#8230; somos tus hijos, ESCUELA 11, y te queremos de pie!!!&#8221;.<\/span><\/em><\/p>\n<p><img loading=\"lazy\" decoding=\"async\" class=\"aligncenter size-full wp-image-4038\" src=\"https:\/\/revistaepocadigital.com.ar\/wp-content\/uploads\/2020\/01\/2.jpg\" alt=\"\" width=\"720\" height=\"960\" srcset=\"https:\/\/revistaepocadigital.com.ar\/wp-content\/uploads\/2020\/01\/2.jpg 720w, https:\/\/revistaepocadigital.com.ar\/wp-content\/uploads\/2020\/01\/2-225x300.jpg 225w, https:\/\/revistaepocadigital.com.ar\/wp-content\/uploads\/2020\/01\/2-696x928.jpg 696w, https:\/\/revistaepocadigital.com.ar\/wp-content\/uploads\/2020\/01\/2-315x420.jpg 315w, https:\/\/revistaepocadigital.com.ar\/wp-content\/uploads\/2020\/01\/2-630x840.jpg 630w\" sizes=\"auto, (max-width: 720px) 100vw, 720px\" \/><\/p>\n<p><img loading=\"lazy\" decoding=\"async\" class=\"aligncenter size-full wp-image-4040\" src=\"https:\/\/revistaepocadigital.com.ar\/wp-content\/uploads\/2020\/01\/5.jpg\" alt=\"\" width=\"720\" height=\"960\" srcset=\"https:\/\/revistaepocadigital.com.ar\/wp-content\/uploads\/2020\/01\/5.jpg 720w, https:\/\/revistaepocadigital.com.ar\/wp-content\/uploads\/2020\/01\/5-225x300.jpg 225w, https:\/\/revistaepocadigital.com.ar\/wp-content\/uploads\/2020\/01\/5-696x928.jpg 696w, https:\/\/revistaepocadigital.com.ar\/wp-content\/uploads\/2020\/01\/5-315x420.jpg 315w, https:\/\/revistaepocadigital.com.ar\/wp-content\/uploads\/2020\/01\/5-630x840.jpg 630w\" sizes=\"auto, (max-width: 720px) 100vw, 720px\" \/><\/p>\n<p>&nbsp;<\/p>\n<p>Y ac\u00e1 el i<strong>nforme de la Polic\u00eda de los Cardales donde ha mencionado que los autores al menos dos concurren a la misma escuela!!!.<\/strong><\/p>\n<p>*S.E.P.C. Los Cardales ALANAMIENTOS y ESCLARECIMIENTO ROBO ESCUELA PUBLICA 11*<br \/>\nFecha Edgo. Gabinete Criminologico de \u00e9sta juntamente con personal G.T.O. de Estacion Pol. Comunal Primera Capilla del Se\u00f1or y Estacion Pol. Comunal Segunda P. Robles, dando cumplimiento a \u00f3rdenes de Allanamientos librados en *Causa 5203\/20* caratulada *ROBO CALIFICADO POR HABERSE COMETIDO EN POBLADO Y EN BANDA* por Juzg. Garantias del Joven 1 Dep. Judicial Zarate Campana (relacionada a IPP. 18-03-00049-20\/00 \u2013 Fiscalia Penal Juvenil 1 Dptal.) raiz hecho ocurrido dia 13 del corriente mes y a\u00f1o en Escuela Publica Nro. 11, es que al tomar conocimiento del hecho se requiri\u00f3 telef\u00f3nicamente al CAV Municipal que efect\u00fae un relevamiento en las filmaciones de las c\u00e1maras de seguridad mas cercanas a la Escuela Publica Nro. 11, sito en calle Estrada y 25 de Mayo de este medio, como as\u00ed tambi\u00e9n personal del Gabinete Criminol\u00f3gico de \u00e9sta y personal subalterno, inspeccionaron la zona en b\u00fasqueda de c\u00e1maras de filmaci\u00f3n de particulares y comercios, teniendo contacto directo con los empleados del CAV quienes adelantaban cualquier novedad de inter\u00e9s.<br \/>\nPosteriormente, contando con los CD con almacenamiento de c\u00e1maras municipales y de comercios de la zona, mediante el an\u00e1lisis visual de los contenidos, el Gabinete Criminol\u00f3gico de \u00e9sta, Teniente Primero Speranza, logr\u00f3 establecer que los autores del hecho resultan ser menores de edad que frecuentan la plaza de esta ciudad a altas horas de la noche y madrugada, solicitandose a la Fiscalia Penal Juvenil 2 a cargo del Dr. Martin Reinas, la tramitaci\u00f3n de \u00f3rdenes de allanamiento otorgados por el Juzgado de Garnatias del Joven 1 Dptal. que se llevar\u00e1n a cabo en la fecha por personal ut supra citados, supervisados por el Jefe Comunal de Exaltacion de la Cruz Comisario Jos\u00e9 Manteiga y el titular de la Subestacion de Policia Comunal Los Cardales Comisario Luis Mart\u00edn Pino, arrojando resultados POSITIVOS, notificandose a los menores imputados de la formaci\u00f3n sumaria y SECUESTRANDOSE un mate y bombilla como asi tambi\u00e9n un bolso color negro con detalles fucsias con insignia similar a la marca Nike, conteniendo en su interior un micr\u00f3fono negro, sin marca visible, carente de numeraci\u00f3n alguna de aproximadamente diez cent\u00edmetros de longitud, con cable conectado en su base cuyo extremo contiene ficha mini plus, monitor roto marca Benq, serie n\u00ba ETVB901230026, estuche de tela color negro con marca visible en letras grises que rezan EPSON, el cual contiene en su interior proyector marca Epson, modelo H429A, LCD Proyector, serie n\u00ba PSCK3803097, un pantal\u00f3n deportivo color azul, con l\u00edneas laterales \u00be color azul mas claro, con insignia en su frente del logotipo de la marca Nike y en el lado opuesto el logo del Club Deportivo Boca Junior, talle 16 y gorra visera gris con bordado en su frente que reza FILA en color azul y rojo, tama\u00f1o \u00fanico, One Siza Fits Ali, elementos \u00e9stos que resultan coincidentes con los que vistiera el causante al momento de los hechos y fuera observado mediante c\u00e1mara de seguridad, un monitor marca Benq, modelo ET0024-NA, color negro, de 16.9\u201d, serie n\u00ba ETVB901176026, en buen estado de uso; teclado marca Eurocase, color negro, modelo EUKMW-706, en buen estado; Optical Mouse marca Eurocase modelo EUKMW-706, en buen estado; cable de alimentaci\u00f3n color negro, sin marca ni modelo; cable de alimentaci\u00f3n color negro con capacitor marca GREAT WALL, modelo ADPS-1903420, serie n\u00ba 2A121003271; PC All IN ONE, serie n\u00ba B1D52501G05296.<br \/>\nComo dato de interes, se estableci\u00f3 que hermanos de uno de los menores autores materiales de la sustracci\u00f3n de los elementos concurren al establecimiento educativo donde ocurrieran los hechos.<\/p>\n<p><img loading=\"lazy\" decoding=\"async\" class=\"aligncenter size-full wp-image-4039\" src=\"https:\/\/revistaepocadigital.com.ar\/wp-content\/uploads\/2020\/01\/3.jpg\" alt=\"\" width=\"720\" height=\"960\" srcset=\"https:\/\/revistaepocadigital.com.ar\/wp-content\/uploads\/2020\/01\/3.jpg 720w, https:\/\/revistaepocadigital.com.ar\/wp-content\/uploads\/2020\/01\/3-225x300.jpg 225w, https:\/\/revistaepocadigital.com.ar\/wp-content\/uploads\/2020\/01\/3-696x928.jpg 696w, https:\/\/revistaepocadigital.com.ar\/wp-content\/uploads\/2020\/01\/3-315x420.jpg 315w, https:\/\/revistaepocadigital.com.ar\/wp-content\/uploads\/2020\/01\/3-630x840.jpg 630w\" sizes=\"auto, (max-width: 720px) 100vw, 720px\" \/><\/p>\n<p><strong>Y ac\u00e1 lo manifestado por el Consejo Escolar de Exaltaci\u00f3n de la Cruz.<\/strong><\/p>\n<div class=\"mtm _5pco\" data-testid=\"post_message\" data-ft=\"{&quot;tn&quot;:&quot;K&quot;}\">\n<p>ROBO Y VANDALISMO EN E.P. N\u00b0 11<\/p>\n<p><em>Repudiamos los lamentables hechos ocurridos en la E.P. N\u00b0 11 de la localidad de Los Cardales. <strong>Es la segunda vez que ingresan en menos de un mes.<\/strong><\/em><br \/>\n<em>Ya se realiz\u00f3 la respectiva denuncia y se encuentra la Polic\u00eda trabajando en el lugar, aguardando la presencia de Cient\u00edfica.<\/em><\/p>\n<p><em>No<\/em> <strong>solo revolvieron absolutamente todo, sino que orinaron y defecaron en los salones, hay faltante de objetos materiales, tambi\u00e9n roturas, cerraduras forzadas, vaciamiento de matafuegos e inscripciones nefastas en mesas y paredes.<\/strong><\/p>\n<p><em>Nos llena de una profunda tristeza que haya personas que tengan tanta maldad para destruir una escuela a la que asisten tantos chicos, y que es de todos.<\/em><\/p>\n<\/div>\n<p>&nbsp;<\/p>\n<p>&nbsp;<\/p>\n<p>&nbsp;<\/p>\n","protected":false},"excerpt":{"rendered":"<p>ROBAR NO ADMITE CALIFICATIVOS, Y SI EL ROBO ES PERPETRADO EN UNA ESCUELA, LA CENSURA Y REPUDIO, ALCANZAN MUCHA M\u00c1S FUERZA. LA POLICIA INFORM\u00d3 QUE LOS AUTORES SON MENORES.<\/p>\n","protected":false},"author":4,"featured_media":4036,"comment_status":"open","ping_status":"open","sticky":false,"template":"","format":"standard","meta":{"footnotes":"","jetpack_publicize_message":"","jetpack_publicize_feature_enabled":true,"jetpack_social_post_already_shared":false,"jetpack_social_options":{"image_generator_settings":{"template":"highway","default_image_id":0,"font":"","enabled":false},"version":2}},"categories":[4,13],"tags":[556],"class_list":["post-4021","post","type-post","status-publish","format-standard","has-post-thumbnail","hentry","category-aqui-los-cardales","category-interes-general","tag-robo-escuela-11"],"jetpack_publicize_connections":[],"jetpack_featured_media_url":"https:\/\/revistaepocadigital.com.ar\/wp-content\/uploads\/2020\/01\/4.jpg","jetpack_likes_enabled":true,"_links":{"self":[{"href":"https:\/\/revistaepocadigital.com.ar\/index.php?rest_route=\/wp\/v2\/posts\/4021","targetHints":{"allow":["GET"]}}],"collection":[{"href":"https:\/\/revistaepocadigital.com.ar\/index.php?rest_route=\/wp\/v2\/posts"}],"about":[{"href":"https:\/\/revistaepocadigital.com.ar\/index.php?rest_route=\/wp\/v2\/types\/post"}],"author":[{"embeddable":true,"href":"https:\/\/revistaepocadigital.com.ar\/index.php?rest_route=\/wp\/v2\/users\/4"}],"replies":[{"embeddable":true,"href":"https:\/\/revistaepocadigital.com.ar\/index.php?rest_route=%2Fwp%2Fv2%2Fcomments&post=4021"}],"version-history":[{"count":0,"href":"https:\/\/revistaepocadigital.com.ar\/index.php?rest_route=\/wp\/v2\/posts\/4021\/revisions"}],"wp:featuredmedia":[{"embeddable":true,"href":"https:\/\/revistaepocadigital.com.ar\/index.php?rest_route=\/wp\/v2\/media\/4036"}],"wp:attachment":[{"href":"https:\/\/revistaepocadigital.com.ar\/index.php?rest_route=%2Fwp%2Fv2%2Fmedia&parent=4021"}],"wp:term":[{"taxonomy":"category","embeddable":true,"href":"https:\/\/revistaepocadigital.com.ar\/index.php?rest_route=%2Fwp%2Fv2%2Fcategories&post=4021"},{"taxonomy":"post_tag","embeddable":true,"href":"https:\/\/revistaepocadigital.com.ar\/index.php?rest_route=%2Fwp%2Fv2%2Ftags&post=4021"}],"curies":[{"name":"wp","href":"https:\/\/api.w.org\/{rel}","templated":true}]}}