{"id":4057,"date":"2020-01-21T01:03:53","date_gmt":"2020-01-21T04:03:53","guid":{"rendered":"https:\/\/revistaepocadigital.com.ar\/?p=4057"},"modified":"2020-01-21T01:03:53","modified_gmt":"2020-01-21T04:03:53","slug":"estacionar-en-el-centro-de-capilla-mision-casi-imposible","status":"publish","type":"post","link":"https:\/\/revistaepocadigital.com.ar\/?p=4057","title":{"rendered":"ESTACIONAR EN EL CENTRO DE CAPILLA, MISION CASI IMPOSIBLE"},"content":{"rendered":"<div class=\"itemIntroText\">\n<p><strong>UN PROBLEMA QUE SE REITERA A DIARIO.<\/strong><\/p>\n<p>Es conseguir <strong>estacionamiento en las calles del centro de Capilla del Se\u00f1o<\/strong>r, problem\u00e1tica que deber\u00eda ser abordada por el municipio, as\u00ed como otras cuestiones que hacen al tr\u00e1nsito de autos, colectivos, camiones y a la recolecci\u00f3n de residuos en horas pico en la ciudad. El tema vinculado a las dificultades para estacionar, ha sido reflejado en una nota del sitio web Capillaonline que ac\u00e1 reproducimos.<\/p>\n<p><em>&#8220;El problema es f\u00e1cil de apreciar cuando tratamos de estacionar en el centro de un pueblo que se va a transformando en ciudad, cada vez es m\u00e1s dif\u00edcil encontrar un lugar, el an\u00e1lisis de alguna soluci\u00f3n es evidente.<\/em><\/p>\n<\/div>\n<div class=\"itemFullText\">\n<p><em>El verano y la llegada de mayor cantidad de gente denota una problem\u00e1tica que va creciendo de manera entendible, el crecimiento demogr\u00e1fico, la cantidad de nuevos vecinos va cambiando la fisonom\u00eda de un pueblo que est\u00e1 dejando de serlo.<\/em><\/p>\n<p><em>Llegar al centro, la plaza, la zona bancaria es encontrarse con un sinf\u00edn de veh\u00edculos estacionados, algunos por horas impidiendo la rotaci\u00f3n de los espacios en donde dejar el auto, hay otros que est\u00e1n constantemente ocupados durante todo el d\u00eda, otros menos sutiles comienzan a hacer doble fila obstaculizando el tr\u00e1nsito y dando pie a gran cantidad de situaciones potencialmente problem\u00e1ticas, la disposici\u00f3n desorganizada de autos tiene impacto en los transe\u00fantes que deben en algunos casos cruzar gambeteando autos que no debieran estar donde est\u00e1n.<\/em><\/p>\n<\/div>\n<p><img loading=\"lazy\" decoding=\"async\" class=\"aligncenter size-full wp-image-4062\" src=\"https:\/\/revistaepocadigital.com.ar\/wp-content\/uploads\/2020\/01\/capilla-transito-cap-online.jpg\" alt=\"\" width=\"800\" height=\"409\" srcset=\"https:\/\/revistaepocadigital.com.ar\/wp-content\/uploads\/2020\/01\/capilla-transito-cap-online.jpg 800w, https:\/\/revistaepocadigital.com.ar\/wp-content\/uploads\/2020\/01\/capilla-transito-cap-online-300x153.jpg 300w, https:\/\/revistaepocadigital.com.ar\/wp-content\/uploads\/2020\/01\/capilla-transito-cap-online-768x393.jpg 768w, https:\/\/revistaepocadigital.com.ar\/wp-content\/uploads\/2020\/01\/capilla-transito-cap-online-696x356.jpg 696w\" sizes=\"auto, (max-width: 800px) 100vw, 800px\" \/><\/p>\n<div class=\"itemFullText\">\n<p><em>La circulaci\u00f3n es otro tema que se desprende de lo anterior, como en una calesita de la suerte y chance las veh\u00edculos comienzan a dar vueltas y vueltas buscando un hueco en donde poder amarrar la nave, la zona de la plaza es prohibida en horario comercial en los d\u00edas h\u00e1biles, pero los fines de semana se pone a\u00fan m\u00e1s complicado en donde se agregan las motos para hacer el caldo m\u00e1s espeso.<\/em><\/p>\n<p><em>Ya desde la calle Irigoyen se puede ver poco lugar disponible, a medida que nos aproximamos a la zona de bancos se pone peor a\u00fan, ni hablar de Belgrano, Rivadavia, Moreno, Balcarce, Mitre y Urcelay son algunas de las damnificadas m\u00e1s evidentes. Esto no solo se manifiesta en Capilla sino tambi\u00e9n en Los Cardales que tienen sus propios inconvenientes sin nada que poder envidiar a los capilleros.<\/em><\/p>\n<p><em>Si damos una mirada a nuestros vecinos como Zarate, Luj\u00e1n y Pilar que desde ya son enormes en comparaci\u00f3n de Capilla podemos ver que uno de los organizadores que han funcionado es el estacionamiento tarifado, que se pague para dejar el veh\u00edculo, esto posiblemente agilizar\u00eda el uso de espacios disponibles, impedir\u00eda que un solo auto ocupe un lugar durante todo el d\u00eda. <\/em><\/p>\n<p><em>Sin dudas esta posible soluci\u00f3n tendr\u00e1 que ser evaluada en alg\u00fan momento, es necesario un ordenador que est\u00e9 a la altura del crecimiento constante de Exaltaci\u00f3n de la Cruz, los horarios picos, l\u00e9ase horario bancario y comercial en donde es mucha la gente que llega hasta la zona mencionada anteriormente. La \u00e9poca no es caprichosa, es verano en donde llega una gran cantidad de turistas que recordemos no viven en el distrito y la mayor\u00eda de las veces tienen otro ritmo y otro modo de hacer las cosas, d\u00e1ndole otro tono a la cotidianidad habitual a la que se est\u00e1 acostumbrado, como ordenador posiblemente no sea mala la idea de comenzar a discutirlos estacionamientos medidos&#8221;.<\/em><\/p>\n<\/div>\n","protected":false},"excerpt":{"rendered":"<p>UN PROBLEMA QUE SE REITERA A DIARIO. Es conseguir estacionamiento en las calles del centro de Capilla del Se\u00f1or, problem\u00e1tica que deber\u00eda ser abordada por el municipio, as\u00ed como otras cuestiones que hacen al tr\u00e1nsito de autos, colectivos, camiones y a la recolecci\u00f3n de residuos en horas pico en la ciudad. El tema vinculado a [&hellip;]<\/p>\n","protected":false},"author":3,"featured_media":4063,"comment_status":"open","ping_status":"open","sticky":false,"template":"","format":"standard","meta":{"footnotes":"","jetpack_publicize_message":"","jetpack_publicize_feature_enabled":true,"jetpack_social_post_already_shared":false,"jetpack_social_options":{"image_generator_settings":{"template":"highway","default_image_id":0,"font":"","enabled":false},"version":2}},"categories":[13],"tags":[],"class_list":["post-4057","post","type-post","status-publish","format-standard","has-post-thumbnail","hentry","category-interes-general"],"jetpack_publicize_connections":[],"jetpack_featured_media_url":"https:\/\/revistaepocadigital.com.ar\/wp-content\/uploads\/2020\/01\/estaciona.jpg","jetpack_likes_enabled":true,"_links":{"self":[{"href":"https:\/\/revistaepocadigital.com.ar\/index.php?rest_route=\/wp\/v2\/posts\/4057","targetHints":{"allow":["GET"]}}],"collection":[{"href":"https:\/\/revistaepocadigital.com.ar\/index.php?rest_route=\/wp\/v2\/posts"}],"about":[{"href":"https:\/\/revistaepocadigital.com.ar\/index.php?rest_route=\/wp\/v2\/types\/post"}],"author":[{"embeddable":true,"href":"https:\/\/revistaepocadigital.com.ar\/index.php?rest_route=\/wp\/v2\/users\/3"}],"replies":[{"embeddable":true,"href":"https:\/\/revistaepocadigital.com.ar\/index.php?rest_route=%2Fwp%2Fv2%2Fcomments&post=4057"}],"version-history":[{"count":0,"href":"https:\/\/revistaepocadigital.com.ar\/index.php?rest_route=\/wp\/v2\/posts\/4057\/revisions"}],"wp:featuredmedia":[{"embeddable":true,"href":"https:\/\/revistaepocadigital.com.ar\/index.php?rest_route=\/wp\/v2\/media\/4063"}],"wp:attachment":[{"href":"https:\/\/revistaepocadigital.com.ar\/index.php?rest_route=%2Fwp%2Fv2%2Fmedia&parent=4057"}],"wp:term":[{"taxonomy":"category","embeddable":true,"href":"https:\/\/revistaepocadigital.com.ar\/index.php?rest_route=%2Fwp%2Fv2%2Fcategories&post=4057"},{"taxonomy":"post_tag","embeddable":true,"href":"https:\/\/revistaepocadigital.com.ar\/index.php?rest_route=%2Fwp%2Fv2%2Ftags&post=4057"}],"curies":[{"name":"wp","href":"https:\/\/api.w.org\/{rel}","templated":true}]}}