{"id":4065,"date":"2020-01-21T01:31:28","date_gmt":"2020-01-21T04:31:28","guid":{"rendered":"https:\/\/revistaepocadigital.com.ar\/?p=4065"},"modified":"2020-01-21T01:31:28","modified_gmt":"2020-01-21T04:31:28","slug":"gervasio-lennon-gauchazo-campeon-en-jesus-maria","status":"publish","type":"post","link":"https:\/\/revistaepocadigital.com.ar\/?p=4065","title":{"rendered":"Gervasio Lennon, \u00a1gauchazo!, campe\u00f3n en Jesus Mar\u00eda."},"content":{"rendered":"<p><strong>ES EL FESTIVAL DE DOMA Y FOLCLORE MAS IMPORTANTE DE LA ARGENTINA Y CON CAR\u00c1CTER INTERNACIONAL.<\/strong><!--more--><\/p>\n<figure id=\"attachment_4069\" aria-describedby=\"caption-attachment-4069\" style=\"width: 300px\" class=\"wp-caption aligncenter\"><img loading=\"lazy\" decoding=\"async\" class=\"size-medium wp-image-4069\" src=\"https:\/\/revistaepocadigital.com.ar\/wp-content\/uploads\/2020\/01\/gervasio-lennon-300x225.jpg\" alt=\"\" width=\"300\" height=\"225\" srcset=\"https:\/\/revistaepocadigital.com.ar\/wp-content\/uploads\/2020\/01\/gervasio-lennon-300x225.jpg 300w, https:\/\/revistaepocadigital.com.ar\/wp-content\/uploads\/2020\/01\/gervasio-lennon-768x576.jpg 768w, https:\/\/revistaepocadigital.com.ar\/wp-content\/uploads\/2020\/01\/gervasio-lennon-80x60.jpg 80w, https:\/\/revistaepocadigital.com.ar\/wp-content\/uploads\/2020\/01\/gervasio-lennon-160x120.jpg 160w, https:\/\/revistaepocadigital.com.ar\/wp-content\/uploads\/2020\/01\/gervasio-lennon-265x198.jpg 265w, https:\/\/revistaepocadigital.com.ar\/wp-content\/uploads\/2020\/01\/gervasio-lennon-530x396.jpg 530w, https:\/\/revistaepocadigital.com.ar\/wp-content\/uploads\/2020\/01\/gervasio-lennon.jpg 960w, https:\/\/revistaepocadigital.com.ar\/wp-content\/uploads\/2020\/01\/gervasio-lennon-696x522.jpg 696w, https:\/\/revistaepocadigital.com.ar\/wp-content\/uploads\/2020\/01\/gervasio-lennon-560x420.jpg 560w\" sizes=\"auto, (max-width: 300px) 100vw, 300px\" \/><figcaption id=\"caption-attachment-4069\" class=\"wp-caption-text\">Una imagen de la TV Publica al entregar el premio al capillense.<\/figcaption><\/figure>\n<p><strong>Gervasio Lennon, se consagr\u00f3 campe\u00f3n en el Festival de Doma y Folclor<\/strong>e que anualmente tiene lugar cada verano en Jesus Mar\u00eda, provincia de C\u00f3rdoba. El capillense tuvo un brillante desempe\u00f1o a lo largo de las 11 jornadas y se convirti\u00f3 en el nuevo campe\u00f3n en la categor\u00eda Bastos con Encimera. En tanto el de Brasil, Pierre Rocha gan\u00f3 en Crina Limpia y Alfredo Ramos en Gurupa Sure\u00f1a.<\/p>\n<p>La actuaci\u00f3n del representante capillense dio lugar a muchos comentarios en Capilla del Se\u00f1or, en las redes sociales y entre los vecinos, lo que qued\u00f3 reflejado en el efusivo recibimiento que se le dio a Gervasio, ante muchos vecinos y con el aporte de los Bomberos Voluntarios en uno de cuyos m\u00f3viles desfil\u00f3 por el centro.<\/p>\n<figure id=\"attachment_4070\" aria-describedby=\"caption-attachment-4070\" style=\"width: 800px\" class=\"wp-caption aligncenter\"><img loading=\"lazy\" decoding=\"async\" class=\"size-full wp-image-4070\" src=\"https:\/\/revistaepocadigital.com.ar\/wp-content\/uploads\/2020\/01\/doma.jpg\" alt=\"\" width=\"800\" height=\"600\" srcset=\"https:\/\/revistaepocadigital.com.ar\/wp-content\/uploads\/2020\/01\/doma.jpg 800w, https:\/\/revistaepocadigital.com.ar\/wp-content\/uploads\/2020\/01\/doma-300x225.jpg 300w, https:\/\/revistaepocadigital.com.ar\/wp-content\/uploads\/2020\/01\/doma-768x576.jpg 768w, https:\/\/revistaepocadigital.com.ar\/wp-content\/uploads\/2020\/01\/doma-80x60.jpg 80w, https:\/\/revistaepocadigital.com.ar\/wp-content\/uploads\/2020\/01\/doma-160x120.jpg 160w, https:\/\/revistaepocadigital.com.ar\/wp-content\/uploads\/2020\/01\/doma-265x198.jpg 265w, https:\/\/revistaepocadigital.com.ar\/wp-content\/uploads\/2020\/01\/doma-696x522.jpg 696w, https:\/\/revistaepocadigital.com.ar\/wp-content\/uploads\/2020\/01\/doma-560x420.jpg 560w\" sizes=\"auto, (max-width: 800px) 100vw, 800px\" \/><figcaption id=\"caption-attachment-4070\" class=\"wp-caption-text\">Terceto de campeones, Gervasio al centro.<\/figcaption><\/figure>\n<p>Como qued\u00f3 dicho en la noche definitoria en Jesus Mar\u00eda, en el Campeonato Internacional de Jineteada, Pierre Rocha (24) se impuso en Crina Limpia, Alfredo Ramos en Gurupa Sure\u00f1a y Gervasio Lennon (30) en Bastos con Encimera. Antes de la \u00faltima monta del campeonato, s\u00f3lo Ramos (27) hab\u00eda logrado una diferencia tal que pod\u00eda darle el lujo de no sumar y ganar lo mismo la rastra de Campe\u00f3n.<\/p>\n<p>En cambio, Pierre Rocha lleg\u00f3 al final como escolta del Campe\u00f3n Rafael Safons y Gervasio Lennon ten\u00eda cent\u00e9simas de diferencia con Joaqu\u00edn Ostheguy, lo que torn\u00f3 en m\u00e1s emotivo a\u00fan el gran logro alcanzado por el de Capilla del Se\u00f1or. Pierre Rocha se llev\u00f3 el premio de 177.600 pesos, Alfredo Ramos 196.350 y Gervasio Lennon, 173.435 pesos y como es tradicional recibieron la preciada rastra de plata y oro en un cinto de cuero que distingue a los Campeones de Jes\u00fas Mar\u00eda. Otros reconocimiento para los ganadores fueron un jam\u00f3n de Familia Gri\u00f3n, una placa de la Confederaci\u00f3n Gaucha Argentina, un viaje a Bariloche para dos personas con estad\u00eda en hotel cuatro estrellas y un cuchillo de alpaca. A su vez, la Municipalidad de Jes\u00fas Mar\u00eda entreg\u00f3 el Premio Alfredo Sp\u00edndola al primero, segundo y tercero de cada categor\u00eda. Consisti\u00f3 en 40 mil pesos al primero, 23 mil al segundo y 15 mil al tercero.<\/p>\n<p>&nbsp;<\/p>\n<p>Ac\u00e1 mir\u00e1 las im\u00e1genes del recibimiento al tan destacado jinete de Capilla del Se\u00f1or:<\/p>\n<div class=\"fb-video\" data-allowfullscreen=\"true\" data-href=\"https:\/\/www.facebook.com\/Esteban.Fabian.Informa\/videos\/3148827371812855\/?t=1\" style=\"background-color: #fff; display: inline-block;\"><\/div>\n<div class=\"fb-video\" data-allowfullscreen=\"true\" data-href=\"https:\/\/www.facebook.com\/Esteban.Fabian.Informa\/videos\/3148816078480651\/?t=23\" style=\"background-color: #fff; display: inline-block;\"><\/div>\n","protected":false},"excerpt":{"rendered":"<p>ES EL FESTIVAL DE DOMA Y FOLCLORE MAS IMPORTANTE DE LA ARGENTINA Y CON CAR\u00c1CTER INTERNACIONAL.<\/p>\n","protected":false},"author":4,"featured_media":4068,"comment_status":"open","ping_status":"open","sticky":false,"template":"","format":"standard","meta":{"footnotes":"","jetpack_publicize_message":"","jetpack_publicize_feature_enabled":true,"jetpack_social_post_already_shared":false,"jetpack_social_options":{"image_generator_settings":{"template":"highway","default_image_id":0,"font":"","enabled":false},"version":2}},"categories":[13],"tags":[37,560,561,562],"class_list":["post-4065","post","type-post","status-publish","format-standard","has-post-thumbnail","hentry","category-interes-general","tag-destacada","tag-doma","tag-gervasio","tag-jesus-maria"],"jetpack_publicize_connections":[],"jetpack_featured_media_url":"https:\/\/revistaepocadigital.com.ar\/wp-content\/uploads\/2020\/01\/gervasio.jpg","jetpack_likes_enabled":true,"_links":{"self":[{"href":"https:\/\/revistaepocadigital.com.ar\/index.php?rest_route=\/wp\/v2\/posts\/4065","targetHints":{"allow":["GET"]}}],"collection":[{"href":"https:\/\/revistaepocadigital.com.ar\/index.php?rest_route=\/wp\/v2\/posts"}],"about":[{"href":"https:\/\/revistaepocadigital.com.ar\/index.php?rest_route=\/wp\/v2\/types\/post"}],"author":[{"embeddable":true,"href":"https:\/\/revistaepocadigital.com.ar\/index.php?rest_route=\/wp\/v2\/users\/4"}],"replies":[{"embeddable":true,"href":"https:\/\/revistaepocadigital.com.ar\/index.php?rest_route=%2Fwp%2Fv2%2Fcomments&post=4065"}],"version-history":[{"count":0,"href":"https:\/\/revistaepocadigital.com.ar\/index.php?rest_route=\/wp\/v2\/posts\/4065\/revisions"}],"wp:featuredmedia":[{"embeddable":true,"href":"https:\/\/revistaepocadigital.com.ar\/index.php?rest_route=\/wp\/v2\/media\/4068"}],"wp:attachment":[{"href":"https:\/\/revistaepocadigital.com.ar\/index.php?rest_route=%2Fwp%2Fv2%2Fmedia&parent=4065"}],"wp:term":[{"taxonomy":"category","embeddable":true,"href":"https:\/\/revistaepocadigital.com.ar\/index.php?rest_route=%2Fwp%2Fv2%2Fcategories&post=4065"},{"taxonomy":"post_tag","embeddable":true,"href":"https:\/\/revistaepocadigital.com.ar\/index.php?rest_route=%2Fwp%2Fv2%2Ftags&post=4065"}],"curies":[{"name":"wp","href":"https:\/\/api.w.org\/{rel}","templated":true}]}}