{"id":4073,"date":"2020-01-22T22:54:24","date_gmt":"2020-01-23T01:54:24","guid":{"rendered":"https:\/\/revistaepocadigital.com.ar\/?p=4073"},"modified":"2020-01-22T22:55:36","modified_gmt":"2020-01-23T01:55:36","slug":"el-crimen-del-chico-que-conmueve-al-pais","status":"publish","type":"post","link":"https:\/\/revistaepocadigital.com.ar\/?p=4073","title":{"rendered":"El crimen del chico que conmueve al pa\u00eds"},"content":{"rendered":"<div class=\"row pb-content-type-text\">\n<div class=\"col-xs-12 col-print-12\">\n<p class=\"element element-paragraph\"><strong>DOS DE LOS RUGBIERS.<!--more--><\/strong><\/p>\n<p class=\"element element-paragraph\">La fiscal Ver\u00f3nica Zamboni, titular de la Unidad Funcional de Instrucci\u00f3n (UFI) 6 de Villa Gesell,<b> imput\u00f3 a dos de los rugbiers detenidos como coautores del homicidio de Fernando B\u00e1ez Sosa. A los otros imputados los consider\u00f3 \u201cpart\u00edcipes necesarios\u201d. Tambi\u00e9n orden\u00f3 dejar en libertad al \u00faltimo detenido, Pablo Ventura como finalmente sucedi\u00f3.<\/b><\/p>\n<p>As\u00ed reflej\u00f3 el conmocionante y repudiable hecho el portal de Infobae.<\/p>\n<\/div>\n<\/div>\n<div class=\"row pb-content-type-text\">\n<div class=\"col-xs-12 col-print-12\">\n<p class=\"element element-paragraph\">Se trata de M\u00e1ximiliano Thomsen y Ciro Pertossi, quienes enfrentar\u00edan una <b>pena m\u00e1xima de prisi\u00f3n perpetua<\/b> debido a que el delito fue calificado como agravado por el \u201cconcurso premeditado de dos o m\u00e1s personas\u201d.<\/p>\n<\/div>\n<\/div>\n<div class=\"row pb-content-type-text\">\n<div class=\"col-xs-12 col-print-12\">\n<p class=\"element element-paragraph\"><mark class=\"hl_yellow\">Maximiliano Thomsen, de 20 a\u00f1os, es hijo de la arquitecta Rosal\u00eda Z\u00e1rate, quien se desempe\u00f1a como Secretaria de Obras P\u00fablicas del municipio de Z\u00e1rate.<\/mark><\/p>\n<\/div>\n<\/div>\n<div class=\"row pb-content-type-text\">\n<div class=\"col-xs-12 col-print-12\">\n<p class=\"element element-paragraph\">Por su parte, <mark class=\"hl_yellow\">C<\/mark><mark class=\"hl_yellow\">iro Pertossi, de 19 a\u00f1os, es hermano de Luciano, otro de los detenidos<\/mark>. Tambi\u00e9n es primo de Lucas Pertossi, quien <a href=\"https:\/\/www.infobae.com\/sociedad\/policiales\/2020\/01\/20\/el-tuit-de-uno-de-los-rugbiers-antes-de-viajar-a-villa-gesell-para-romper-lo-que-nos-falto-el-ano-pasado\/\" target=\"_blank\" rel=\"noopener noreferrer\">dos semanas antes del brutal ataque public\u00f3 un pol\u00e9mico mensaje en las redes sociales.<\/a> \u201cFua no falta nada para irnos a gesel (sic) con los pibes, a romper lo que nos falt\u00f3 el a\u00f1o pasado\u201d, escribi\u00f3 Lucas Pertossi el 4 de enero.<\/p>\n<\/div>\n<\/div>\n<div class=\"row pb-content-type-text\">\n<div class=\"col-xs-12 col-print-12\">\n<p class=\"element element-paragraph\"><b>En Z\u00e1rate, la madre de los hermanos Pertossi trabaja como docente. Su padre es jefe de la automotriz Toyota. Todos los Pertossi fueron suspendidos por el club este martes. <\/b>Seg\u00fan revelaron algunos vecinos de la zona, los Pertossi eran conocidos porque sol\u00edan protagonizar episodios violentos.<\/p>\n<\/div>\n<\/div>\n<div class=\"row pb-content-type-text\">\n<div class=\"col-xs-12 col-print-12\">\n<p class=\"element element-paragraph\">\u201cNo es la primera vez que llega a nuestro conocimiento, no al club en s\u00ed, sino en la sociedad de Z\u00e1rate, de golpizas entre j\u00f3venes y da la casualidad que algunos de los protagonistas son los que est\u00e1n detenidos\u201d, afirm\u00f3 Marcelo Urra, el apoderado legal de N\u00e1utico Arsenal.<\/p>\n<\/div>\n<\/div>\n<div class=\"row pb-content-type-text\">\n<div class=\"col-xs-12 col-print-12\">\n<p class=\"element element-paragraph\">En t\u00e9rminos legales, se considera que los part\u00edcipes necesarios prestaron ayuda o tuvieron alg\u00fan tipo de comportamiento sin el cual no se podr\u00eda haber cometido el delito.<b> Por lo tanto, <\/b><mark class=\"hl_yellow\"><b>tambi\u00e9n a ellos les cabr\u00eda la misma pena.<\/b><\/mark><\/p>\n<\/div>\n<\/div>\n<div class=\"row pb-content-type-image\">\n<figure class=\"element element-image col-xs-12\">\n<div class=\"single-image\">\n<div class=\"shares\">\n<div class=\"share-button facebook\" data-url=\"https:\/\/www.infobae.com\/sociedad\/policiales\/2020\/01\/21\/quienes-son-los-dos-rugbiers-imputados-como-coautores-del-crimen-en-villa-gesell\/%23DFRH26BYCFB7LFSGW3IPNYGXPM\" data-original=\"https:\/\/arc-anglerfish-arc2-prod-infobae.s3.amazonaws.com\/public\/DFRH26BYCFB7LFSGW3IPNYGXPM.jpg\"><\/div>\n<\/div>\n<p><img decoding=\"async\" id=\"DFRH26BYCFB7LFSGW3IPNYGXPM\" class=\"image-lazy\" src=\"https:\/\/www.infobae.com\/new-resizer\/AmoyLUexHViTvZrZi_yK_5LRaac=\/750x0\/filters:quality(100)\/arc-anglerfish-arc2-prod-infobae.s3.amazonaws.com\/public\/DFRH26BYCFB7LFSGW3IPNYGXPM.jpg\" alt=\"Los diez rugbiers acusados del crimen de Fernando B\u00e1ez Sosa\" width=\"750\" height=\"421.875\" data-url=\"https:\/\/www.infobae.com\/sociedad\/policiales\/2020\/01\/21\/quienes-son-los-dos-rugbiers-imputados-como-coautores-del-crimen-en-villa-gesell\/%23DFRH26BYCFB7LFSGW3IPNYGXPM\" data-original=\"https:\/\/www.infobae.com\/new-resizer\/AmoyLUexHViTvZrZi_yK_5LRaac=\/750x0\/filters:quality(100)\/arc-anglerfish-arc2-prod-infobae.s3.amazonaws.com\/public\/DFRH26BYCFB7LFSGW3IPNYGXPM.jpg\" \/><\/p>\n<\/div><figcaption class=\"\"><span class=\"credit\">Los diez rugbiers acusados del crimen de Fernando B\u00e1ez Sosa<\/span><\/figcaption><\/figure>\n<\/div>\n<div class=\"row pb-content-type-text\">\n<div class=\"col-xs-12 col-print-12\">\n<p class=\"element element-paragraph\">En Argentina, seg\u00fan se\u00f1ala el art\u00edculo 13 del C\u00f3digo Penal, la persona que fuera condenada a reclusi\u00f3n perpetua, una vez cumplidos los 35 a\u00f1os de condena, puede obtener la libertad por resoluci\u00f3n judicial, \u201cprevio informe de la direcci\u00f3n del establecimiento e informe de peritos que pronostique en forma individualizada y favorable su reinserci\u00f3n social\u201d con una serie de condiciones. Es decir que, <mark class=\"hl_yellow\"><b>en caso de recibir esa pena, los acusados saldr\u00edan en libertad despu\u00e9s de los 53 a\u00f1os.<\/b><\/mark><\/p>\n<\/div>\n<\/div>\n<div class=\"row pb-content-type-text\">\n<div class=\"col-xs-12 col-print-12\">\n<p class=\"element element-paragraph\">Los diez rugbiers del club N\u00e1utico Arsenal Z\u00e1rate permanec\u00edan esta tarde alojados en dependencias policiales, aunque la Justicia de Garant\u00edas ya solicit\u00f3 su traslado a una unidad carcelaria. <mark class=\"hl_yellow\"><b>Pablo Ventura, el \u00faltimo detenido, qued\u00f3 en libertad.<\/b><\/mark><\/p>\n<\/div>\n<\/div>\n<div class=\"row pb-content-type-text\">\n<div class=\"col-xs-12 col-print-12\">\n<p class=\"element element-paragraph\">Cinco de ellos est\u00e1n alojados en la Comisar\u00eda 2da de Villa Gesell, otros cinco en la Comisar\u00eda 1ra de Pinamar.<\/p>\n<p>Nota publicada en Infobae web.<\/p>\n<\/div>\n<\/div>\n","protected":false},"excerpt":{"rendered":"<p>DOS DE LOS RUGBIERS.<\/p>\n","protected":false},"author":3,"featured_media":4075,"comment_status":"open","ping_status":"open","sticky":false,"template":"","format":"standard","meta":{"footnotes":"","jetpack_publicize_message":"","jetpack_publicize_feature_enabled":true,"jetpack_social_post_already_shared":false,"jetpack_social_options":{"image_generator_settings":{"template":"highway","default_image_id":0,"font":"","enabled":false},"version":2}},"categories":[13],"tags":[563,564],"class_list":["post-4073","post","type-post","status-publish","format-standard","has-post-thumbnail","hentry","category-interes-general","tag-crimen-en-villa-gesell","tag-rugbiers"],"jetpack_publicize_connections":[],"jetpack_featured_media_url":"https:\/\/revistaepocadigital.com.ar\/wp-content\/uploads\/2020\/01\/fernando_baez_sosa.jpg","jetpack_likes_enabled":true,"_links":{"self":[{"href":"https:\/\/revistaepocadigital.com.ar\/index.php?rest_route=\/wp\/v2\/posts\/4073","targetHints":{"allow":["GET"]}}],"collection":[{"href":"https:\/\/revistaepocadigital.com.ar\/index.php?rest_route=\/wp\/v2\/posts"}],"about":[{"href":"https:\/\/revistaepocadigital.com.ar\/index.php?rest_route=\/wp\/v2\/types\/post"}],"author":[{"embeddable":true,"href":"https:\/\/revistaepocadigital.com.ar\/index.php?rest_route=\/wp\/v2\/users\/3"}],"replies":[{"embeddable":true,"href":"https:\/\/revistaepocadigital.com.ar\/index.php?rest_route=%2Fwp%2Fv2%2Fcomments&post=4073"}],"version-history":[{"count":0,"href":"https:\/\/revistaepocadigital.com.ar\/index.php?rest_route=\/wp\/v2\/posts\/4073\/revisions"}],"wp:featuredmedia":[{"embeddable":true,"href":"https:\/\/revistaepocadigital.com.ar\/index.php?rest_route=\/wp\/v2\/media\/4075"}],"wp:attachment":[{"href":"https:\/\/revistaepocadigital.com.ar\/index.php?rest_route=%2Fwp%2Fv2%2Fmedia&parent=4073"}],"wp:term":[{"taxonomy":"category","embeddable":true,"href":"https:\/\/revistaepocadigital.com.ar\/index.php?rest_route=%2Fwp%2Fv2%2Fcategories&post=4073"},{"taxonomy":"post_tag","embeddable":true,"href":"https:\/\/revistaepocadigital.com.ar\/index.php?rest_route=%2Fwp%2Fv2%2Ftags&post=4073"}],"curies":[{"name":"wp","href":"https:\/\/api.w.org\/{rel}","templated":true}]}}