{"id":4077,"date":"2020-01-22T23:05:36","date_gmt":"2020-01-23T02:05:36","guid":{"rendered":"https:\/\/revistaepocadigital.com.ar\/?p=4077"},"modified":"2020-01-22T23:05:36","modified_gmt":"2020-01-23T02:05:36","slug":"el-nuevo-jardin-maternal-el-abrojito","status":"publish","type":"post","link":"https:\/\/revistaepocadigital.com.ar\/?p=4077","title":{"rendered":"EL NUEVO JARD\u00cdN MATERNAL EL ABROJITO"},"content":{"rendered":"<p><strong>EL EDIFICIO SE VA A ESTRENAR CON EL COMIENZO DEL CICLO LECTIVO 2020.<\/strong><!--more--><\/p>\n<p>Los chiquitos que asisten al Jard\u00edn Maternal El Abrojito, comenzar\u00e1n sus actividades en el nuevo establecimiento ubicado en la calle Irizar al 400.<\/p>\n<p>El edificio se realiz\u00f3 con fondos del Estado Nacional, y la finalizaci\u00f3n de obra se concret\u00f3 con recursos municipales. La obra brindar\u00e1 una marcado optimizador en lo relacionado a la creciente cantidad de chicos que asisten al Maternal, que funcionara hasta el a\u00f1o pasado en la sede de la calle Rivadavia.<\/p>\n<p><img loading=\"lazy\" decoding=\"async\" class=\"aligncenter size-full wp-image-4080\" src=\"https:\/\/revistaepocadigital.com.ar\/wp-content\/uploads\/2020\/01\/nanni.maternal.jpg\" alt=\"\" width=\"960\" height=\"640\" srcset=\"https:\/\/revistaepocadigital.com.ar\/wp-content\/uploads\/2020\/01\/nanni.maternal.jpg 960w, https:\/\/revistaepocadigital.com.ar\/wp-content\/uploads\/2020\/01\/nanni.maternal-300x200.jpg 300w, https:\/\/revistaepocadigital.com.ar\/wp-content\/uploads\/2020\/01\/nanni.maternal-768x512.jpg 768w, https:\/\/revistaepocadigital.com.ar\/wp-content\/uploads\/2020\/01\/nanni.maternal-696x464.jpg 696w, https:\/\/revistaepocadigital.com.ar\/wp-content\/uploads\/2020\/01\/nanni.maternal-630x420.jpg 630w\" sizes=\"auto, (max-width: 960px) 100vw, 960px\" \/><\/p>\n<div class=\"text_exposed_show\">\n<p><em>\u201cA\u00fan en a\u00f1os muy dif\u00edciles, desde nuestro municipio gestionamos, invertimos y priorizamos la educaci\u00f3n p\u00fablica, gratuita y de calidad para nuestros chicos. Este es un logro de todos\u201d,<\/em> indic\u00f3 el Intendente Diego Nanni luego de recorrer la obra.<\/p>\n<\/div>\n<p>Fotos: Prensa Municipalidad.<\/p>\n","protected":false},"excerpt":{"rendered":"<p>EL EDIFICIO SE VA A ESTRENAR CON EL COMIENZO DEL CICLO LECTIVO 2020.<\/p>\n","protected":false},"author":4,"featured_media":4079,"comment_status":"open","ping_status":"open","sticky":false,"template":"","format":"standard","meta":{"footnotes":"","jetpack_publicize_message":"","jetpack_publicize_feature_enabled":true,"jetpack_social_post_already_shared":false,"jetpack_social_options":{"image_generator_settings":{"template":"highway","default_image_id":0,"font":"","enabled":false},"version":2}},"categories":[16,17],"tags":[566,565],"class_list":["post-4077","post","type-post","status-publish","format-standard","has-post-thumbnail","hentry","category-municipales","category-politica","tag-566","tag-nuevo-jardin-maternal"],"jetpack_publicize_connections":[],"jetpack_featured_media_url":"https:\/\/revistaepocadigital.com.ar\/wp-content\/uploads\/2020\/01\/nanni-maternal20.jpg","jetpack_likes_enabled":true,"_links":{"self":[{"href":"https:\/\/revistaepocadigital.com.ar\/index.php?rest_route=\/wp\/v2\/posts\/4077","targetHints":{"allow":["GET"]}}],"collection":[{"href":"https:\/\/revistaepocadigital.com.ar\/index.php?rest_route=\/wp\/v2\/posts"}],"about":[{"href":"https:\/\/revistaepocadigital.com.ar\/index.php?rest_route=\/wp\/v2\/types\/post"}],"author":[{"embeddable":true,"href":"https:\/\/revistaepocadigital.com.ar\/index.php?rest_route=\/wp\/v2\/users\/4"}],"replies":[{"embeddable":true,"href":"https:\/\/revistaepocadigital.com.ar\/index.php?rest_route=%2Fwp%2Fv2%2Fcomments&post=4077"}],"version-history":[{"count":0,"href":"https:\/\/revistaepocadigital.com.ar\/index.php?rest_route=\/wp\/v2\/posts\/4077\/revisions"}],"wp:featuredmedia":[{"embeddable":true,"href":"https:\/\/revistaepocadigital.com.ar\/index.php?rest_route=\/wp\/v2\/media\/4079"}],"wp:attachment":[{"href":"https:\/\/revistaepocadigital.com.ar\/index.php?rest_route=%2Fwp%2Fv2%2Fmedia&parent=4077"}],"wp:term":[{"taxonomy":"category","embeddable":true,"href":"https:\/\/revistaepocadigital.com.ar\/index.php?rest_route=%2Fwp%2Fv2%2Fcategories&post=4077"},{"taxonomy":"post_tag","embeddable":true,"href":"https:\/\/revistaepocadigital.com.ar\/index.php?rest_route=%2Fwp%2Fv2%2Ftags&post=4077"}],"curies":[{"name":"wp","href":"https:\/\/api.w.org\/{rel}","templated":true}]}}