{"id":4082,"date":"2020-01-22T23:18:48","date_gmt":"2020-01-23T02:18:48","guid":{"rendered":"https:\/\/revistaepocadigital.com.ar\/?p=4082"},"modified":"2020-01-22T23:19:20","modified_gmt":"2020-01-23T02:19:20","slug":"la-carta-del-rugbier-rosarino-nos-creemos-superiores","status":"publish","type":"post","link":"https:\/\/revistaepocadigital.com.ar\/?p=4082","title":{"rendered":"La carta del rugbier rosarino \u00abNos creemos superiores\u00bb"},"content":{"rendered":"<p><strong>EL INCALIFICABLE ASESINATO DEL CHICO EN VILLA GESELL, HA PUESTO AL RUGBY Y A LOS JUGADORES, EN SU MOMENTO MAS CR\u00cdTICO.<\/strong><!--more--><\/p>\n<div id=\"main-content\">\n<div class=\"container\">\n<div id=\"content-area\" class=\"clearfix\">\n<div class=\"et_pb_extra_column_main\">\n<article id=\"post-316606\" class=\"module single-post-module post-316606 post type-post status-publish format-standard has-post-thumbnail hentry category-info-general category-principal4 et-has-post-format-content et_post_format-et-post-format-standard\">\n<div class=\"post-thumbnail header\"><img decoding=\"async\" src=\"https:\/\/conlagentenoticias.com\/wp-content\/uploads\/2020\/01\/tomas-ok.jpg\" alt=\"La carta del rugbier rosarino que se volvi\u00f3 viral: \u00abNos creemos superiores\u00bb\" \/><\/div>\n<div class=\"post-wrap\">\n<div class=\"post-content entry-content\">\n<h6>El jugador Tomas Hodgers, escribi\u00f3 una muy dura carta que public\u00f3 el sitio conlagentenoticias.com., originada en el crimen de Villa Gesell, llamando a<em> \u00abmirar a la cara a ese padre, destruido por la muerte de su hijo por diez cobardes\u00bb<\/em><\/h6>\n<p>T\u00f3mas Hodgers juega al rugby en el club Atl\u00e9tico del Rosario y su nombre se viraliz\u00f3 este mi\u00e9rcoles 22 de enero en redes sociales por una carta de autocr\u00edtica, en la que admiti\u00f3 la violencia latente en el mundo del rugby, la <em>\u00absuperioridad que sentimos\u00bb<\/em> y llam\u00f3 a dejar de encubrir <em>\u00aba los amigos o conocidos del club\u00bb<\/em>, todo en medio de la conmoci\u00f3n por el impactante crimen de Fernando B\u00e1ez Sosa ocurrido en Villa Gesell.<\/p>\n<p><em>\u00abNadie se anim\u00f3 a decir que fuimos nosotros.\u00a0Nosotros,\u00a0los que vivimos en el herm\u00e9tico mundo del rugby, nos convencemos de que no tenemos nada que ver con diez u once loquitos que le pegan en el piso a un pobre pibe hasta matarlo. Nos desentendemos. Eso viene de casa, decimos para sentirnos mejor\u00bb<\/em>, arranca diciendo el mensaje difundido en redes por Hodgers, se\u00f1alando que<em> \u00abnos indignamos porque creemos que nos estigmatizan, que nos ponen a todos en una misma bolsa e intentamos impetuosamente mostrarle a la sociedad qu\u00e9 tan equivocada est\u00e1 con ese prejuicio.\u00a0Argumentamos que nuestros valores son superlativos y que no existe deporte m\u00e1s digno y honorable que el nuestro.\u00a0Decimos que es un deporte de bestias jugado por caballeros y se nos infla el pecho\u00bb.<\/em><\/p>\n<p>El mensaje del rugbier de Atl\u00e9tico del Rosario gener\u00f3 elogios,<strong> por la autocr\u00edtica que reclama al rugby en general, pero al mismo tiempo recrudecieron las cr\u00edticas hacia los numerosos episodios de violencia que han tenido como responsables o implicados a quienes practican ese deporte.<\/strong> <em>\u00abNos llenamos la boca hablando de Nelson Mandela y del respeto al \u00e1rbitro, del tercer tiempo y de la camarader\u00eda. De la buena fe dentro de una cancha y del respeto a la autoridad. Nos creemos el ejemplo y nos creemos moral y f\u00edsicamente superiores al resto. Es por este narcisismo colectivo, por este convencimiento ficticio que tenemos de nosotros mismos que nadie, ni una sola persona en el ambiente rugby se anim\u00f3 a decir que fuimos nosotros\u00bb<\/em>, indic\u00f3 Hodgers.<\/p>\n<\/div>\n<p>&nbsp;<\/p>\n<\/div>\n<\/article>\n<\/div>\n<\/div>\n<\/div>\n<\/div>\n","protected":false},"excerpt":{"rendered":"<p>EL INCALIFICABLE ASESINATO DEL CHICO EN VILLA GESELL, HA PUESTO AL RUGBY Y A LOS JUGADORES, EN SU MOMENTO MAS CR\u00cdTICO.<\/p>\n","protected":false},"author":3,"featured_media":4087,"comment_status":"open","ping_status":"open","sticky":false,"template":"","format":"standard","meta":{"footnotes":"","jetpack_publicize_message":"","jetpack_publicize_feature_enabled":true,"jetpack_social_post_already_shared":false,"jetpack_social_options":{"image_generator_settings":{"template":"highway","default_image_id":0,"font":"","enabled":false},"version":2}},"categories":[9,13],"tags":[567,564,568],"class_list":["post-4082","post","type-post","status-publish","format-standard","has-post-thumbnail","hentry","category-deportes","category-interes-general","tag-crimen","tag-rugbiers","tag-villa-gesell"],"jetpack_publicize_connections":[],"jetpack_featured_media_url":"https:\/\/revistaepocadigital.com.ar\/wp-content\/uploads\/2020\/01\/safe_image.php_.jpg","jetpack_likes_enabled":true,"_links":{"self":[{"href":"https:\/\/revistaepocadigital.com.ar\/index.php?rest_route=\/wp\/v2\/posts\/4082","targetHints":{"allow":["GET"]}}],"collection":[{"href":"https:\/\/revistaepocadigital.com.ar\/index.php?rest_route=\/wp\/v2\/posts"}],"about":[{"href":"https:\/\/revistaepocadigital.com.ar\/index.php?rest_route=\/wp\/v2\/types\/post"}],"author":[{"embeddable":true,"href":"https:\/\/revistaepocadigital.com.ar\/index.php?rest_route=\/wp\/v2\/users\/3"}],"replies":[{"embeddable":true,"href":"https:\/\/revistaepocadigital.com.ar\/index.php?rest_route=%2Fwp%2Fv2%2Fcomments&post=4082"}],"version-history":[{"count":0,"href":"https:\/\/revistaepocadigital.com.ar\/index.php?rest_route=\/wp\/v2\/posts\/4082\/revisions"}],"wp:featuredmedia":[{"embeddable":true,"href":"https:\/\/revistaepocadigital.com.ar\/index.php?rest_route=\/wp\/v2\/media\/4087"}],"wp:attachment":[{"href":"https:\/\/revistaepocadigital.com.ar\/index.php?rest_route=%2Fwp%2Fv2%2Fmedia&parent=4082"}],"wp:term":[{"taxonomy":"category","embeddable":true,"href":"https:\/\/revistaepocadigital.com.ar\/index.php?rest_route=%2Fwp%2Fv2%2Fcategories&post=4082"},{"taxonomy":"post_tag","embeddable":true,"href":"https:\/\/revistaepocadigital.com.ar\/index.php?rest_route=%2Fwp%2Fv2%2Ftags&post=4082"}],"curies":[{"name":"wp","href":"https:\/\/api.w.org\/{rel}","templated":true}]}}