{"id":4095,"date":"2020-01-25T11:21:17","date_gmt":"2020-01-25T14:21:17","guid":{"rendered":"https:\/\/revistaepocadigital.com.ar\/?p=4095"},"modified":"2020-02-08T00:18:52","modified_gmt":"2020-02-08T03:18:52","slug":"el-dramatico-momento-vivido-por-la-vecina-gladys-campanini","status":"publish","type":"post","link":"https:\/\/revistaepocadigital.com.ar\/?p=4095","title":{"rendered":"El dram\u00e1tico momento vivido por la vecina Gladys Campanini"},"content":{"rendered":"<div class=\"y_15hheo24np a_15hhen-ywi clearfix\">\n<div class=\"clearfix t_15hheo23km\">\n<div class=\"_38vo\">\n<div><strong>UN GRUPO DE JOVENES LE ARROJ\u00d3 PALOS AL PASO CON SU AUTO.<\/strong><\/div>\n<\/div>\n<div class=\"clearfix _42ef\">\n<div class=\"i_15hheo23kp\">\n<div>\n<div class=\"_6a _5u5j\">\n<div class=\"_5pcp _5lel _2jyu _232_\" data-testid=\"story-subtitle\"><\/div>\n<\/div>\n<\/div>\n<\/div>\n<\/div>\n<\/div>\n<\/div>\n<p><!--more--><\/p>\n<div id=\"js_s0\" class=\"_5pbx userContent _3ds9 _3576\" data-testid=\"post_message\" data-ft=\"{&quot;tn&quot;:&quot;K&quot;}\">\n<div id=\"id_5e2c4779f37566205688287\" class=\"text_exposed_root text_exposed\">\n<p>Los episodios de suma violencia que se viven desde hace tiempo en la sociedad argentina, no hacen mas que poner en evidencia la descomposicion social y descontrol que habita en algunos sectores, ya sean altos o de menores recursos, no se trata de estigmatizar a nadie por su condici\u00f3n social.<\/p>\n<\/div>\n<figure id=\"attachment_4099\" aria-describedby=\"caption-attachment-4099\" style=\"width: 960px\" class=\"wp-caption aligncenter\"><img loading=\"lazy\" decoding=\"async\" class=\"size-full wp-image-4099\" src=\"https:\/\/revistaepocadigital.com.ar\/wp-content\/uploads\/2020\/01\/cam.jpg\" alt=\"\" width=\"960\" height=\"540\" srcset=\"https:\/\/revistaepocadigital.com.ar\/wp-content\/uploads\/2020\/01\/cam.jpg 960w, https:\/\/revistaepocadigital.com.ar\/wp-content\/uploads\/2020\/01\/cam-300x169.jpg 300w, https:\/\/revistaepocadigital.com.ar\/wp-content\/uploads\/2020\/01\/cam-768x432.jpg 768w, https:\/\/revistaepocadigital.com.ar\/wp-content\/uploads\/2020\/01\/cam-696x392.jpg 696w, https:\/\/revistaepocadigital.com.ar\/wp-content\/uploads\/2020\/01\/cam-747x420.jpg 747w\" sizes=\"auto, (max-width: 960px) 100vw, 960px\" \/><figcaption id=\"caption-attachment-4099\" class=\"wp-caption-text\">Campanini cuando fuera distinguida tiempo atras junto a otras mujeres que ocuparon el cargo de concejal<\/figcaption><\/figure>\n<div id=\"id_5e2c4779f37566205688287\" class=\"text_exposed_root text_exposed\">\n<p>El asesinato del chico Fernando en Villa Gesell que conmociona e indigna al pa\u00eds, es otro eslab\u00f3n de una cadena que parece no tener fin y, lo peor, se acent\u00faa. La conocida vecina <strong>Gladys Campanini, <\/strong>Lic en Trabajo social y Counselor (consultora psicol\u00f3gica) Diplomada en Obesidad UBA y en Univ. Favaloro, y en ugl 32 Lujan, responsable del sector de promoci\u00f3n y prevenci\u00f3n socio comunitario en PAMI. ha sido v\u00edctima de un episodio violento a escasos kil\u00f3metros de Capilla del Se\u00f1or, sobre la ruta 39, que ha relatado en su muro en Facebook, y bien vale conocerlo. Mir\u00e1:<\/p>\n<p>&#8220;<em>Pienso en cuanto nos falta por mejorar a nuestra sociedad. A dias solamente del asesinato<\/em> de Fern<em>ando y de tener en carne viva la preocupacion por la violencia, el alcohol y ls drogas en los jovenes; me toc\u00f3 ser protagonista a las 6.48 am de hoy (25 de enero de 2020) a la altura del <strong>Barrio Esperanza en Capilla del Se\u00f1or<\/strong> de un acto en <strong>manada de adolescentes.<\/strong> Me tiraron con intenci\u00f3n al parabrisas un resto de un palo como de se\u00f1alizacion, mientras esquivaba otro resto con un pedazo de cartel, de lo que <\/em><span class=\"text_exposed_show\"><em>seguramente hab\u00edan ellos mismos roto y tirado al medio de la ruta en dos tramos.<\/em><\/span><\/p>\n<p><span class=\"text_exposed_show\"><em> Gracias a Dios no me pas\u00f3 nada, porque ese objeto fue lanzado como un misil y lo pude esquivar, tambi\u00e9n zaf\u00e9 de no despistarme y haber tenido un accidente; que es s\u00e1bado y a esa hora hay poco trafico. Atras m\u00edo ven\u00eda un auto Onix blanco patente 186 que tambi\u00e9n esquiv\u00f3el cartel. <\/em><\/span><\/p>\n<p><span class=\"text_exposed_show\"><em>Me comuniqu\u00e9 inmediatamente con el CAV, quienes avisaron a la polic\u00eda y los demoraron en la entrada a Capilla; eran alrededor de 10 vestidos todos con short\/bermudas. Voy a radicar la denuncia porque como ciudadanos tenemos que comprometernos; sea para alertarnos, para llamarles la atencion y para que los padres de esos pibes lo sepan; que por la razon que fuera casi provocaron un accidente. Y cuando algo se provoca deja de ser causal del destino<\/em>.<\/span><\/p>\n<p><span class=\"text_exposed_show\"><em>Estoy a\u00fan impactada; con los flashes del momento y de lo que pudo haber sido. Mi instinto por un instante fue volverme; los hubiese insultado;<strong> se merecen m\u00e1s que eso pero despues la raz\u00f3n volvi\u00f3 a su curso y lo mejor siempre es denunciar!<\/strong><\/em><strong>.<\/strong><em>As\u00ed que voy a hacer la denuncia!!!. <\/em><em>Gracias gente del CAV por la prontitud en pasar la informacion !!!<\/em><\/span><\/p>\n<\/div>\n<\/div>\n","protected":false},"excerpt":{"rendered":"<p>UN GRUPO DE JOVENES LE ARROJ\u00d3 PALOS AL PASO CON SU AUTO.<\/p>\n","protected":false},"author":4,"featured_media":4098,"comment_status":"open","ping_status":"open","sticky":false,"template":"","format":"standard","meta":{"footnotes":"","jetpack_publicize_message":"","jetpack_publicize_feature_enabled":true,"jetpack_social_post_already_shared":false,"jetpack_social_options":{"image_generator_settings":{"template":"highway","default_image_id":0,"font":"","enabled":false},"version":2}},"categories":[13],"tags":[570,589],"class_list":["post-4095","post","type-post","status-publish","format-standard","has-post-thumbnail","hentry","category-interes-general","tag-episodios-de-violencia","tag-vecinos"],"jetpack_publicize_connections":[],"jetpack_featured_media_url":"https:\/\/revistaepocadigital.com.ar\/wp-content\/uploads\/2020\/01\/r449.jpg","jetpack_likes_enabled":true,"_links":{"self":[{"href":"https:\/\/revistaepocadigital.com.ar\/index.php?rest_route=\/wp\/v2\/posts\/4095","targetHints":{"allow":["GET"]}}],"collection":[{"href":"https:\/\/revistaepocadigital.com.ar\/index.php?rest_route=\/wp\/v2\/posts"}],"about":[{"href":"https:\/\/revistaepocadigital.com.ar\/index.php?rest_route=\/wp\/v2\/types\/post"}],"author":[{"embeddable":true,"href":"https:\/\/revistaepocadigital.com.ar\/index.php?rest_route=\/wp\/v2\/users\/4"}],"replies":[{"embeddable":true,"href":"https:\/\/revistaepocadigital.com.ar\/index.php?rest_route=%2Fwp%2Fv2%2Fcomments&post=4095"}],"version-history":[{"count":0,"href":"https:\/\/revistaepocadigital.com.ar\/index.php?rest_route=\/wp\/v2\/posts\/4095\/revisions"}],"wp:featuredmedia":[{"embeddable":true,"href":"https:\/\/revistaepocadigital.com.ar\/index.php?rest_route=\/wp\/v2\/media\/4098"}],"wp:attachment":[{"href":"https:\/\/revistaepocadigital.com.ar\/index.php?rest_route=%2Fwp%2Fv2%2Fmedia&parent=4095"}],"wp:term":[{"taxonomy":"category","embeddable":true,"href":"https:\/\/revistaepocadigital.com.ar\/index.php?rest_route=%2Fwp%2Fv2%2Fcategories&post=4095"},{"taxonomy":"post_tag","embeddable":true,"href":"https:\/\/revistaepocadigital.com.ar\/index.php?rest_route=%2Fwp%2Fv2%2Ftags&post=4095"}],"curies":[{"name":"wp","href":"https:\/\/api.w.org\/{rel}","templated":true}]}}