{"id":4110,"date":"2020-01-28T00:21:18","date_gmt":"2020-01-28T03:21:18","guid":{"rendered":"https:\/\/revistaepocadigital.com.ar\/?p=4110"},"modified":"2020-01-28T00:23:11","modified_gmt":"2020-01-28T03:23:11","slug":"patricio-diez-presidente-del-consejo-escolar-ante-el-plan-escuelas-a-la-obra","status":"publish","type":"post","link":"https:\/\/revistaepocadigital.com.ar\/?p=4110","title":{"rendered":"Patricio Diez, presidente del Consejo Escolar, ante el Plan Escuelas a la Obra"},"content":{"rendered":"<p><strong>FUE LANZADO POR EL GOBERNADOR AXEL KICILLOF.<\/strong><!--more--><\/p>\n<p><strong>Patricio Diez<\/strong>, presidente del<strong> Consejo Escolar de Exaltaci\u00f3n de la Cruz,<\/strong> dio detalles del lanzamiento del <strong>Plan Escuelas a la Obra<\/strong>, lanzado por el gobernador Axel Kicillof en el acto que tuvo lugar en la Escuela 3 de San Antonio de Padua, partido de Merlo. La representaci\u00f3n local<strong> estuvo encabezada por el intendente Diego Nanni<\/strong> y tambi\u00e9n asisti\u00f3 el tesorero del Consejo Escolar, Juan Jos\u00e9 Esturro, entre otros funcionarios locales.<\/p>\n<figure id=\"attachment_4113\" aria-describedby=\"caption-attachment-4113\" style=\"width: 672px\" class=\"wp-caption aligncenter\"><img loading=\"lazy\" decoding=\"async\" class=\"size-full wp-image-4113\" src=\"https:\/\/revistaepocadigital.com.ar\/wp-content\/uploads\/2020\/01\/kici20.jpg\" alt=\"\" width=\"672\" height=\"541\" srcset=\"https:\/\/revistaepocadigital.com.ar\/wp-content\/uploads\/2020\/01\/kici20.jpg 672w, https:\/\/revistaepocadigital.com.ar\/wp-content\/uploads\/2020\/01\/kici20-300x242.jpg 300w, https:\/\/revistaepocadigital.com.ar\/wp-content\/uploads\/2020\/01\/kici20-522x420.jpg 522w\" sizes=\"auto, (max-width: 672px) 100vw, 672px\" \/><figcaption id=\"caption-attachment-4113\" class=\"wp-caption-text\">El gobernador y los ministros de educaci\u00f3n en Merlo.<\/figcaption><\/figure>\n<p><em>&#8220;El plan<\/em> -coment\u00f3 el abogado Diez a EPOCA- <em>consiste en un acuerdo de la gobernaci\u00f3n con las municipalidades para acondicionar y reparar 800 escuelas bonaerenses; de las cuales 700 se encuentran entre las denominadas con &#8220;riesgo inicio clases&#8221;, es decir que deber\u00e1n estar lista para comenzar el ciclo lectivo 2020 en marzo&#8221;.<\/em><\/p>\n<p>El presupuesto surgir\u00e1 de fondos aportados por la provincia y complementados por los municipios, m\u00e1s dinero del Fondo Educativo nacional que reciben las municipalidades. En Exaltaci\u00f3n de la Cruz, detall\u00f3 Diez<em>, &#8220;que las escuelas donde se notan falencias m\u00e1s urgentes, es en la <strong>Escuela 11 de Los Cardales entre las llamadas con &#8220;riesgo inicio clases&#8221;<\/strong> ante la necesidad de reparar techos, desagues y otros detalles edilicios. Tambi\u00e9n hay que mencionar a la Escuela 3 de Carlos Lemee, la Escuela 15 de Chenaut, el Jard\u00edn 905 de Parada Robles donde deben culminarse trabajos en materia de provisi\u00f3n de gas y ca\u00f1er\u00edas y en CEPT de Diego Gaynor de cuyas instalaciones el Consejo Escolar solicit\u00f3 sean finalizados los planos correspondientes a la instalaci\u00f3n de gas&#8221;.<\/em> En los mencionados establecimientos educativos se est\u00e1n llevando a cabo obras que, por el momento, son financiadas por la municipalidad.<\/p>\n<p>Remarc\u00f3 despu\u00e9s del presidente del Consejo Escolar que,<em> &#8220;junto a Vanesa Russo, secretaria de educaci\u00f3n del municipio, estamos trabajando en conjunto para llevar a cabo obras en instalaciones educativas, por las cuales se hab\u00eda establecido un acuerdo entre el anterior intendente Adri\u00e1n S\u00e1nchez y el gobierno provincial de Mar\u00eda Eugenia Vidalla gobernaci\u00f3n y que quedaron sin concretar&#8221;<\/em><\/p>\n<p>Consultado por EPOCA,<strong> Diez<\/strong> tambi\u00e9n hizo referencia a otros de los temas muy sensibles en escuelas del distrito, que tiene que ver con la<strong> alimentaci\u00f3n que reciben los alumnos.<\/strong> <em>&#8220;En 2019 tuvimos excedente de alimentos, por eso acordamos que fueran entregados a las escuelas de verano, desde ya, se encontraban todos en condiciones. Hemos tenido la provisi\u00f3n suficiente por parte de la provincia, y confiamos en que este a\u00f1o, se contin\u00fae de la misma manera. Puede suceder que en algunos casos pueda haber faltado algunos alimentos, dado el crecimiento de la matr\u00edcula, pero en tales caso pudo tratarse de la espera que existe entre el tiempo<\/em> que se realizan los pedidos, y la recepci\u00f3n de los alimentos&#8221;.<\/p>\n<p><em>&#8220;Desde el Consejo Escolar<\/em> -afirm\u00f3 Diez- e<em>stamos en condiciones de continuar como est\u00e1 fijando, brindando a los alumnos en las escuelas, del desayuno o merienda y el almuerzo&#8221;. <\/em>Por \u00faltimo asegur\u00f3 el titular del Consejo Escolar que<em> &#8220;durante el gobierno de Mar\u00eda Eugenia Vidal, se dieron las mejores condiciones en cuanto a la provisi\u00f3n de alimentos en escuelas&#8221;.<\/em><\/p>\n<p>&nbsp;<\/p>\n<p>Fotos: Prensa<\/p>\n","protected":false},"excerpt":{"rendered":"<p>FUE LANZADO POR EL GOBERNADOR AXEL KICILLOF.<\/p>\n","protected":false},"author":4,"featured_media":4112,"comment_status":"open","ping_status":"open","sticky":false,"template":"","format":"standard","meta":{"footnotes":"","jetpack_publicize_message":"","jetpack_publicize_feature_enabled":true,"jetpack_social_post_already_shared":false,"jetpack_social_options":{"image_generator_settings":{"template":"highway","default_image_id":0,"font":"","enabled":false},"version":2}},"categories":[4,17],"tags":[575,573,572,574],"class_list":["post-4110","post","type-post","status-publish","format-standard","has-post-thumbnail","hentry","category-aqui-los-cardales","category-politica","tag-alimentos","tag-consejo-escolar","tag-diez","tag-escuelas-obras"],"jetpack_publicize_connections":[],"jetpack_featured_media_url":"https:\/\/revistaepocadigital.com.ar\/wp-content\/uploads\/2020\/01\/diez-20a.jpg","jetpack_likes_enabled":true,"_links":{"self":[{"href":"https:\/\/revistaepocadigital.com.ar\/index.php?rest_route=\/wp\/v2\/posts\/4110","targetHints":{"allow":["GET"]}}],"collection":[{"href":"https:\/\/revistaepocadigital.com.ar\/index.php?rest_route=\/wp\/v2\/posts"}],"about":[{"href":"https:\/\/revistaepocadigital.com.ar\/index.php?rest_route=\/wp\/v2\/types\/post"}],"author":[{"embeddable":true,"href":"https:\/\/revistaepocadigital.com.ar\/index.php?rest_route=\/wp\/v2\/users\/4"}],"replies":[{"embeddable":true,"href":"https:\/\/revistaepocadigital.com.ar\/index.php?rest_route=%2Fwp%2Fv2%2Fcomments&post=4110"}],"version-history":[{"count":0,"href":"https:\/\/revistaepocadigital.com.ar\/index.php?rest_route=\/wp\/v2\/posts\/4110\/revisions"}],"wp:featuredmedia":[{"embeddable":true,"href":"https:\/\/revistaepocadigital.com.ar\/index.php?rest_route=\/wp\/v2\/media\/4112"}],"wp:attachment":[{"href":"https:\/\/revistaepocadigital.com.ar\/index.php?rest_route=%2Fwp%2Fv2%2Fmedia&parent=4110"}],"wp:term":[{"taxonomy":"category","embeddable":true,"href":"https:\/\/revistaepocadigital.com.ar\/index.php?rest_route=%2Fwp%2Fv2%2Fcategories&post=4110"},{"taxonomy":"post_tag","embeddable":true,"href":"https:\/\/revistaepocadigital.com.ar\/index.php?rest_route=%2Fwp%2Fv2%2Ftags&post=4110"}],"curies":[{"name":"wp","href":"https:\/\/api.w.org\/{rel}","templated":true}]}}