{"id":4117,"date":"2020-01-28T00:36:16","date_gmt":"2020-01-28T03:36:16","guid":{"rendered":"https:\/\/revistaepocadigital.com.ar\/?p=4117"},"modified":"2020-01-28T00:36:16","modified_gmt":"2020-01-28T03:36:16","slug":"kicillof-queremos-recuperar-el-lugar-prioritario-que-debe-tener-la-educacion-en-la-provincia","status":"publish","type":"post","link":"https:\/\/revistaepocadigital.com.ar\/?p=4117","title":{"rendered":"Kicillof: \u201cQueremos recuperar el lugar prioritario que debe tener la educaci\u00f3n en la provincia\u201d"},"content":{"rendered":"<div><strong>EL PROGRAMA ESCUELAS A LA OBRA.<\/strong><\/div>\n<p><!--more--><\/p>\n<div><\/div>\n<div>Fue presentado por el gobernador de la provincia de Buenos Aires,<strong> Axel Kicillof<\/strong> en San Antonio de Padua, Merlo. Representa una pol\u00edtica que busca trabajar junto a los municipios y toda la comunidad educativa, para revertir el deterioro de la infraestructura escolar. Del anuncio tambi\u00e9n participaron el ministro de Educaci\u00f3n de la Naci\u00f3n, Nicol\u00e1s Trotta; la directora General de Cultura y Educaci\u00f3n bonaerense, Agustina Vila; el intendente local, Gustavo Men\u00e9ndez; y jefes comunales entre los que estuvo<strong> Diego Nanni<\/strong> por Exaltaci\u00f3n de la Cruz,\u00a0 y titulares de consejos escolares de toda la provincia.<\/div>\n<div><\/div>\n<div>\u201cLa escuela p\u00fablica es lo que nos eleva, lo que nos impulsa, lo que salva la vida, la trayectoria, los futuros, de los y las bonaerenses. Eso es lo que queremos: recuperar no solo los edificios sino el lugar prioritario que tiene que tener la educaci\u00f3n en la provincia de Buenos Aires\u201d, asegur\u00f3 el gobernador durante el acto, que se desarroll\u00f3 en la Secundaria N\u00b0 3 \u201cCrio Jos\u00e9 Gregorio Rossi\u201d.<\/div>\n<div>\n<figure id=\"attachment_4121\" aria-describedby=\"caption-attachment-4121\" style=\"width: 569px\" class=\"wp-caption aligncenter\"><img loading=\"lazy\" decoding=\"async\" class=\"size-full wp-image-4121\" src=\"https:\/\/revistaepocadigital.com.ar\/wp-content\/uploads\/2020\/01\/66.jpeg\" alt=\"\" width=\"569\" height=\"378\" srcset=\"https:\/\/revistaepocadigital.com.ar\/wp-content\/uploads\/2020\/01\/66.jpeg 569w, https:\/\/revistaepocadigital.com.ar\/wp-content\/uploads\/2020\/01\/66-300x199.jpeg 300w\" sizes=\"auto, (max-width: 569px) 100vw, 569px\" \/><figcaption id=\"caption-attachment-4121\" class=\"wp-caption-text\">Intendentes bonaerenses, entre los que estuvo Nanni de Ex. de la Cruz, y autoridades de consejos e escolares asistieron al lanzamiento del programa.<\/figcaption><\/figure>\n<\/div>\n<div><\/div>\n<div>La primera etapa de la iniciativa, que ya comenz\u00f3 a ser implementada con la realizaci\u00f3n de las tareas m\u00e1s urgentes de cara al inicio del ciclo lectivo, incluye la ejecuci\u00f3n de m\u00e1s de 800 obras que mejorar\u00e1n las escuelas de m\u00e1s de 275 mil ni\u00f1os, ni\u00f1as y j\u00f3venes y 21 mil docentes y auxiliares. Adem\u00e1s, se contempla reactivar progresivamente las m\u00e1s de 240 obras que estaban abandonadas o paralizadas.<\/div>\n<div><\/div>\n<div>Kicillof destac\u00f3 que la educaci\u00f3n \u201ces una prioridad\u201d en su gesti\u00f3n, y que \u201ceste gobierno viene a saldar la deuda que tiene el Estado con los y las bonaerenses en materia de infraestructura educativa\u201d. En este sentido, remarc\u00f3 que se propone \u201cterminar y finalizar todas las obras iniciadas\u201d porque \u201ces una obligaci\u00f3n del gobierno de la provincia tener las escuelas en condiciones seguras\u201d.<\/div>\n<div><\/div>\n<div>Asimismo, agradeci\u00f3 al Gobierno Nacional por la ayuda y el acompa\u00f1amiento en este esfuerzo, y a los intendentes que \u201ccon sus recursos y capacidad de trabajo son los verdaderos protagonistas de este programa\u201d.<\/div>\n<div><\/div>\n<div>Por su parte, el ministro de educaci\u00f3n de la Naci\u00f3n expres\u00f3: \u201cDurante los \u00faltimos cuatro a\u00f1os se rompieron acuerdos sustantivos en materia de inversi\u00f3n educativa. Nuestra presencia hoy aqu\u00ed,\u00a0 viene a demostrar el compromiso de nuestro Gobierno y de nuestro presidente, Alberto Fern\u00e1ndez, con la educaci\u00f3n p\u00fablica como la principal herramienta para la transformaci\u00f3n social\u201d.<\/div>\n<div><\/div>\n<div>\u201cIniciativas como esta y como la de la Paritaria Nacional Docente, pretenden empezar a transitar un gran acuerdo educativo nacional que permita que todos los argentinos y las argentinas, sin importar qui\u00e9n gobierne, seamos conscientes de que ah\u00ed debe estar puesto el foco para construir una Argentina con justicia social capaz de romper con las desigualdades. Despu\u00e9s de la lucha contra el hambre, la prioridad son las escuelas\u201d, concluy\u00f3 Trotta.<\/div>\n<div><\/div>\n<div>Los trabajos de <strong>\u201cEscuelas a la Obra\u201d<\/strong> apuntan a una planificaci\u00f3n integral y participativa para la reconstrucci\u00f3n de techos, sanitarios, instalaciones el\u00e9ctricas, de gas, y agua potable, como\u00a0 tambi\u00e9n trabajos de pintura y reparaciones estructurales. Las tareas tendr\u00e1n una inversi\u00f3n inicial de 800 millones de pesos, que surgen de fondos provinciales y del Fondo Educativo.<\/div>\n<div><\/div>\n<div>El programa busca un trabajo articulado y comprometido de la comunidad educativa para reconstruir las escuelas de la Provincia de la mano de los consejeros escolares, docentes, no docentes, agrupaciones gremiales, padres y alumnos.<\/div>\n<div><\/div>\n<div>Adem\u00e1s, la Direcci\u00f3n General de Cultura y Educaci\u00f3n bonaerense se encuentra desarrollando un sistema informatizado, que permitir\u00e1 monitorear de forma continua y permanente el estado de todos los edificios escolares.<\/div>\n<div><\/div>\n<div>Asimismo, el Programa prev\u00e9 la realizaci\u00f3n de nuevas obras priorizando a las comunidades educativas que poseen falta de vacantes disponibles, superpoblaci\u00f3n escolar y establecimientos que necesitan readecuar sus instalaciones para llevar adelante sus proyectos educativos.<\/div>\n<div><\/div>\n<div>En esa l\u00ednea, la intendenta de Moreno, Mariel Fern\u00e1ndez, destac\u00f3 que \u201cexiste una preocupaci\u00f3n acerca de la situaci\u00f3n de los edificios escolares en la provincia de Buenos Aires\u201d y que se est\u00e1n implementando jornadas solidarias y comprometiendo a toda la comunidad para \u201cpoder recuperar nuestras escuelas y que los ni\u00f1os y ni\u00f1as de la comunidad puedan empezar en mejores condiciones el ciclo lectivo\u201d.<\/div>\n<div><\/div>\n<div>Su par de Carlos Casares, Walter Torchio, sostuvo que espera \u201cpoder traccionar desde el lado de los municipios y contribuir para que el inicio de clases sea el que todos esperamos y que sea un buen a\u00f1o escolar\u201d.<\/div>\n<div><\/div>\n<div>Por su parte, el intendente de Bol\u00edvar, Marcos Pisano, asegur\u00f3 que \u201ces fundamental poder planificar\u201d y que \u201cel futuro es la educaci\u00f3n y el compromiso de todos los intendentes tiene que ser acompa\u00f1ar, ponernos al frente de este gran programa, que para nosotros es estrat\u00e9gico para darle calidad en materia de infraestructura escolar\u201d.<\/div>\n<div><\/div>\n<div>Fuente y fotos: Secretar\u00eda de Medios de la Provincia de Buenos Aires.<\/div>\n<div><\/div>\n","protected":false},"excerpt":{"rendered":"<p>EL PROGRAMA ESCUELAS A LA OBRA.<\/p>\n","protected":false},"author":3,"featured_media":4120,"comment_status":"open","ping_status":"open","sticky":false,"template":"","format":"standard","meta":{"footnotes":"","jetpack_publicize_message":"","jetpack_publicize_feature_enabled":true,"jetpack_social_post_already_shared":false,"jetpack_social_options":{"image_generator_settings":{"template":"highway","default_image_id":0,"font":"","enabled":false},"version":2}},"categories":[13],"tags":[231,576,478,323],"class_list":["post-4117","post","type-post","status-publish","format-standard","has-post-thumbnail","hentry","category-interes-general","tag-educacion","tag-escuelas","tag-kicillof","tag-programa"],"jetpack_publicize_connections":[],"jetpack_featured_media_url":"https:\/\/revistaepocadigital.com.ar\/wp-content\/uploads\/2020\/01\/kicillof.20a.jpeg","jetpack_likes_enabled":true,"_links":{"self":[{"href":"https:\/\/revistaepocadigital.com.ar\/index.php?rest_route=\/wp\/v2\/posts\/4117","targetHints":{"allow":["GET"]}}],"collection":[{"href":"https:\/\/revistaepocadigital.com.ar\/index.php?rest_route=\/wp\/v2\/posts"}],"about":[{"href":"https:\/\/revistaepocadigital.com.ar\/index.php?rest_route=\/wp\/v2\/types\/post"}],"author":[{"embeddable":true,"href":"https:\/\/revistaepocadigital.com.ar\/index.php?rest_route=\/wp\/v2\/users\/3"}],"replies":[{"embeddable":true,"href":"https:\/\/revistaepocadigital.com.ar\/index.php?rest_route=%2Fwp%2Fv2%2Fcomments&post=4117"}],"version-history":[{"count":0,"href":"https:\/\/revistaepocadigital.com.ar\/index.php?rest_route=\/wp\/v2\/posts\/4117\/revisions"}],"wp:featuredmedia":[{"embeddable":true,"href":"https:\/\/revistaepocadigital.com.ar\/index.php?rest_route=\/wp\/v2\/media\/4120"}],"wp:attachment":[{"href":"https:\/\/revistaepocadigital.com.ar\/index.php?rest_route=%2Fwp%2Fv2%2Fmedia&parent=4117"}],"wp:term":[{"taxonomy":"category","embeddable":true,"href":"https:\/\/revistaepocadigital.com.ar\/index.php?rest_route=%2Fwp%2Fv2%2Fcategories&post=4117"},{"taxonomy":"post_tag","embeddable":true,"href":"https:\/\/revistaepocadigital.com.ar\/index.php?rest_route=%2Fwp%2Fv2%2Ftags&post=4117"}],"curies":[{"name":"wp","href":"https:\/\/api.w.org\/{rel}","templated":true}]}}