{"id":4123,"date":"2020-01-28T06:41:57","date_gmt":"2020-01-28T09:41:57","guid":{"rendered":"https:\/\/revistaepocadigital.com.ar\/?p=4123"},"modified":"2020-02-02T21:32:07","modified_gmt":"2020-02-03T00:32:07","slug":"inauguraron-el-nuevo-edificio-del-sindicato-de-empleados-de-comercio","status":"publish","type":"post","link":"https:\/\/revistaepocadigital.com.ar\/?p=4123","title":{"rendered":"Inauguraron el nuevo edificio del sindicato de Empleados de Comercio."},"content":{"rendered":"<h5><strong>YA CUENTA CON NUEVA Y AMPLIA CASA.<\/strong><\/h5>\n<p><!--more--><\/p>\n<h5>El <strong>Sindicato de Empleados de Comercio de Z\u00e1rate<\/strong> concret\u00f3 el gran anhelo, concretar e inaugurar el nuevo y ambicioso edificio, ubicado en la calle Rivadavia al 957 en el centro zarate\u00f1o.<\/h5>\n<h5>El nuevo edificio cuenta con planta baja y tres pisos (m\u00e1s de 600m2), y permitir\u00e1 la atenci\u00f3n de los mil afiliados que en un mismo lugar (antes debi\u00e1n concurrir a tres sedes en domicilios distintos)\u00a0 para recibir atenci\u00f3n o efectuar tr\u00e1mites.<\/h5>\n<p><img loading=\"lazy\" decoding=\"async\" class=\"aligncenter size-full wp-image-81058\" src=\"http:\/\/www.eldebate.com.ar\/wp-content\/uploads\/2020\/01\/osescac5.jpg\" sizes=\"auto, (max-width: 794px) 100vw, 794px\" srcset=\"http:\/\/www.eldebate.com.ar\/wp-content\/uploads\/2020\/01\/osescac5.jpg 794w, http:\/\/www.eldebate.com.ar\/wp-content\/uploads\/2020\/01\/osescac5-300x193.jpg 300w, http:\/\/www.eldebate.com.ar\/wp-content\/uploads\/2020\/01\/osescac5-768x493.jpg 768w, http:\/\/www.eldebate.com.ar\/wp-content\/uploads\/2020\/01\/osescac5-696x447.jpg 696w, http:\/\/www.eldebate.com.ar\/wp-content\/uploads\/2020\/01\/osescac5-654x420.jpg 654w\" alt=\"\" width=\"794\" height=\"510\" \/>Ac\u00e1 te mostramos lo comentado por <strong>Sergio Martin, el Secretario General<\/strong>, al diario El Debate de Z\u00e1rate. Vecino de<strong> Los Cardales,<\/strong> vinculado directamente con <strong>OSECAC Z\u00e1rate<\/strong> desde 1989. Y con 30 a\u00f1os de trabajo en el gremio, se dio el gusto de construir durante varios a\u00f1os un edificio modelo en el que se ha comenzado a atender a los Empleados de Comercio que no salen de la admiraci\u00f3n de la obra concretada.<\/p>\n<p>El Debate consult\u00f3 a Martin sobre el importante acontecimiento y con amabilidad y emoci\u00f3n nos cont\u00f3 sobre este nuevo edificio que acaban de estrenar, sobre las comodidades que tiene y el esfuerzo y tiempo que les llev\u00f3 concretarlo. <em><strong>\u201cEsta es una alegr\u00eda enorme\u2026 enorme que quiero compartir con todos los empleados de comercio\u2026\u201d<\/strong><\/em><\/p>\n<p>\u00bfQue significa esto Sergio para los afiliados, la importante inversi\u00f3n propia y del esfuerzo de la comisi\u00f3n directiva del gremio?, &#8220;este es el esfuerzo de una Comisi\u00f3n Directiva que trabaja en equipo y una muestra de que las cosas se pueden hacer bien\u2026\u201d.<\/p>\n<p>En la nota en el mencionado medio zarate\u00f1o, luego consultaron acerca de la cantidad de afiliados tiene OSECAC en esa ciudad.<em> \u201cHoy somos unos mil afiliados con el 60% de activos\u201d<\/em>, respondi\u00f3 Mart\u00edn.<\/p>\n<p><img loading=\"lazy\" decoding=\"async\" class=\"aligncenter wp-image-81055 size-full\" src=\"http:\/\/www.eldebate.com.ar\/wp-content\/uploads\/2020\/01\/osescac2.jpg\" sizes=\"auto, (max-width: 791px) 100vw, 791px\" srcset=\"http:\/\/www.eldebate.com.ar\/wp-content\/uploads\/2020\/01\/osescac2.jpg 791w, http:\/\/www.eldebate.com.ar\/wp-content\/uploads\/2020\/01\/osescac2-300x193.jpg 300w, http:\/\/www.eldebate.com.ar\/wp-content\/uploads\/2020\/01\/osescac2-768x495.jpg 768w, http:\/\/www.eldebate.com.ar\/wp-content\/uploads\/2020\/01\/osescac2-696x449.jpg 696w, http:\/\/www.eldebate.com.ar\/wp-content\/uploads\/2020\/01\/osescac2-651x420.jpg 651w\" alt=\"\" width=\"791\" height=\"510\" \/>\u00bfQue tipo de servicios y\/o beneficios cuentan y reciben en Z\u00e1rate. Martin mencion\u00f3 una sorprendente lista de lo que el gremio ofrece y que, en las nuevas instalaciones, se incrementar\u00e1n con mejor atenci\u00f3n.\u00a0 <em>\u201cEstamos orgullosos de haber podido construir este edificio emblema, muy bien ubicado en Z\u00e1rate\u2026\u201d. &#8220;Fueron cuatro a\u00f1os de trabajo de muchos<\/em> -asegura Mart\u00edn- <em>pensemos que lo iniciamos con un d\u00f3lar a \u00a0quince pesos y lo estamos terminando con uno de m\u00e1s de ochenta\u2026 por eso <\/em>-se defiende<em>&#8211; estuvimos un tiempo parados porque bueno, no nos dan los fondos para poder seguir al ritmo que pretend\u00edamos hacerlo\u201d.<\/em><\/p>\n<p>\u201cSiempre digo que uno, el Secretario General se ve m\u00e1s, pero esto es como un reloj que da la hora, solo se ven las agujas que te dan la hora, pero atr\u00e1s hay un engranaje enorme con muchas piezas chiquitas, grandes y dem\u00e1s complementarias y cada una de todas esas piezas cumple su funci\u00f3n \u00fatil, para que las agujas puedan funcionar bien y darnos la hora exacta\u201d, considera<strong> Mart\u00edn<\/strong> quien hace treinta y ocho a\u00f1os es empleado de comercio &#8220;<em>empec\u00e9 como cadete\u201d<\/em> y enseguida actu\u00f3 en <strong>OSECAC<\/strong> en el sindicato donde asegura que es <em>\u201cmero administrador\u201d<\/em> con la Comisi\u00f3n Directiva que este a\u00f1o en julio tiene nuevamente elecciones, y donde espera poder seguir acompa\u00f1ado por los afiliados renovando su mandato y seguir haciendo por los afiliados en este importante gremio que a nivel nacional cuenta con dos millones de afiliados y es conducido por Armando Cavalieri.<\/p>\n<p>Fuente: Diario El Debate, Z\u00e1rate<\/p>\n","protected":false},"excerpt":{"rendered":"<p>YA CUENTA CON NUEVA Y AMPLIA CASA.<\/p>\n","protected":false},"author":3,"featured_media":4133,"comment_status":"open","ping_status":"open","sticky":false,"template":"","format":"standard","meta":{"footnotes":"","jetpack_publicize_message":"","jetpack_publicize_feature_enabled":true,"jetpack_social_post_already_shared":false,"jetpack_social_options":{"image_generator_settings":{"template":"highway","default_image_id":0,"font":"","enabled":false},"version":2}},"categories":[151,13],"tags":[577,578],"class_list":["post-4123","post","type-post","status-publish","format-standard","has-post-thumbnail","hentry","category-empleados-de-comercio","category-interes-general","tag-nuevo-edificio-empleados-comercio","tag-osecac"],"jetpack_publicize_connections":[],"jetpack_featured_media_url":"https:\/\/revistaepocadigital.com.ar\/wp-content\/uploads\/2020\/01\/osescac5.jpg","jetpack_likes_enabled":true,"_links":{"self":[{"href":"https:\/\/revistaepocadigital.com.ar\/index.php?rest_route=\/wp\/v2\/posts\/4123","targetHints":{"allow":["GET"]}}],"collection":[{"href":"https:\/\/revistaepocadigital.com.ar\/index.php?rest_route=\/wp\/v2\/posts"}],"about":[{"href":"https:\/\/revistaepocadigital.com.ar\/index.php?rest_route=\/wp\/v2\/types\/post"}],"author":[{"embeddable":true,"href":"https:\/\/revistaepocadigital.com.ar\/index.php?rest_route=\/wp\/v2\/users\/3"}],"replies":[{"embeddable":true,"href":"https:\/\/revistaepocadigital.com.ar\/index.php?rest_route=%2Fwp%2Fv2%2Fcomments&post=4123"}],"version-history":[{"count":0,"href":"https:\/\/revistaepocadigital.com.ar\/index.php?rest_route=\/wp\/v2\/posts\/4123\/revisions"}],"wp:featuredmedia":[{"embeddable":true,"href":"https:\/\/revistaepocadigital.com.ar\/index.php?rest_route=\/wp\/v2\/media\/4133"}],"wp:attachment":[{"href":"https:\/\/revistaepocadigital.com.ar\/index.php?rest_route=%2Fwp%2Fv2%2Fmedia&parent=4123"}],"wp:term":[{"taxonomy":"category","embeddable":true,"href":"https:\/\/revistaepocadigital.com.ar\/index.php?rest_route=%2Fwp%2Fv2%2Fcategories&post=4123"},{"taxonomy":"post_tag","embeddable":true,"href":"https:\/\/revistaepocadigital.com.ar\/index.php?rest_route=%2Fwp%2Fv2%2Ftags&post=4123"}],"curies":[{"name":"wp","href":"https:\/\/api.w.org\/{rel}","templated":true}]}}