{"id":4138,"date":"2020-01-30T00:36:15","date_gmt":"2020-01-30T03:36:15","guid":{"rendered":"https:\/\/revistaepocadigital.com.ar\/?p=4138"},"modified":"2020-02-08T00:44:44","modified_gmt":"2020-02-08T03:44:44","slug":"sergio-martin-el-secretario-general-del-sindicato-de-empleados-de-comercio-ante-la-concrecion-del-nuevo-edificio","status":"publish","type":"post","link":"https:\/\/revistaepocadigital.com.ar\/?p=4138","title":{"rendered":"Sergio Martin, el secretario general del sindicato de empleados de comercio, ante la concreci\u00f3n del nuevo edificio"},"content":{"rendered":"<p><strong>CONCIENTE DE LO ALCANZADO Y DEL ESFUERZO QUE DEMANDO.<\/strong><!--more--><\/p>\n<p><strong>Sergio Martin<\/strong> habl\u00f3 con EPOCA; ha ampliado detalles acerca de la concreci\u00f3n del nuevo edificio del <strong>Sindicato Empleados de Comercio<\/strong>, ubicado en la vecina ciudad de <strong>Z\u00e1rate<\/strong>, que estimaba en coincidencia con el 90\u00ba aniversario del Sindicato de Empleados de Comercio, ser\u00e1 inaugurado.<\/p>\n<p><em>&#8220;Sin dudas para todos nosotros los que trabajamos en el sindicato, es un sue\u00f1o hecho realidad, al que le hemos puesto todo el esfuerzo, trabajo y dedicaci\u00f3n para concretarlo en un contexto del pa\u00eds que dem\u00e1s est\u00e1 decirlo, ha sido sumamente complicado en los \u00faltimos a\u00f1os. Como dato nom\u00e1s, cuando comenzamos la obra hace cuatro a\u00f1os, el d\u00f3lar costaba un poco m\u00e1s de 14 pesos y al momento de culminar el edificio, afrontamos un d\u00f3lar a 82 pesos!&#8221;, r<\/em>ese\u00f1a <strong>Mart\u00edn<\/strong> como se sabe, vecino de<strong> Los Cardales.<\/strong><\/p>\n<p>El Sindicato de Empleados de Comercio y su obra social OSECAC sede Z\u00e1rate, comenta Mart\u00edn &#8220;<em>tiene un \u00e1rea de influencia que abarca tambi\u00e9n a Exaltaci\u00f3n de la Cruz. En Capilla del Se\u00f1or contamos con oficina en la calle Padre Fahy, y en Los Cardales en Bolivar al 700&#8243;.<\/em><\/p>\n<figure id=\"attachment_4143\" aria-describedby=\"caption-attachment-4143\" style=\"width: 780px\" class=\"wp-caption aligncenter\"><img loading=\"lazy\" decoding=\"async\" class=\"size-full wp-image-4143\" src=\"https:\/\/revistaepocadigital.com.ar\/wp-content\/uploads\/2020\/01\/sindi-consuloris-20.jpg\" alt=\"\" width=\"780\" height=\"1040\" srcset=\"https:\/\/revistaepocadigital.com.ar\/wp-content\/uploads\/2020\/01\/sindi-consuloris-20.jpg 780w, https:\/\/revistaepocadigital.com.ar\/wp-content\/uploads\/2020\/01\/sindi-consuloris-20-225x300.jpg 225w, https:\/\/revistaepocadigital.com.ar\/wp-content\/uploads\/2020\/01\/sindi-consuloris-20-768x1024.jpg 768w, https:\/\/revistaepocadigital.com.ar\/wp-content\/uploads\/2020\/01\/sindi-consuloris-20-696x928.jpg 696w, https:\/\/revistaepocadigital.com.ar\/wp-content\/uploads\/2020\/01\/sindi-consuloris-20-315x420.jpg 315w, https:\/\/revistaepocadigital.com.ar\/wp-content\/uploads\/2020\/01\/sindi-consuloris-20-630x840.jpg 630w\" sizes=\"auto, (max-width: 780px) 100vw, 780px\" \/><figcaption id=\"caption-attachment-4143\" class=\"wp-caption-text\">Una vista de los nuevos consultorios.<\/figcaption><\/figure>\n<p>En cuanto al nuevo edificio de la sede central en Z\u00e1rate, ampl\u00eda <strong>Mart\u00edn<\/strong> el secretrario general del sindicato, <em>&#8220;cuenta con unos 600 m2 y tres pisos. En planta baja funciona la obra social, en el primer piso los consultorios donde atienden m\u00e9dicos de numerosas especialidades y odont\u00f3logos; el sindicato se encuentra en el segundo piso y en el tercero el sal\u00f3n de usos m\u00faltiples&#8221;.<\/em><\/p>\n<figure id=\"attachment_4144\" aria-describedby=\"caption-attachment-4144\" style=\"width: 696px\" class=\"wp-caption aligncenter\"><img loading=\"lazy\" decoding=\"async\" class=\"size-large wp-image-4144\" src=\"https:\/\/revistaepocadigital.com.ar\/wp-content\/uploads\/2020\/01\/sindi-osecac20-1024x576.jpg\" alt=\"\" width=\"696\" height=\"392\" srcset=\"https:\/\/revistaepocadigital.com.ar\/wp-content\/uploads\/2020\/01\/sindi-osecac20-1024x576.jpg 1024w, https:\/\/revistaepocadigital.com.ar\/wp-content\/uploads\/2020\/01\/sindi-osecac20-300x169.jpg 300w, https:\/\/revistaepocadigital.com.ar\/wp-content\/uploads\/2020\/01\/sindi-osecac20-768x432.jpg 768w, https:\/\/revistaepocadigital.com.ar\/wp-content\/uploads\/2020\/01\/sindi-osecac20-696x392.jpg 696w, https:\/\/revistaepocadigital.com.ar\/wp-content\/uploads\/2020\/01\/sindi-osecac20-1068x601.jpg 1068w, https:\/\/revistaepocadigital.com.ar\/wp-content\/uploads\/2020\/01\/sindi-osecac20-747x420.jpg 747w, https:\/\/revistaepocadigital.com.ar\/wp-content\/uploads\/2020\/01\/sindi-osecac20.jpg 1280w\" sizes=\"auto, (max-width: 696px) 100vw, 696px\" \/><figcaption id=\"caption-attachment-4144\" class=\"wp-caption-text\">En el nuevo edificio tami\u00e9n se encuentra la obra social.<\/figcaption><\/figure>\n<p>Otro dato importante que menciona Mart\u00edn, es que con al comenzar a funcionar el nuevo edificio del sindicato, han podido confluir para mejor atenci\u00f3n y beneficio de los afiliados, tres dependencias que se encontraban ubicadas en distintas instalaciones en el centro zarate\u00f1o, el horario de atenci\u00f3n en la nueva y amplia sede es de\u00a0 8 a 16 horas de lunes a viernes.<\/p>\n<figure id=\"attachment_4146\" aria-describedby=\"caption-attachment-4146\" style=\"width: 269px\" class=\"wp-caption alignleft\"><img loading=\"lazy\" decoding=\"async\" class=\"size-medium wp-image-4146\" src=\"https:\/\/revistaepocadigital.com.ar\/wp-content\/uploads\/2020\/01\/sindi-edif-nuevo-20-269x300.jpg\" alt=\"\" width=\"269\" height=\"300\" srcset=\"https:\/\/revistaepocadigital.com.ar\/wp-content\/uploads\/2020\/01\/sindi-edif-nuevo-20-269x300.jpg 269w, https:\/\/revistaepocadigital.com.ar\/wp-content\/uploads\/2020\/01\/sindi-edif-nuevo-20-768x856.jpg 768w, https:\/\/revistaepocadigital.com.ar\/wp-content\/uploads\/2020\/01\/sindi-edif-nuevo-20-696x776.jpg 696w, https:\/\/revistaepocadigital.com.ar\/wp-content\/uploads\/2020\/01\/sindi-edif-nuevo-20-377x420.jpg 377w, https:\/\/revistaepocadigital.com.ar\/wp-content\/uploads\/2020\/01\/sindi-edif-nuevo-20-753x840.jpg 753w, https:\/\/revistaepocadigital.com.ar\/wp-content\/uploads\/2020\/01\/sindi-edif-nuevo-20.jpg 774w\" sizes=\"auto, (max-width: 269px) 100vw, 269px\" \/><figcaption id=\"caption-attachment-4146\" class=\"wp-caption-text\">Una vista nocturna del nuevo edificio.<\/figcaption><\/figure>\n<p>&nbsp;<\/p>\n<p>En cuanto a <strong>los afiliados del sindicato que residen en Exaltaci\u00f3n de la Cruz, Mart\u00edn<\/strong> explica,<em> &#8220;por supuesto pueden venir a nuestra sede en Z\u00e1rate a atenderse y efectuar tr\u00e1mites, si bien en las sedes de Capilla y Cardales pueden efectuarlos sin necesidad de movilizarse, en Capilla y Cardales se pueden hacer gestiones por subsidios y reintegros y en cuanto a la atenci\u00f3n m\u00e9dica que puedan necesitar de especialistas, en Capilla pueden atenderse en el Centro de Diagn\u00f3stico Capilla luego de obtener los bonos correspondiente en nuestra oficina local&#8221;. &#8220;En definitiva &#8211;<\/em>apunta- l<em>o que pretendemos es que todos los afiliados reciban la mejor atenci\u00f3n posible, en Z\u00e1rate contamos con unos 800 y alrededor de 200 en Exaltaci\u00f3n de la Cruz&#8221;.<\/em> A prop\u00f3sito de la oficina existente en Capilla del Se\u00f1or sobre la calle Fahy, el secretario general desliz\u00f3 el anhelo de trasladarla a un local m\u00e1s centro de la ciudad.<\/p>\n<p><em>&#8220;En definitiva, conseguir el gran objetivo de contar con nuestro nuevo edificio en Z\u00e1rate, nos ha puesto muy felices, concientes del gran esfuerzo que gener\u00f3 y a la vez, con la firme convicci\u00f3n de continuar trabajando por nuestros afiliados&#8221;<\/em>, sintetiz\u00f3 Mart\u00edn.<\/p>\n<p>Fotos: Prensa Sindicato.<\/p>\n","protected":false},"excerpt":{"rendered":"<p>CONCIENTE DE LO ALCANZADO Y DEL ESFUERZO QUE DEMANDO.<\/p>\n","protected":false},"author":4,"featured_media":4142,"comment_status":"open","ping_status":"open","sticky":false,"template":"","format":"standard","meta":{"footnotes":"","jetpack_publicize_message":"","jetpack_publicize_feature_enabled":true,"jetpack_social_post_already_shared":false,"jetpack_social_options":{"image_generator_settings":{"template":"highway","default_image_id":0,"font":"","enabled":false},"version":2}},"categories":[13],"tags":[579,153],"class_list":["post-4138","post","type-post","status-publish","format-standard","has-post-thumbnail","hentry","category-interes-general","tag-nuevo-edificio","tag-sindicato-empleados-comercio"],"jetpack_publicize_connections":[],"jetpack_featured_media_url":"https:\/\/revistaepocadigital.com.ar\/wp-content\/uploads\/2020\/01\/martin-sindi-20.jpg","jetpack_likes_enabled":true,"_links":{"self":[{"href":"https:\/\/revistaepocadigital.com.ar\/index.php?rest_route=\/wp\/v2\/posts\/4138","targetHints":{"allow":["GET"]}}],"collection":[{"href":"https:\/\/revistaepocadigital.com.ar\/index.php?rest_route=\/wp\/v2\/posts"}],"about":[{"href":"https:\/\/revistaepocadigital.com.ar\/index.php?rest_route=\/wp\/v2\/types\/post"}],"author":[{"embeddable":true,"href":"https:\/\/revistaepocadigital.com.ar\/index.php?rest_route=\/wp\/v2\/users\/4"}],"replies":[{"embeddable":true,"href":"https:\/\/revistaepocadigital.com.ar\/index.php?rest_route=%2Fwp%2Fv2%2Fcomments&post=4138"}],"version-history":[{"count":0,"href":"https:\/\/revistaepocadigital.com.ar\/index.php?rest_route=\/wp\/v2\/posts\/4138\/revisions"}],"wp:featuredmedia":[{"embeddable":true,"href":"https:\/\/revistaepocadigital.com.ar\/index.php?rest_route=\/wp\/v2\/media\/4142"}],"wp:attachment":[{"href":"https:\/\/revistaepocadigital.com.ar\/index.php?rest_route=%2Fwp%2Fv2%2Fmedia&parent=4138"}],"wp:term":[{"taxonomy":"category","embeddable":true,"href":"https:\/\/revistaepocadigital.com.ar\/index.php?rest_route=%2Fwp%2Fv2%2Fcategories&post=4138"},{"taxonomy":"post_tag","embeddable":true,"href":"https:\/\/revistaepocadigital.com.ar\/index.php?rest_route=%2Fwp%2Fv2%2Ftags&post=4138"}],"curies":[{"name":"wp","href":"https:\/\/api.w.org\/{rel}","templated":true}]}}