{"id":4148,"date":"2020-02-05T02:08:26","date_gmt":"2020-02-05T05:08:26","guid":{"rendered":"https:\/\/revistaepocadigital.com.ar\/?p=4148"},"modified":"2020-03-01T17:04:42","modified_gmt":"2020-03-01T20:04:42","slug":"coronavirus-alerta-mundial-y-en-la-argentina-que","status":"publish","type":"post","link":"https:\/\/revistaepocadigital.com.ar\/?p=4148","title":{"rendered":"Coronavirus, alerta mundial, \u00bfy en la Argentina que?"},"content":{"rendered":"<p><strong>LA DOCTORA MERCEDES NANO, ESPECIALISTA EN INFECTOLOG\u00cdA (UBA), CONSULTADA POR EPOCA, HA BRINDADO UN <\/strong><strong>PORMENORIZADO INFORME PARA LEER CON MUCHA ATENCI\u00d3N.<\/strong><!--more--><\/p>\n<p>La aparici\u00f3n del coronavirus provoca creciente preocupaci\u00f3n y alarma en el mundo, ante el crecimiento de casos que han ido apareciendo y los gobiernos y pol\u00edticos siguen muy de cerca la situaci\u00f3n, en tanto han ido tomando medidas como por ej. Rusia al cerrar su frontera con China.<\/p>\n<figure id=\"attachment_4159\" aria-describedby=\"caption-attachment-4159\" style=\"width: 680px\" class=\"wp-caption aligncenter\"><img loading=\"lazy\" decoding=\"async\" class=\"size-full wp-image-4159\" src=\"https:\/\/revistaepocadigital.com.ar\/wp-content\/uploads\/2020\/01\/corona-virus-cnn-intern.jpg\" alt=\"\" width=\"680\" height=\"383\" srcset=\"https:\/\/revistaepocadigital.com.ar\/wp-content\/uploads\/2020\/01\/corona-virus-cnn-intern.jpg 680w, https:\/\/revistaepocadigital.com.ar\/wp-content\/uploads\/2020\/01\/corona-virus-cnn-intern-300x169.jpg 300w\" sizes=\"auto, (max-width: 680px) 100vw, 680px\" \/><figcaption id=\"caption-attachment-4159\" class=\"wp-caption-text\">Wuhan, China; la ciudad donde comenz\u00f3 el drama (Foto gentileza CNN internacional)<\/figcaption><\/figure>\n<p>La <strong>Dra. Mercedes Nano<\/strong>, como queda dicho, reconocida especialista en infectolog\u00eda as\u00ed como en Medicina Cr\u00edtica y Terapia Intensiva UBA, adem\u00e1s de docente asociado de la Universidad de Buenos Aires y desde hace un tiempo, presidente del C\u00edrculo M\u00e9dico de Exaltaci\u00f3n de la Cruz (MP 446625 MN 97733), dio detalles muy ilustrativos y para leer con atenci\u00f3n acerca del nuevoflagelo que aqueja al mundo.<\/p>\n<p><strong>-\u00bfDe que se trata el nuevo coronavirus 2019-nCoV?<\/strong><br \/>\n<em>-Es un virus emergente que puede infectar al ser humano, y generar desde formas leves a neumon\u00edas graves e incluso la muerte. Se ha detectado por primera vez en diciembre del 2019 en la ciudad de Wuhan, provincia de Hubei, China. La fuente de infecci\u00f3n se encuentra bajo investigaci\u00f3n. Existe la posibilidad de que la infecci\u00f3n inicial haya sido provocada por alg\u00fan animal. Los primeros casos se detectaron en un mercado donde hab\u00eda presencia de animales salvajes y mariscos. Algunos coronavirus son virus zoon\u00f3ticos,lo que significa que pueden transmitirse de los animales a los seres humanos.<\/em><\/p>\n<p><span style=\"color: #ff6600;\"><strong>LA PALABRA QUE PROVOCA TEMOR: CORONAVIRUS<\/strong><\/span><\/p>\n<p><strong>-\u00bfQue son los coronavirus?<\/strong><br \/>\n<em>-Bueno, representan una amplia familia de virus que afectan a los animales, pudiendo algunos transmitirse a las personas. Producen cuadros cl\u00ednicos que van desde resfriados hasta enfermedades m\u00e1s graves, como el s\u00edndrome respiratorio agudo grave (SARS-CoV), y el coronavirus causante de s\u00edndrome respiratorio de Oriente Medio (MERS-CoV).<\/em><br \/>\n<em>El brote como he mencionado, se ha iniciado en la ciudad de wuhan, china y se ha ido extendiendo al menos a otros 15 pa\u00edses. Al momento, se hab\u00edan detectado unos 10 mil casos confirmados y las muertes registradas por el virus, hab\u00eda provocado m\u00e1s de 170 fallecimientos, con una tasa de letalidad del 2-3% y una mortalidad observada de los ingresos a terapia intensiva mayor al 30% lo que habla de la gravedad de la situaci\u00f3n.<\/em><\/p>\n<figure id=\"attachment_4153\" aria-describedby=\"caption-attachment-4153\" style=\"width: 514px\" class=\"wp-caption aligncenter\"><img loading=\"lazy\" decoding=\"async\" class=\"size-full wp-image-4153\" src=\"https:\/\/revistaepocadigital.com.ar\/wp-content\/uploads\/2020\/01\/Image-1.jpg\" alt=\"\" width=\"514\" height=\"350\" srcset=\"https:\/\/revistaepocadigital.com.ar\/wp-content\/uploads\/2020\/01\/Image-1.jpg 514w, https:\/\/revistaepocadigital.com.ar\/wp-content\/uploads\/2020\/01\/Image-1-300x204.jpg 300w\" sizes=\"auto, (max-width: 514px) 100vw, 514px\" \/><figcaption id=\"caption-attachment-4153\" class=\"wp-caption-text\">La imagen mostraba los lugares del planeta m\u00e1s afectados<\/figcaption><\/figure>\n<p><strong>-\u00bfQue se puede decir acerca del brote?<\/strong><br \/>\n<em>-Veamos, resulta fundamental identificar el nexo epidemiol\u00f3gico por un viaje a China, o contacto con un caso de infecci\u00f3n por 2019-nCoV ante la sospecha cl\u00ednica. La sintomatolog\u00eda predominante en la internaci\u00f3n de los pacientes, es una infecci\u00f3n respiratoria aguda grave que puede llevar al SDRA y asociarse a falla card\u00edaca.<\/em><\/p>\n<p><strong>-\u00bfDe qu\u00e9 forma se puede adquirir la infecci\u00f3n?, pregunt\u00f3 EPOCA a la Dra. Nano.<\/strong><br \/>\n<em>-La infecci\u00f3n se producir\u00eda a trav\u00e9s de contacto estrecho con animales infectados, o por las secreciones respiratorias que se generan con la tos o el estornudo de una persona enferma, es decir transmisi\u00f3n por gotas. Estas secreciones infectar\u00e1n a otra persona, si entra en contacto con su nariz, sus ojos o su boca. La transmisi\u00f3n persona a persona se ha constatado, si bien es limitada.<\/em><\/p>\n<figure id=\"attachment_4157\" aria-describedby=\"caption-attachment-4157\" style=\"width: 576px\" class=\"wp-caption aligncenter\"><img loading=\"lazy\" decoding=\"async\" class=\"size-full wp-image-4157\" src=\"https:\/\/revistaepocadigital.com.ar\/wp-content\/uploads\/2020\/01\/nano-nani19.jpg\" alt=\"\" width=\"576\" height=\"384\" srcset=\"https:\/\/revistaepocadigital.com.ar\/wp-content\/uploads\/2020\/01\/nano-nani19.jpg 576w, https:\/\/revistaepocadigital.com.ar\/wp-content\/uploads\/2020\/01\/nano-nani19-300x200.jpg 300w\" sizes=\"auto, (max-width: 576px) 100vw, 576px\" \/><figcaption id=\"caption-attachment-4157\" class=\"wp-caption-text\">La Dra. Nano, el intendente Nanni, y representantes del municipio en ocasi\u00f3n de una campa\u00f1a sanitaria.<\/figcaption><\/figure>\n<p><strong>-\u00bfPuede detallar las formas cl\u00ednicas en que puede presentarse la enfermedad?<\/strong><br \/>\n<em>-Bien, en primera medida la enfermedad puede aparecer en forma leve, sin complicaciones, en forma de tos, dolor de garganta, congesti\u00f3n nasal, dolor de cabeza o dolores musculares. Tambi\u00e9n como Neumon\u00eda leve, Neumon\u00eda grave, S\u00edndrome de Distr\u00e9s Respiratorio del adulto (SDRA), Sepsis con foco respiratorio y Shock s\u00e9ptico con foco respiratorio.<\/em><\/p>\n<p><strong>-\u00bfSe ha encontrado un tratamiento m\u00e9dico para tratar el coronavirus?<\/strong><br \/>\n<em>&#8211; Actualmente no existe tratamiento espec\u00edfico, ni vacuna, solo medidas de sost\u00e9n. La Argentina no presentaba un caso sospechoso a la fecha (29-1-20).<\/em><\/p>\n<p><strong>-\u00bfQue se le puede indicar en especial a la poblaci\u00f3n de Exaltaci\u00f3n de la Cruz?<\/strong><br \/>\n&#8211;<em>Bueno, en el caso que existan personas que hayan viajado y que regresen a nuestro pa\u00eds con fiebre y provengan de China, o hayan tenido alg\u00fan contacto epidemiol\u00f3gico con paciente que presenta esta enfermedad, deben consultaron sin p\u00e9rdida de tiempo al Centro de Salud m\u00e1s pr\u00f3ximo a su domicilio, o bien concurrir al Hospital San Jos\u00e9. As\u00edmismo, se pueden realizar consultas a trav\u00e9s de la Direcci\u00f3n de Atenci\u00f3n Primaria donde ser\u00e1n atendidos por la Dra Paola Garcia o por mi parte. Por otro lado, si hay personas que desearan efectuar consultas por mail, pueden hacerlo a: atencionprimariaexaltacion@gmail.com<\/em><\/p>\n","protected":false},"excerpt":{"rendered":"<p>LA DOCTORA MERCEDES NANO, ESPECIALISTA EN INFECTOLOG\u00cdA (UBA), CONSULTADA POR EPOCA, HA BRINDADO UN PORMENORIZADO INFORME PARA LEER CON MUCHA ATENCI\u00d3N.<\/p>\n","protected":false},"author":4,"featured_media":4152,"comment_status":"open","ping_status":"open","sticky":false,"template":"","format":"standard","meta":{"footnotes":"","jetpack_publicize_message":"","jetpack_publicize_feature_enabled":true,"jetpack_social_post_already_shared":false,"jetpack_social_options":{"image_generator_settings":{"template":"highway","default_image_id":0,"font":"","enabled":false},"version":2}},"categories":[13],"tags":[569,580],"class_list":["post-4148","post","type-post","status-publish","format-standard","has-post-thumbnail","hentry","category-interes-general","tag-coronavirus","tag-dra-nano"],"jetpack_publicize_connections":[],"jetpack_featured_media_url":"https:\/\/revistaepocadigital.com.ar\/wp-content\/uploads\/2020\/01\/Image-1-1.jpg","jetpack_likes_enabled":true,"_links":{"self":[{"href":"https:\/\/revistaepocadigital.com.ar\/index.php?rest_route=\/wp\/v2\/posts\/4148","targetHints":{"allow":["GET"]}}],"collection":[{"href":"https:\/\/revistaepocadigital.com.ar\/index.php?rest_route=\/wp\/v2\/posts"}],"about":[{"href":"https:\/\/revistaepocadigital.com.ar\/index.php?rest_route=\/wp\/v2\/types\/post"}],"author":[{"embeddable":true,"href":"https:\/\/revistaepocadigital.com.ar\/index.php?rest_route=\/wp\/v2\/users\/4"}],"replies":[{"embeddable":true,"href":"https:\/\/revistaepocadigital.com.ar\/index.php?rest_route=%2Fwp%2Fv2%2Fcomments&post=4148"}],"version-history":[{"count":0,"href":"https:\/\/revistaepocadigital.com.ar\/index.php?rest_route=\/wp\/v2\/posts\/4148\/revisions"}],"wp:featuredmedia":[{"embeddable":true,"href":"https:\/\/revistaepocadigital.com.ar\/index.php?rest_route=\/wp\/v2\/media\/4152"}],"wp:attachment":[{"href":"https:\/\/revistaepocadigital.com.ar\/index.php?rest_route=%2Fwp%2Fv2%2Fmedia&parent=4148"}],"wp:term":[{"taxonomy":"category","embeddable":true,"href":"https:\/\/revistaepocadigital.com.ar\/index.php?rest_route=%2Fwp%2Fv2%2Fcategories&post=4148"},{"taxonomy":"post_tag","embeddable":true,"href":"https:\/\/revistaepocadigital.com.ar\/index.php?rest_route=%2Fwp%2Fv2%2Ftags&post=4148"}],"curies":[{"name":"wp","href":"https:\/\/api.w.org\/{rel}","templated":true}]}}