{"id":4162,"date":"2020-01-30T19:59:27","date_gmt":"2020-01-30T22:59:27","guid":{"rendered":"https:\/\/revistaepocadigital.com.ar\/?p=4162"},"modified":"2020-02-01T20:01:18","modified_gmt":"2020-02-01T23:01:18","slug":"auschwitz-el-dia-que-la-humanidad-descubrio-que-el-infierno-existia","status":"publish","type":"post","link":"https:\/\/revistaepocadigital.com.ar\/?p=4162","title":{"rendered":"Auschwitz. El d\u00eda que la humanidad descubri\u00f3 que el infierno exist\u00eda"},"content":{"rendered":"<p>&nbsp;<\/p>\n<article>\n<div class=\"article__head-container mdc-layout-grid__inner\">\n<div class=\"\">\n<h4><strong>A 75 A\u00d1OS. LA ESTREDORA NOTA PUBLICADA POR LARAZON.ES.<!--more--><\/strong><\/h4>\n<h4 class=\"subheadline | font--primary subheadLine\">El 27 de enero de 1945, las tropas sovi\u00e9ticas liberaron Auschwitz, el aterrador campo de concentraci\u00f3n en Polonia. Lo que encontraron super\u00f3 cualquier idea del horror.<\/h4>\n<\/div>\n<div class=\"media-head mdc-layout-grid__cell--span-10-desktop mdc-layout-grid__cell--span-8-tablet mdc-layout-grid__cell--span-4-phone mdc-layout-grid__cell--start-2-desktop mdc-layout-grid__cell--start-1-tablet mdc-layout-grid__cell--start-1-phone\">\n<figure class=\"img-container mdc-layout-grid__cell--span-10-desktop mdc-layout-grid__cell--span-8-tablet mdc-layout-grid__cell--span-4-phone mdc-layout-grid__cell--start-2-desktop mdc-layout-grid__cell--start-1-tablet mdc-layout-grid__cell--start-1-phone\"><picture><source srcset=\"https:\/\/www.larazon.es\/resizer\/KxDnQUbwbnczY4VLw8Jh-KzOT_g=\/1008x664\/smart\/arc-photo-larazon.s3.amazonaws.com\/eu-central-1-prod\/public\/KCY2XKET7BELDDSST3E2KTSIYY.jpg\" media=\"(min-width: 840px)\" data-device=\"desktop\" \/><source srcset=\"https:\/\/www.larazon.es\/resizer\/hi0WCQ6AEfl03zsi8GO9QdSqXTs=\/800x528\/smart\/arc-photo-larazon.s3.amazonaws.com\/eu-central-1-prod\/public\/KCY2XKET7BELDDSST3E2KTSIYY.jpg\" media=\"(max-width: 839px) and (min-width: 480px)\" data-device=\"tablet\" \/><source srcset=\"https:\/\/www.larazon.es\/resizer\/_iyerMb-REb7p8-V_4NBIr7_UZ0=\/384x256\/smart\/arc-photo-larazon.s3.amazonaws.com\/eu-central-1-prod\/public\/KCY2XKET7BELDDSST3E2KTSIYY.jpg\" media=\"(max-width: 479px)\" data-device=\"mobile\" \/><img decoding=\"async\" class=\"img-container__image\" src=\"https:\/\/arc-photo-larazon.s3.amazonaws.com\/eu-central-1-prod\/public\/KCY2XKET7BELDDSST3E2KTSIYY.jpg\" alt=\"\" \/><\/picture>\n<div id=\"linicom_imgid1580597338743_0\">\n<div id=\"linicom_gp1580597338743_0\" dir=\"ltr\">\n<div id=\"linicom_addiv_gp_1580597338743_0\"><\/div>\n<\/div>\n<\/div><figcaption class=\"img-container__caption\">Foto: SUB<span class=\"separator\">\/<\/span>AP<\/figcaption><\/figure>\n<figure class=\"img-container mdc-layout-grid__cell--span-10-desktop mdc-layout-grid__cell--span-8-tablet mdc-layout-grid__cell--span-4-phone mdc-layout-grid__cell--start-2-desktop mdc-layout-grid__cell--start-1-tablet mdc-layout-grid__cell--start-1-phone\">A mediados de enero de 1945, las tropas sovi\u00e9ticas superaban las posiciones nazis y el 27 de enero entraron en un recinto con torres de vigilancia y cercado por vallas, postes el\u00e9ctricos y alambre de espino. Un lugar desconocido para ellos del que ignoraban su existencia y que recib\u00eda el nombre de Auschwitz. Nadie hab\u00eda advertido a esos pelotones, bregados en el fuego de primera l\u00ednea, qu\u00e9 iban a encontrar en aquel lugar ni cu\u00e1l era su funci\u00f3n, pero nada m\u00e1s adentrarse en su interior descubrieron que aquella guerra se libraba en dos frentes completamente diferentes: la vanguardia, donde se combat\u00eda y los generales dirim\u00edan sus estrategias, y la retaguardia, donde se ejecutaba la ideolog\u00eda nazi al pie de la letra y se proced\u00eda al exterminio sistem\u00e1tico de milones de personas. El primer ruso que entr\u00f3 en el recinto fue el oficial sovi\u00e9tico Anatoly Shapiro. Sus palabras siempre se han considerado muy reveladores.<\/figure>\n<figure class=\"img-container mdc-layout-grid__cell--span-10-desktop mdc-layout-grid__cell--span-8-tablet mdc-layout-grid__cell--span-4-phone mdc-layout-grid__cell--start-2-desktop mdc-layout-grid__cell--start-1-tablet mdc-layout-grid__cell--start-1-phone\">No solo es el testimonio del d\u00eda de la liberaci\u00f3n, que ahora se celebra de manera anual, sino, tambi\u00e9n, el relato vivo y sin enmascaramientos del asombro, la estupefacci\u00f3n y el horror que le caus\u00f3, despu\u00e9s de haber presenciado el infierno de mil batallas, lo que vio all\u00ed dentro. Los alemanes, conscientes del derrumbamiento de sus filas ante el empuje de las divisiones de Stalin, hab\u00edan intentado ocultar las pruebas de los asesinatos que hab\u00edan cometido en este campo de concentraci\u00f3n desde su apertura en junio de 1940 (el periodo de mayor actividad fue 1944). Ante las \u00f3rdenes que reciben de Berl\u00edn, los soldados procedieron a borrar las evidencias que pudieran involucrarlos en los cr\u00edmenes que hab\u00edan llevado a cabo con impunidad durante los \u00faltimos a\u00f1os.<\/figure>\n<figure class=\"img-container mdc-layout-grid__cell--span-10-desktop mdc-layout-grid__cell--span-8-tablet mdc-layout-grid__cell--span-4-phone mdc-layout-grid__cell--start-2-desktop mdc-layout-grid__cell--start-1-tablet mdc-layout-grid__cell--start-1-phone\">Y, en esa misi\u00f3n, tambi\u00e9n intentaron eliminar las pruebas m\u00e1s evidentes: los prisioneros. <b>En los d\u00edas previos a la llegada de los sovi\u00e9ticos reunieron a cerca de 56.000, los que todav\u00eda estaban en condiciones para caminar, y los trasladaron al interior. Es lo que despu\u00e9s se vino a llamar la \u00abmarcha de la muerte\u00bb, que cost\u00f3 la vida a un m\u00ednimo de 9.000 v\u00edctimas, aunque algunos historiadores elevan esa cifra a 10.000.<\/b> Solo dejaron atr\u00e1s a los individuos enfermos, los que estaban a punto de fallecer o presentaban un estado de salud tan debilitado que no merec\u00eda la pena cargar con ellos. Un conjunto de alrededor de 7.500 almas que abandonaron sin ninguna clase de consideraci\u00f3n, desprovistos de asistencia m\u00e9dica, sin cuidados ni tampoco provisiones para comer: simplemente los entregaron a su buena o mala suerte.<\/figure>\n<\/div>\n<\/div>\n<div class=\"article__body-container\">\n<section>\n<div class=\"dfpAd align--center mdc-layout-grid__cell--span-12-desktop mdc-layout-grid__cell--span-8-tablet mdc-layout-grid__cell--span-4-phone text--center ad\">\n<div class=\"text--uppercase ad-text\"><\/div>\n<\/div>\n<figure class=\"img-container body-components__image mdc-layout-grid__cell--span-8-desktop mdc-layout-grid__cell--span-8-tablet mdc-layout-grid__cell--span-4-phone mdc-layout-grid__cell--start-3-desktop mdc-layout-grid__cell--start-1-tablet mdc-layout-grid__cell--start-1-phone\"><picture><source srcset=\"https:\/\/www.larazon.es\/resizer\/y3rJcDTW3tipCZZPxGaH6R2NJOY=\/800x0\/smart\/arc-photo-larazon.s3.amazonaws.com\/eu-central-1-prod\/public\/766NLXGCSZDJHCEINDEDM734JA.JPG\" media=\"(min-width: 840px)\" data-device=\"desktop\" \/><source srcset=\"https:\/\/www.larazon.es\/resizer\/y3rJcDTW3tipCZZPxGaH6R2NJOY=\/800x0\/smart\/arc-photo-larazon.s3.amazonaws.com\/eu-central-1-prod\/public\/766NLXGCSZDJHCEINDEDM734JA.JPG\" media=\"(max-width: 839px) and (min-width: 480px)\" data-device=\"tablet\" \/><source srcset=\"https:\/\/www.larazon.es\/resizer\/bF3y-rDxpDW2qCE6jAKm7amiycs=\/384x0\/smart\/arc-photo-larazon.s3.amazonaws.com\/eu-central-1-prod\/public\/766NLXGCSZDJHCEINDEDM734JA.JPG\" media=\"(max-width: 479px)\" data-device=\"mobile\" \/><img decoding=\"async\" class=\"img-container__image\" src=\"https:\/\/arc-photo-larazon.s3.amazonaws.com\/eu-central-1-prod\/public\/766NLXGCSZDJHCEINDEDM734JA.JPG\" alt=\"FILE PHOTO: Inmates are seen lying on bunks in a barrack at Nazi German death camp Auschwitz-Birkenau after its liberation in Nazi-occupied Poland, in this undated handout picture\" \/><\/picture><figcaption class=\"img-container__caption\">Interior de uno de los barracones<span class=\"separator\">\/<\/span>Foto: YAD VASHEM ARCHIVES<span class=\"separator\">\/<\/span>Reuters<\/figcaption><\/figure>\n<p class=\"font--primary body-components__text\"><b>La primera impresi\u00f3n<\/b><\/p>\n<p class=\"font--primary body-components__text\">Ellos fueron los individuos que encontraron Anatoly Shapiro y sus hombres. Lo primero que sintieron al aproximarse a Auschwitz fue un fuerte olor, un hedor tan grande que muchos combatientes solicitaban a sus mandos que los relevaran de sus funciones. Pero Shapiro se mantuvo firme y prosigui\u00f3 con su misi\u00f3n. Lo que abrieron entonces, justo despu\u00e9s, no fue un centro para confinamientos o juntar reclusos, sino las puertas del infierno. A su paso ve\u00edan cientos de ropas andrajosas esparcidas por el suelo, individuos reducidos a esqueletos, ni\u00f1os que hu\u00edan de ellos. Los sovi\u00e9ticos intentaron hablar con los supervivientes, que les explicaran algo, pero apenas fueron incapaces de responder a sus preguntas o decir algo. Solo eran piel y hueso, individuos reducidos a la luz de unas miradas extenuadas, la mayor\u00eda de ellos enfermos o a puntos de morir.<\/p>\n<p class=\"font--primary body-components__text\">Los alemanes hab\u00edan destruido las c\u00e1maras de gas, pero las pruebas de lo que hab\u00edan hecho asomaban por todas partes: miles de gafas, maletas, montones de pelo humano y cientos de latas, usadas o no, de Zyklon B, que se emple\u00f3 para gasear a miles de inocentes. <b>Los cad\u00e1veres se quemaban y los huesos que no quedaban carbonizados se machacaban. Las cenizas se arrojaban a dos lagunas de las inmediaciones o al r\u00edo V\u00edstula. Todav\u00eda hoy, pueden verse cenizas humanas en los crematorios y las parrillas. <\/b>Los rusos, incr\u00e9dulos, accedieron al barrac\u00f3n donde se hab\u00edan realizado los experimentos m\u00e9dicos, cerca del pabell\u00f3n dedicado a las mujeres, donde precisamente vieron docenas de muertos y una suciedad indescriptible que se mezclaba con heces y restos humanos. Los sovi\u00e9ticos comprendieron en qu\u00e9 consist\u00eda Auschwitz. Sus intentos de alimentar a los internos resultaron en vano, porque la comida agravaba su estado. Ese d\u00eda la historia descubr\u00eda en qu\u00e9 hab\u00eda consistido en realidad el Tercer Reich.<\/p>\n<div id=\"SMIntext-clearfix-1580597324200\" class=\"SMIntext-clearfix SMIntext-clearfix-90cb25d2-12be-4e71-8a65-8e8e1b73e13e desktop\"><\/div>\n<figure class=\"img-container body-components__image mdc-layout-grid__cell--span-8-desktop mdc-layout-grid__cell--span-8-tablet mdc-layout-grid__cell--span-4-phone mdc-layout-grid__cell--start-3-desktop mdc-layout-grid__cell--start-1-tablet mdc-layout-grid__cell--start-1-phone\"><picture><source srcset=\"https:\/\/www.larazon.es\/resizer\/88zcjxgd6dGnGZtXuR_qvjT3Co8=\/800x0\/smart\/arc-photo-larazon.s3.amazonaws.com\/eu-central-1-prod\/public\/JSK4PHGXINEDNCGXLWG5BBWDYE.jpg\" media=\"(min-width: 840px)\" data-device=\"desktop\" \/><source srcset=\"https:\/\/www.larazon.es\/resizer\/88zcjxgd6dGnGZtXuR_qvjT3Co8=\/800x0\/smart\/arc-photo-larazon.s3.amazonaws.com\/eu-central-1-prod\/public\/JSK4PHGXINEDNCGXLWG5BBWDYE.jpg\" media=\"(max-width: 839px) and (min-width: 480px)\" data-device=\"tablet\" \/><source srcset=\"https:\/\/www.larazon.es\/resizer\/LIB5jC8pdwGppJQeXBZ83iFmCh0=\/384x0\/smart\/arc-photo-larazon.s3.amazonaws.com\/eu-central-1-prod\/public\/JSK4PHGXINEDNCGXLWG5BBWDYE.jpg\" media=\"(max-width: 479px)\" data-device=\"mobile\" \/><img decoding=\"async\" class=\"img-container__image\" src=\"https:\/\/arc-photo-larazon.s3.amazonaws.com\/eu-central-1-prod\/public\/JSK4PHGXINEDNCGXLWG5BBWDYE.jpg\" alt=\"75th anniversary of the liberation of former German Nazi concentration and extermination camp Auschwitz-Birkenau\" \/><\/picture><figcaption class=\"img-container__caption\">Campo de concentraci\u00f3n de Auschwitz<span class=\"separator\">\/<\/span>Foto: STANISLAW MUCHA \/ www.auschwitz.<span class=\"separator\">\/<\/span>EFE<\/figcaption><\/figure>\n<\/section>\n<\/div>\n<\/article>\n<p>&nbsp;<\/p>\n<div class=\"tags | width_full\">\n<div><\/div>\n<div class=\"text--uppercase ad-text\">nota publicada en www.larazon.es<\/div>\n<\/div>\n","protected":false},"excerpt":{"rendered":"<p>&nbsp; A 75 A\u00d1OS. LA ESTREDORA NOTA PUBLICADA POR LARAZON.ES.<\/p>\n","protected":false},"author":3,"featured_media":4166,"comment_status":"open","ping_status":"open","sticky":false,"template":"","format":"standard","meta":{"footnotes":"","jetpack_publicize_message":"","jetpack_publicize_feature_enabled":true,"jetpack_social_post_already_shared":false,"jetpack_social_options":{"image_generator_settings":{"template":"highway","default_image_id":0,"font":"","enabled":false},"version":2}},"categories":[17],"tags":[581,99],"class_list":["post-4162","post","type-post","status-publish","format-standard","has-post-thumbnail","hentry","category-politica","tag-holocausto","tag-recomendada"],"jetpack_publicize_connections":[],"jetpack_featured_media_url":"https:\/\/revistaepocadigital.com.ar\/wp-content\/uploads\/2020\/02\/KCY2XKET7BELDDSST3E2KTSIYY.jpg","jetpack_likes_enabled":true,"_links":{"self":[{"href":"https:\/\/revistaepocadigital.com.ar\/index.php?rest_route=\/wp\/v2\/posts\/4162","targetHints":{"allow":["GET"]}}],"collection":[{"href":"https:\/\/revistaepocadigital.com.ar\/index.php?rest_route=\/wp\/v2\/posts"}],"about":[{"href":"https:\/\/revistaepocadigital.com.ar\/index.php?rest_route=\/wp\/v2\/types\/post"}],"author":[{"embeddable":true,"href":"https:\/\/revistaepocadigital.com.ar\/index.php?rest_route=\/wp\/v2\/users\/3"}],"replies":[{"embeddable":true,"href":"https:\/\/revistaepocadigital.com.ar\/index.php?rest_route=%2Fwp%2Fv2%2Fcomments&post=4162"}],"version-history":[{"count":0,"href":"https:\/\/revistaepocadigital.com.ar\/index.php?rest_route=\/wp\/v2\/posts\/4162\/revisions"}],"wp:featuredmedia":[{"embeddable":true,"href":"https:\/\/revistaepocadigital.com.ar\/index.php?rest_route=\/wp\/v2\/media\/4166"}],"wp:attachment":[{"href":"https:\/\/revistaepocadigital.com.ar\/index.php?rest_route=%2Fwp%2Fv2%2Fmedia&parent=4162"}],"wp:term":[{"taxonomy":"category","embeddable":true,"href":"https:\/\/revistaepocadigital.com.ar\/index.php?rest_route=%2Fwp%2Fv2%2Fcategories&post=4162"},{"taxonomy":"post_tag","embeddable":true,"href":"https:\/\/revistaepocadigital.com.ar\/index.php?rest_route=%2Fwp%2Fv2%2Ftags&post=4162"}],"curies":[{"name":"wp","href":"https:\/\/api.w.org\/{rel}","templated":true}]}}