{"id":4167,"date":"2020-01-30T00:34:56","date_gmt":"2020-01-30T03:34:56","guid":{"rendered":"https:\/\/revistaepocadigital.com.ar\/?p=4167"},"modified":"2020-02-08T00:50:14","modified_gmt":"2020-02-08T03:50:14","slug":"eden-informo-sobre-cortes-por-tareas-de-mantenimiento","status":"publish","type":"post","link":"https:\/\/revistaepocadigital.com.ar\/?p=4167","title":{"rendered":"EDEN inform\u00f3 sobre cortes por tareas de mantenimiento"},"content":{"rendered":"<p><strong>PREST\u00c1 ATENCI\u00d3N.<\/strong><!--more--><\/p>\n<p><img loading=\"lazy\" decoding=\"async\" class=\"aligncenter size-full wp-image-4168\" src=\"https:\/\/revistaepocadigital.com.ar\/wp-content\/uploads\/2020\/02\/ede.jpg\" alt=\"\" width=\"540\" height=\"763\" srcset=\"https:\/\/revistaepocadigital.com.ar\/wp-content\/uploads\/2020\/02\/ede.jpg 540w, https:\/\/revistaepocadigital.com.ar\/wp-content\/uploads\/2020\/02\/ede-212x300.jpg 212w, https:\/\/revistaepocadigital.com.ar\/wp-content\/uploads\/2020\/02\/ede-297x420.jpg 297w\" sizes=\"auto, (max-width: 540px) 100vw, 540px\" \/><\/p>\n","protected":false},"excerpt":{"rendered":"<p>PREST\u00c1 ATENCI\u00d3N.<\/p>\n","protected":false},"author":3,"featured_media":4170,"comment_status":"open","ping_status":"open","sticky":false,"template":"","format":"standard","meta":{"footnotes":"","jetpack_publicize_message":"","jetpack_publicize_feature_enabled":true,"jetpack_social_post_already_shared":false,"jetpack_social_options":{"image_generator_settings":{"template":"highway","default_image_id":0,"font":"","enabled":false},"version":2}},"categories":[4],"tags":[582,39],"class_list":["post-4167","post","type-post","status-publish","format-standard","has-post-thumbnail","hentry","category-aqui-los-cardales","tag-cortes","tag-eden"],"jetpack_publicize_connections":[],"jetpack_featured_media_url":"https:\/\/revistaepocadigital.com.ar\/wp-content\/uploads\/2020\/02\/EDD.jpg","jetpack_likes_enabled":true,"_links":{"self":[{"href":"https:\/\/revistaepocadigital.com.ar\/index.php?rest_route=\/wp\/v2\/posts\/4167","targetHints":{"allow":["GET"]}}],"collection":[{"href":"https:\/\/revistaepocadigital.com.ar\/index.php?rest_route=\/wp\/v2\/posts"}],"about":[{"href":"https:\/\/revistaepocadigital.com.ar\/index.php?rest_route=\/wp\/v2\/types\/post"}],"author":[{"embeddable":true,"href":"https:\/\/revistaepocadigital.com.ar\/index.php?rest_route=\/wp\/v2\/users\/3"}],"replies":[{"embeddable":true,"href":"https:\/\/revistaepocadigital.com.ar\/index.php?rest_route=%2Fwp%2Fv2%2Fcomments&post=4167"}],"version-history":[{"count":0,"href":"https:\/\/revistaepocadigital.com.ar\/index.php?rest_route=\/wp\/v2\/posts\/4167\/revisions"}],"wp:featuredmedia":[{"embeddable":true,"href":"https:\/\/revistaepocadigital.com.ar\/index.php?rest_route=\/wp\/v2\/media\/4170"}],"wp:attachment":[{"href":"https:\/\/revistaepocadigital.com.ar\/index.php?rest_route=%2Fwp%2Fv2%2Fmedia&parent=4167"}],"wp:term":[{"taxonomy":"category","embeddable":true,"href":"https:\/\/revistaepocadigital.com.ar\/index.php?rest_route=%2Fwp%2Fv2%2Fcategories&post=4167"},{"taxonomy":"post_tag","embeddable":true,"href":"https:\/\/revistaepocadigital.com.ar\/index.php?rest_route=%2Fwp%2Fv2%2Ftags&post=4167"}],"curies":[{"name":"wp","href":"https:\/\/api.w.org\/{rel}","templated":true}]}}