{"id":4175,"date":"2020-02-02T21:17:12","date_gmt":"2020-02-03T00:17:12","guid":{"rendered":"https:\/\/revistaepocadigital.com.ar\/?p=4175"},"modified":"2020-02-02T21:17:12","modified_gmt":"2020-02-03T00:17:12","slug":"controles-de-salud-en-comedores-y-merenderos","status":"publish","type":"post","link":"https:\/\/revistaepocadigital.com.ar\/?p=4175","title":{"rendered":"CONTROLES DE SALUD EN COMEDORES Y MERENDEROS"},"content":{"rendered":"<div><\/div>\n<div>\n<div class=\"clearfix\">\n<div id=\"js_2nr\" class=\"_2pie _14i5 _1qkq _1qkx\" role=\"main\">\n<div id=\"pagelet_timeline_main_column\">\n<div id=\"PagesProfileHomePrimaryColumnPagelet\" data-referrer=\"PagesProfileHomePrimaryColumnPagelet\">\n<div>\n<div id=\"u_jsonp_33_8c\">\n<div class=\"_1xnd\">\n<div class=\"_4-u2 _3xaf _3-95 _4-u8\">\n<div class=\"_5va1 _427x\">\n<div id=\"u_jsonp_33_h\" class=\"_4-u2 mbm _4mrt _5jmm _5pat _5v3q _7cqq _4-u8\" role=\"article\" data-fte=\"1\" data-ftr=\"1\" aria-labelledby=\"u_jsonp_33_2o\" aria-describedby=\"js_2mb js_2mc\" data-insertion-position=\"0\">\n<div id=\"u_jsonp_33_2n\" class=\"_3ccb\" data-ft=\"{&quot;tn&quot;:&quot;-R&quot;}\" data-gt=\"{&quot;type&quot;:&quot;click2canvas&quot;,&quot;fbsource&quot;:703,&quot;ref&quot;:&quot;nf_generic&quot;}\">\n<div class=\"_5pcr userContentWrapper\" data-ft=\"{&quot;tn&quot;:&quot;-R&quot;}\">\n<div>\n<form id=\"u_jsonp_33_5z\" class=\"commentable_item\" action=\"\/ajax\/ufi\/modify.php\" method=\"post\" data-ft=\"{&quot;tn&quot;:&quot;]&quot;}\">\n<div class=\"_4299\">\n<div class=\"_78bu\">\n<div class=\"_68wo\" data-testid=\"fbFeedStoryUFI\/feedbackSummary\"><\/div>\n<\/div>\n<\/div>\n<\/form>\n<\/div>\n<\/div>\n<\/div>\n<\/div>\n<\/div>\n<\/div>\n<\/div>\n<\/div>\n<\/div>\n<\/div>\n<\/div>\n<\/div>\n<\/div>\n<\/div>\n<div class=\"_4-u2 _4-u8\">\n<div class=\"_427x\">\n<div id=\"u_jsonp_33_n\" class=\"_4-u2 mbm _4mrt _5jmm _5pat _5v3q _7cqq _4-u8\" role=\"article\" data-fte=\"1\" data-ftr=\"1\" aria-labelledby=\"u_jsonp_33_4o\" aria-describedby=\"js_2mn js_2mo\" data-insertion-position=\"6\">\n<div id=\"u_jsonp_33_4n\" class=\"_3ccb\" data-ft=\"{&quot;tn&quot;:&quot;-R&quot;}\" data-gt=\"{&quot;type&quot;:&quot;click2canvas&quot;,&quot;fbsource&quot;:703,&quot;ref&quot;:&quot;nf_generic&quot;}\">\n<div class=\"_5pcr userContentWrapper\" data-ft=\"{&quot;tn&quot;:&quot;-R&quot;}\">\n<div class=\"_1dwg _1w_m _q7o\" data-vc-ignore-dynamic=\"1\">\n<div>\n<div id=\"js_2mo\" class=\"_5pbx userContent _3576\" data-testid=\"post_message\" data-ft=\"{&quot;tn&quot;:&quot;K&quot;}\">\n<p><strong>EN LOS EXISTENTES EN EXALTACI\u00d3N DE LA CRUZ.<!--more--><\/strong>En el marco de las pol\u00edticas de salud que viene desarrollando la Secretar\u00eda de Salud y Calidad de Vida del municipio junto a las organizaciones sociales, se realizaban controles de salud a los menores que asisten a comedores y merenderos emergentes.<\/p>\n<\/div>\n<div class=\"_3x-2\" data-ft=\"{&quot;tn&quot;:&quot;H&quot;}\">\n<div data-ft=\"{&quot;tn&quot;:&quot;H&quot;}\">\n<div class=\"mtm\">\n<div class=\"_2a2q _65sr\">\n<div class=\"uiScaledImageContainer\"><\/div>\n<div class=\"uiScaledImageContainer\"><img loading=\"lazy\" decoding=\"async\" class=\"scaledImageFitHeight img\" src=\"https:\/\/scontent.faep6-1.fna.fbcdn.net\/v\/t1.0-0\/s235x165\/85055333_3047943588591913_1868174082130837504_o.jpg?_nc_cat=105&amp;_nc_oc=AQn5FlC5aRtjQuGkgQBP2zCgMOYJR8We9d1ydfUCTNXq1r5WUiuVUxa2a35bX1AL270&amp;_nc_ht=scontent.faep6-1.fna&amp;oh=4456819339cd975632df747bdd91b297&amp;oe=5EC6B4BA\" alt=\"La imagen puede contener: una o varias personas, personas sentadas, personas de pie, tabla y exterior\" width=\"220\" height=\"165\" data-src=\"https:\/\/scontent.faep6-1.fna.fbcdn.net\/v\/t1.0-0\/s235x165\/85055333_3047943588591913_1868174082130837504_o.jpg?_nc_cat=105&amp;_nc_oc=AQn5FlC5aRtjQuGkgQBP2zCgMOYJR8We9d1ydfUCTNXq1r5WUiuVUxa2a35bX1AL270&amp;_nc_ht=scontent.faep6-1.fna&amp;oh=4456819339cd975632df747bdd91b297&amp;oe=5EC6B4BA\" \/><\/div>\n<div class=\"uiScaledImageContainer\"><img loading=\"lazy\" decoding=\"async\" class=\"scaledImageFitHeight img\" src=\"https:\/\/scontent.faep6-1.fna.fbcdn.net\/v\/t1.0-0\/s235x165\/83689743_3047943681925237_2456489996438208512_o.jpg?_nc_cat=105&amp;_nc_oc=AQlI5rD2MivY7VVQpXMrchGf7fpxFL8tZj0mSZl8_Qq3aH4DuNWrvIU8gmmpXa1kEqQ&amp;_nc_ht=scontent.faep6-1.fna&amp;oh=140ed3e8d83272190d4aea729493f917&amp;oe=5EBE987A\" alt=\"La imagen puede contener: una o varias personas, personas de pie y exterior\" width=\"220\" height=\"165\" data-src=\"https:\/\/scontent.faep6-1.fna.fbcdn.net\/v\/t1.0-0\/s235x165\/83689743_3047943681925237_2456489996438208512_o.jpg?_nc_cat=105&amp;_nc_oc=AQlI5rD2MivY7VVQpXMrchGf7fpxFL8tZj0mSZl8_Qq3aH4DuNWrvIU8gmmpXa1kEqQ&amp;_nc_ht=scontent.faep6-1.fna&amp;oh=140ed3e8d83272190d4aea729493f917&amp;oe=5EBE987A\" \/><\/div>\n<div class=\"uiScaledImageContainer\"><img loading=\"lazy\" decoding=\"async\" class=\"scaledImageFitHeight img\" src=\"https:\/\/scontent.faep6-1.fna.fbcdn.net\/v\/t1.0-0\/s235x165\/84416501_3047943788591893_2393917648694935552_o.jpg?_nc_cat=106&amp;_nc_oc=AQk2oLN0Z06bNmvHLhRfMoFMZGmc43sRRjIYOmKgZMldZ5MzK4Jf6CU4qdbsy0dhwRI&amp;_nc_ht=scontent.faep6-1.fna&amp;oh=e2b744a5aba10cec0509abeaeaf8e9ee&amp;oe=5EBFB998\" alt=\"La imagen puede contener: una o varias personas, personas de pie y exterior\" width=\"220\" height=\"165\" data-src=\"https:\/\/scontent.faep6-1.fna.fbcdn.net\/v\/t1.0-0\/s235x165\/84416501_3047943788591893_2393917648694935552_o.jpg?_nc_cat=106&amp;_nc_oc=AQk2oLN0Z06bNmvHLhRfMoFMZGmc43sRRjIYOmKgZMldZ5MzK4Jf6CU4qdbsy0dhwRI&amp;_nc_ht=scontent.faep6-1.fna&amp;oh=e2b744a5aba10cec0509abeaeaf8e9ee&amp;oe=5EBFB998\" \/><\/div>\n<\/div>\n<div>\n<p>Profesionales de Atenci\u00f3n Primaria a cargo de la Dra. Paola Garc\u00eda acompa\u00f1ados por referentes del Movimiento Evita, llevaron adelante controles de salud a los ni\u00f1os del comedor <strong>Rinc\u00f3n de Luz del Barrio Suaveg\u00f3n en Pav\u00f3n,<\/strong> realizando controles de peso, talla y revisaci\u00f3n de libretas de vacunas.<\/p>\n<p>Estos controles continuar\u00e1n en todos los comedores del partido en pos de brindar mayor calidad en la asistencia a los sectores que est\u00e1n sobrellevando la crisis en nuestro pa\u00eds.<\/p>\n<\/div>\n<p>Fotos: Prensa Municipalidad<\/p>\n<\/div>\n<\/div>\n<\/div>\n<\/div>\n<\/div>\n<\/div>\n<\/div>\n<\/div>\n<\/div>\n<\/div>\n","protected":false},"excerpt":{"rendered":"<p>EN LOS EXISTENTES EN EXALTACI\u00d3N DE LA CRUZ.<\/p>\n","protected":false},"author":3,"featured_media":4176,"comment_status":"open","ping_status":"open","sticky":false,"template":"","format":"standard","meta":{"footnotes":"","jetpack_publicize_message":"","jetpack_publicize_feature_enabled":true,"jetpack_social_post_already_shared":false,"jetpack_social_options":{"image_generator_settings":{"template":"highway","default_image_id":0,"font":"","enabled":false},"version":2}},"categories":[6],"tags":[583],"class_list":["post-4175","post","type-post","status-publish","format-standard","has-post-thumbnail","hentry","category-barrios","tag-controles-sanitarios"],"jetpack_publicize_connections":[],"jetpack_featured_media_url":"https:\/\/revistaepocadigital.com.ar\/wp-content\/uploads\/2020\/02\/controles-salud20.jpg","jetpack_likes_enabled":true,"_links":{"self":[{"href":"https:\/\/revistaepocadigital.com.ar\/index.php?rest_route=\/wp\/v2\/posts\/4175","targetHints":{"allow":["GET"]}}],"collection":[{"href":"https:\/\/revistaepocadigital.com.ar\/index.php?rest_route=\/wp\/v2\/posts"}],"about":[{"href":"https:\/\/revistaepocadigital.com.ar\/index.php?rest_route=\/wp\/v2\/types\/post"}],"author":[{"embeddable":true,"href":"https:\/\/revistaepocadigital.com.ar\/index.php?rest_route=\/wp\/v2\/users\/3"}],"replies":[{"embeddable":true,"href":"https:\/\/revistaepocadigital.com.ar\/index.php?rest_route=%2Fwp%2Fv2%2Fcomments&post=4175"}],"version-history":[{"count":0,"href":"https:\/\/revistaepocadigital.com.ar\/index.php?rest_route=\/wp\/v2\/posts\/4175\/revisions"}],"wp:featuredmedia":[{"embeddable":true,"href":"https:\/\/revistaepocadigital.com.ar\/index.php?rest_route=\/wp\/v2\/media\/4176"}],"wp:attachment":[{"href":"https:\/\/revistaepocadigital.com.ar\/index.php?rest_route=%2Fwp%2Fv2%2Fmedia&parent=4175"}],"wp:term":[{"taxonomy":"category","embeddable":true,"href":"https:\/\/revistaepocadigital.com.ar\/index.php?rest_route=%2Fwp%2Fv2%2Fcategories&post=4175"},{"taxonomy":"post_tag","embeddable":true,"href":"https:\/\/revistaepocadigital.com.ar\/index.php?rest_route=%2Fwp%2Fv2%2Ftags&post=4175"}],"curies":[{"name":"wp","href":"https:\/\/api.w.org\/{rel}","templated":true}]}}