{"id":4178,"date":"2020-01-28T21:27:19","date_gmt":"2020-01-29T00:27:19","guid":{"rendered":"https:\/\/revistaepocadigital.com.ar\/?p=4178"},"modified":"2020-02-02T21:30:49","modified_gmt":"2020-02-03T00:30:49","slug":"el-transporte-en-exaltacion-de-la-cruz-preocupacion-constante-para-los-vecinos","status":"publish","type":"post","link":"https:\/\/revistaepocadigital.com.ar\/?p=4178","title":{"rendered":"El transporte en Exaltaci\u00f3n de la Cruz, preocupaci\u00f3n constante para los vecinos"},"content":{"rendered":"<p><strong>GRAN NUMERO DE HABITANTES DEL DISTRITO.<\/strong><!--more--><\/p>\n<p>Son los que deben trasladarse a diario, utilizando los transportes p\u00fablicos, por razones de trabajo, estudios, tr\u00e1mites o personales. Y el reclamos por mejoras en los medios de transporte son constantes.<\/p>\n<p>En relaci\u00f3n a la importante problem\u00e1tica, desde el municipio fue informado que en la b\u00fasqueda de soluciones, el intendente <strong>Diego Nanni<\/strong> se reuni\u00f3 con el subsecretario de transporte provincial, <strong>Alejo Supply. <\/strong>Nanni le transmiti\u00f3 las necesidades en materia de transporte que existen en nuestro distrito.<\/p>\n<p>Entre otras cosas, la reuni\u00f3n sirvi\u00f3 para acercar a la Provincia, la preocupaci\u00f3n existente debido a que algunas zonas alejadas del distrito como Diego Gaynor, Arroyo de la Cruz o Puente Fierro, requieren de u<span class=\"text_exposed_show\">n mejor servicio de transporte en forma urgente. El encuentro fue clave, teniendo en cuenta que la decisi\u00f3n de llevar adelante las modificaciones necesarias depende de Provincia y no del Municipio local, dado que son partidas que otorga el ministerio de transporte bonaerense.<\/span><\/p>\n<div class=\"text_exposed_show\">\n<p>Por otra parte, <strong>Nanni<\/strong> fue recibido por el ministro de Obras P\u00fablicas provincial, Agust\u00edn Simone para <em>\u201ccontinuar en la gesti\u00f3n de los permisos para concluir las obras del puente del FFCC Mitre y avanzar en la construcci\u00f3n de nuevas bocas que alivian el escurrimiento de nuestro arroyo\u201d.<\/em><\/p>\n<\/div>\n<figure id=\"attachment_4182\" aria-describedby=\"caption-attachment-4182\" style=\"width: 960px\" class=\"wp-caption aligncenter\"><img loading=\"lazy\" decoding=\"async\" class=\"size-full wp-image-4182\" src=\"https:\/\/revistaepocadigital.com.ar\/wp-content\/uploads\/2020\/02\/nanni-obras-20.jpg\" alt=\"\" width=\"960\" height=\"585\" srcset=\"https:\/\/revistaepocadigital.com.ar\/wp-content\/uploads\/2020\/02\/nanni-obras-20.jpg 960w, https:\/\/revistaepocadigital.com.ar\/wp-content\/uploads\/2020\/02\/nanni-obras-20-300x183.jpg 300w, https:\/\/revistaepocadigital.com.ar\/wp-content\/uploads\/2020\/02\/nanni-obras-20-768x468.jpg 768w, https:\/\/revistaepocadigital.com.ar\/wp-content\/uploads\/2020\/02\/nanni-obras-20-696x424.jpg 696w, https:\/\/revistaepocadigital.com.ar\/wp-content\/uploads\/2020\/02\/nanni-obras-20-689x420.jpg 689w\" sizes=\"auto, (max-width: 960px) 100vw, 960px\" \/><figcaption id=\"caption-attachment-4182\" class=\"wp-caption-text\">El intendente durante una reuni\u00f3n apuntada a concluir obras.<\/figcaption><\/figure>\n<div class=\"text_exposed_show\">\n<p><em>\u201cCon el gobernador Axel Kicillof estamos planeando el futuro. Sabemos que contamos con el apoyo de la Provincia y juntos vamos a buscar las soluciones que necesitamos\u201d<\/em>, afirm\u00f3 el jefe comunal.<\/p>\n<\/div>\n","protected":false},"excerpt":{"rendered":"<p>GRAN NUMERO DE HABITANTES DEL DISTRITO.<\/p>\n","protected":false},"author":3,"featured_media":4180,"comment_status":"open","ping_status":"open","sticky":false,"template":"","format":"standard","meta":{"footnotes":"","jetpack_publicize_message":"","jetpack_publicize_feature_enabled":true,"jetpack_social_post_already_shared":false,"jetpack_social_options":{"image_generator_settings":{"template":"highway","default_image_id":0,"font":"","enabled":false},"version":2}},"categories":[13],"tags":[585,584,66],"class_list":["post-4178","post","type-post","status-publish","format-standard","has-post-thumbnail","hentry","category-interes-general","tag-gestiones","tag-medios-de-transporte","tag-nanni"],"jetpack_publicize_connections":[],"jetpack_featured_media_url":"https:\/\/revistaepocadigital.com.ar\/wp-content\/uploads\/2020\/02\/nanni-transp20.jpg","jetpack_likes_enabled":true,"_links":{"self":[{"href":"https:\/\/revistaepocadigital.com.ar\/index.php?rest_route=\/wp\/v2\/posts\/4178","targetHints":{"allow":["GET"]}}],"collection":[{"href":"https:\/\/revistaepocadigital.com.ar\/index.php?rest_route=\/wp\/v2\/posts"}],"about":[{"href":"https:\/\/revistaepocadigital.com.ar\/index.php?rest_route=\/wp\/v2\/types\/post"}],"author":[{"embeddable":true,"href":"https:\/\/revistaepocadigital.com.ar\/index.php?rest_route=\/wp\/v2\/users\/3"}],"replies":[{"embeddable":true,"href":"https:\/\/revistaepocadigital.com.ar\/index.php?rest_route=%2Fwp%2Fv2%2Fcomments&post=4178"}],"version-history":[{"count":0,"href":"https:\/\/revistaepocadigital.com.ar\/index.php?rest_route=\/wp\/v2\/posts\/4178\/revisions"}],"wp:featuredmedia":[{"embeddable":true,"href":"https:\/\/revistaepocadigital.com.ar\/index.php?rest_route=\/wp\/v2\/media\/4180"}],"wp:attachment":[{"href":"https:\/\/revistaepocadigital.com.ar\/index.php?rest_route=%2Fwp%2Fv2%2Fmedia&parent=4178"}],"wp:term":[{"taxonomy":"category","embeddable":true,"href":"https:\/\/revistaepocadigital.com.ar\/index.php?rest_route=%2Fwp%2Fv2%2Fcategories&post=4178"},{"taxonomy":"post_tag","embeddable":true,"href":"https:\/\/revistaepocadigital.com.ar\/index.php?rest_route=%2Fwp%2Fv2%2Ftags&post=4178"}],"curies":[{"name":"wp","href":"https:\/\/api.w.org\/{rel}","templated":true}]}}