{"id":4189,"date":"2020-02-07T23:39:55","date_gmt":"2020-02-08T02:39:55","guid":{"rendered":"https:\/\/revistaepocadigital.com.ar\/?p=4189"},"modified":"2020-02-08T14:34:00","modified_gmt":"2020-02-08T17:34:00","slug":"kicillof-paso-por-capilla-y-destaco-la-obra-y-aprovecho-para-pegarle-a-vidal","status":"publish","type":"post","link":"https:\/\/revistaepocadigital.com.ar\/?p=4189","title":{"rendered":"Kicillof pas\u00f3 por Capilla y destac\u00f3 la obra y aprovech\u00f3 para pegarle a Vidal"},"content":{"rendered":"<p><strong>NO HA SIDO NADA FRECUENTE LA VISITA DE UN GOBERNADOR A EXALTACI\u00d3N DE LA CRUZ QUE ESTA VEZ ESTUVO PARA INAUGURAR EL NUEVO EDIFICIO DEL JARDIN MATERNAL EL ABROJITO<\/strong><!--more--><\/p>\n<p>Se recuerda que el anterior que hab\u00eda estado en<strong> Capilla del Se\u00f1or<\/strong>, fue Daniel Scioli cuando fue inaugurada la rotonda y m\u00e1stil ubicado sobre la rotonda de las rutas 39 y 193 en el ingreso a nuestra ciudad. Se recuerda tambi\u00e9n que estuvo en Capilla, <strong>Mar\u00eda Eugenia Vidal<\/strong> si bien cuando era incipiente su candidatura a gobernadora.<\/p>\n<p>Hace unos d\u00edas, estuvo el gobernador<strong> Axel Kicillof<\/strong>, quien hace un par de meses ha asumido el cargo. Motiv\u00f3 su presencia, la inauguraci\u00f3n del nuevo edificio del Jard\u00edn Maternal El Abrojito, ubicado sobre la calle Irizar. Estuvo acompa\u00f1ado por la directora general de Cultura y Educaci\u00f3n,<strong> Agustina Vila, el intendente Diego Nanni,<\/strong> la directora del Jard\u00edn <strong>Jorgelina Pares.<\/strong><\/p>\n<figure id=\"attachment_4195\" aria-describedby=\"caption-attachment-4195\" style=\"width: 640px\" class=\"wp-caption aligncenter\"><img loading=\"lazy\" decoding=\"async\" class=\"size-full wp-image-4195\" src=\"https:\/\/revistaepocadigital.com.ar\/wp-content\/uploads\/2020\/02\/Kicillof-jaridin-nann-maests20.jpeg\" alt=\"\" width=\"640\" height=\"426\" srcset=\"https:\/\/revistaepocadigital.com.ar\/wp-content\/uploads\/2020\/02\/Kicillof-jaridin-nann-maests20.jpeg 640w, https:\/\/revistaepocadigital.com.ar\/wp-content\/uploads\/2020\/02\/Kicillof-jaridin-nann-maests20-300x200.jpeg 300w, https:\/\/revistaepocadigital.com.ar\/wp-content\/uploads\/2020\/02\/Kicillof-jaridin-nann-maests20-631x420.jpeg 631w\" sizes=\"auto, (max-width: 640px) 100vw, 640px\" \/><figcaption id=\"caption-attachment-4195\" class=\"wp-caption-text\">El gobernador, la secretaria de cultura y educaci\u00f3n, el intedente, la directora del jardin y docentes y personal.<\/figcaption><\/figure>\n<p>Kicillof destac\u00f3 que la ha sido<em> \u201cun paso importante para darle calidad de vida a los vecinos y vecinas y oportunidades a los m\u00e1s chicos\u201d<\/em>. Despu\u00e9s se\u00f1al\u00f3 que cada vez que alguien tiene una responsabilidad, desde el Estado nacional, provincial o municipal se tiene que decidir para qu\u00e9 utilizar los recursos. \u201c<em>Ac\u00e1 tenemos intendentes y funcionarios que tomaron la decisi\u00f3n pol\u00edtica de usarlos para los y las vecinas del partido. Los recursos se pueden ir por la fuga de capitales o pueden quedarse en ladrillos, en calidad de vida y en igualdad de oportunidades\u201d.<\/em><\/p>\n<p>Por otro lado, <strong>Kicillof<\/strong> reafirm\u00f3 que una de las principales prioridades de los bonaerenses es la educaci\u00f3n, en tal sentido se refiri\u00f3 a la reciente puesta en marcha del programa <strong>Escuelas a la Obra:<\/strong> <em>\u201cEstamos trabajando para que todo el sistema educativo que hab\u00eda ca\u00eddo en la pauperizaci\u00f3n, se vuelva a poner de pie. Hay que invertir lo necesario para que todas las escuelas de la provincia est\u00e9n en condiciones para cuando tenga lugar el comienzo de clases\u201d.<\/em><\/p>\n<p>&nbsp;<\/p>\n<figure id=\"attachment_4196\" aria-describedby=\"caption-attachment-4196\" style=\"width: 640px\" class=\"wp-caption aligncenter\"><img loading=\"lazy\" decoding=\"async\" class=\"size-full wp-image-4196\" src=\"https:\/\/revistaepocadigital.com.ar\/wp-content\/uploads\/2020\/02\/kicil-cap-20.jpeg\" alt=\"\" width=\"640\" height=\"427\" srcset=\"https:\/\/revistaepocadigital.com.ar\/wp-content\/uploads\/2020\/02\/kicil-cap-20.jpeg 640w, https:\/\/revistaepocadigital.com.ar\/wp-content\/uploads\/2020\/02\/kicil-cap-20-300x200.jpeg 300w, https:\/\/revistaepocadigital.com.ar\/wp-content\/uploads\/2020\/02\/kicil-cap-20-630x420.jpeg 630w\" sizes=\"auto, (max-width: 640px) 100vw, 640px\" \/><figcaption id=\"caption-attachment-4196\" class=\"wp-caption-text\">El gobernador junto a Nanni habla ante los vecinos.<\/figcaption><\/figure>\n<p>Entre otros representantes del municipio estuvieron Dr. H\u00e9ctor Nanni, Guadalupe Bravo, Vanesa Russo, Mar\u00eda Luz Bozzani, Norma Santillan, concejales como Raul Sancho, el titular del consejo escolar, Patricio Diez. Nanni al hablar entre otras consideraciones, destac\u00f3 el rol de la ex concejal Rosa Faure, impulsora del proyecto del nuevo edificio del Jard\u00edn Maternal El Abrojito. Obra que, criticaron tanto Kicillof como Nanni, su finalizaci\u00f3n se vio postergada, y cuyo costo pas\u00f3 de 4.600.000 pesos a 20 millones de pesos. Nanni mencion\u00f3 que su predecesor en el cargo, Adri\u00e1n S\u00e1nchez (tambi\u00e9n estuvo presente), se ocup\u00f3 e hizo gestiones para que la obra avanzara.<\/p>\n<figure id=\"attachment_4198\" aria-describedby=\"caption-attachment-4198\" style=\"width: 624px\" class=\"wp-caption aligncenter\"><img loading=\"lazy\" decoding=\"async\" class=\"size-full wp-image-4198\" src=\"https:\/\/revistaepocadigital.com.ar\/wp-content\/uploads\/2020\/02\/jardinmater20.jpg\" alt=\"\" width=\"624\" height=\"332\" srcset=\"https:\/\/revistaepocadigital.com.ar\/wp-content\/uploads\/2020\/02\/jardinmater20.jpg 624w, https:\/\/revistaepocadigital.com.ar\/wp-content\/uploads\/2020\/02\/jardinmater20-300x160.jpg 300w\" sizes=\"auto, (max-width: 624px) 100vw, 624px\" \/><figcaption id=\"caption-attachment-4198\" class=\"wp-caption-text\">El nuevo\u00a0 y magn\u00edfico edificio.<\/figcaption><\/figure>\n<p>En varios pasajes y luego al finalizar el acto al hablar con medios de prensa, <strong>Kicillof no ahorr\u00f3 cr\u00edticas a la ex gobernadora Mar\u00eda Eugenia Vidal<\/strong> y enfatiz\u00f3 en<em> &#8220;el desinter\u00e9s de Vidal para solucionar temas vinculados a la salud p\u00fablica, educaci\u00f3n y seguridad&#8221;<\/em>. Tambi\u00e9n le apunt\u00f3 a Vidal cuando se refiri\u00f3 al pago de 250 millones de d\u00f3lares a bonistas que en esos d\u00edas vencieron, situaci\u00f3n que luego de proponer el pago solamente de los intereses, extendi\u00f3\u00a0 luego la oferta a pagar el 30% del capital, y sin el acuerdo de los bonistas, finalmente el gobierno provincial pag\u00f3 el total de la deuda. &#8220;V<em>idal deber\u00eda haber dado una se\u00f1al ayudar al gobierno de la provincia, pero parece que anda distra\u00edda en otras cosas&#8221;,<\/em> ironiz\u00f3 el gobernador.<\/p>\n<p><img loading=\"lazy\" decoding=\"async\" class=\"aligncenter size-large wp-image-4200\" src=\"https:\/\/revistaepocadigital.com.ar\/wp-content\/uploads\/2020\/02\/Jardin-de-infantes-Exaltacion-de-la-cruz.jpeg\" alt=\"\" width=\"520\" height=\"346\" srcset=\"https:\/\/revistaepocadigital.com.ar\/wp-content\/uploads\/2020\/02\/Jardin-de-infantes-Exaltacion-de-la-cruz.jpeg 520w, https:\/\/revistaepocadigital.com.ar\/wp-content\/uploads\/2020\/02\/Jardin-de-infantes-Exaltacion-de-la-cruz-300x200.jpeg 300w\" sizes=\"auto, (max-width: 520px) 100vw, 520px\" \/> \u00a0\u00a0\u00a0\u00a0\u00a0\u00a0\u00a0\u00a0\u00a0\u00a0\u00a0\u00a0\u00a0\u00a0\u00a0 Una vista de uno de los sectores del jard\u00edn<\/p>\n<p>&nbsp;<\/p>\n<p><em>&#8220;Me siento muy feliz por ver la obra terminada y luego de un gran esfuerzo en la \u00faltima etapa del municipio; nosotros llegamos al gobierno municipal para tomar decisiones y para hacer obras, para eso cuento con el apoyo del gobernador. No estamos acostumbrados a que nos visite un gobernador tan pronto, luego de haber asumido el cargo, seguramente haya tenido que ver con las conversaciones, di\u00e1logos que hemos constru\u00eddo con funcionairos, porque pensamos siempre en como salir adelante de la actual situaci\u00f3n&#8221;<\/em>, enfatiz\u00f3 Nanni.<\/p>\n<p>Kicillof en otra parte de sus declaraciones arremeti\u00f3 una vez contra Vidal, <em>&#8220;dej\u00f3 una deuda impagable de 146 mil millones de pesos, m\u00e1s 85 mil millones en concepto de intereses, y adem\u00e1s permiti\u00f3 al gobierno nacional de Macri que se endeudara en d\u00f3lares lo que llev\u00f3 a una fuga de capitales impresionante&#8221;.<\/em><\/p>\n<p>Ante el d\u00edficil mo<em>mento que se atraviesa,<strong> Diego Nanni<\/strong> asegur\u00f3, &#8220;<\/em>el miedo no nos va a paralizar, y esto (la inauguraci\u00f3n del nuevo edificio) <em>es una muestra de lo que podremos hacer juntos cuando pensamos en forma articulada, y as\u00ed podremos construir mucho en educaci\u00f3n, salud, seguridad&#8221;.<\/em><\/p>\n<p>Por su parte, <strong>Nanni<\/strong> destac\u00f3 la finalizaci\u00f3n de estas obras y asegur\u00f3 que<em> \u201ces una primera prueba de lo que podemos hacer juntos, cuando pensamos en construir articuladamente estas instituciones educativas y en trabajar en materia de salud y de seguridad\u201d. <\/em>Se\u00f1al\u00f3 adem\u00e1s que <em>\u201cesta instituci\u00f3n significa mejorar la calidad de vida para nuestros pibes, para nuestras trabajadoras. Es creer y apostar en la educaci\u00f3n en Exaltaci\u00f3n de la Cruz<\/em>\u201d.<\/p>\n<p>Junto a la directora de la instituci\u00f3n, Jorgelina Pares, el gobernador recorri\u00f3 el jard\u00edn que funcionaba desde 1993 en una casa municipal sobre la calle Rivadavia, y a partir de esta inversi\u00f3n de aproximadamente 20 millones de pesos, pas\u00f3 a contar con el nuevo edificio propio para <strong>albergar a 85 infantes desde los 45 d\u00edas hasta los 2 a\u00f1os de edad<\/strong>, hijos e hijas de trabajadores municipales, de madres j\u00f3venes y de familias en riesgo. Kicillof tambi\u00e9n visit\u00f3 el Centro de Rehabilitaci\u00f3n Infantil que funciona en el mismo predio y el Centro de Vigilancia y Monitoreo del municipio.<\/p>\n<p>Fotos: Secretaria de Medios de la provincia de Buenos Aires y E. Marchese.<\/p>\n","protected":false},"excerpt":{"rendered":"<p>NO HA SIDO NADA FRECUENTE LA VISITA DE UN GOBERNADOR A EXALTACI\u00d3N DE LA CRUZ QUE ESTA VEZ ESTUVO PARA INAUGURAR EL NUEVO EDIFICIO DEL JARDIN MATERNAL EL ABROJITO<\/p>\n","protected":false},"author":4,"featured_media":4194,"comment_status":"open","ping_status":"open","sticky":false,"template":"","format":"standard","meta":{"footnotes":"","jetpack_publicize_message":"","jetpack_publicize_feature_enabled":true,"jetpack_social_post_already_shared":false,"jetpack_social_options":{"image_generator_settings":{"template":"highway","default_image_id":0,"font":"","enabled":false},"version":2}},"categories":[17],"tags":[588,587,66],"class_list":["post-4189","post","type-post","status-publish","format-standard","has-post-thumbnail","hentry","category-politica","tag-jardin-maternal","tag-kicillof-en-capilla","tag-nanni"],"jetpack_publicize_connections":[],"jetpack_featured_media_url":"https:\/\/revistaepocadigital.com.ar\/wp-content\/uploads\/2020\/02\/kici-nanni-marche20.jpg","jetpack_likes_enabled":true,"_links":{"self":[{"href":"https:\/\/revistaepocadigital.com.ar\/index.php?rest_route=\/wp\/v2\/posts\/4189","targetHints":{"allow":["GET"]}}],"collection":[{"href":"https:\/\/revistaepocadigital.com.ar\/index.php?rest_route=\/wp\/v2\/posts"}],"about":[{"href":"https:\/\/revistaepocadigital.com.ar\/index.php?rest_route=\/wp\/v2\/types\/post"}],"author":[{"embeddable":true,"href":"https:\/\/revistaepocadigital.com.ar\/index.php?rest_route=\/wp\/v2\/users\/4"}],"replies":[{"embeddable":true,"href":"https:\/\/revistaepocadigital.com.ar\/index.php?rest_route=%2Fwp%2Fv2%2Fcomments&post=4189"}],"version-history":[{"count":0,"href":"https:\/\/revistaepocadigital.com.ar\/index.php?rest_route=\/wp\/v2\/posts\/4189\/revisions"}],"wp:featuredmedia":[{"embeddable":true,"href":"https:\/\/revistaepocadigital.com.ar\/index.php?rest_route=\/wp\/v2\/media\/4194"}],"wp:attachment":[{"href":"https:\/\/revistaepocadigital.com.ar\/index.php?rest_route=%2Fwp%2Fv2%2Fmedia&parent=4189"}],"wp:term":[{"taxonomy":"category","embeddable":true,"href":"https:\/\/revistaepocadigital.com.ar\/index.php?rest_route=%2Fwp%2Fv2%2Fcategories&post=4189"},{"taxonomy":"post_tag","embeddable":true,"href":"https:\/\/revistaepocadigital.com.ar\/index.php?rest_route=%2Fwp%2Fv2%2Ftags&post=4189"}],"curies":[{"name":"wp","href":"https:\/\/api.w.org\/{rel}","templated":true}]}}