{"id":4222,"date":"2020-01-30T00:38:23","date_gmt":"2020-01-30T03:38:23","guid":{"rendered":"https:\/\/revistaepocadigital.com.ar\/?p=4222"},"modified":"2020-02-26T16:10:20","modified_gmt":"2020-02-26T19:10:20","slug":"carnavales-2020-a-beneficio-del-hospital-san-jose","status":"publish","type":"post","link":"https:\/\/revistaepocadigital.com.ar\/?p=4222","title":{"rendered":"CARNAVALES 2020: A BENEFICIO DEL HOSPITAL Y CON MAS COLECTIVOS A CARDALES"},"content":{"rendered":"<p><strong>INFALTABLES, ESPERADOS<\/strong>.<!--more--><\/p>\n<p>Uno de los eventos m\u00e1s tradicionales en <strong>Exaltaci\u00f3n de la Cruz, los carnavales<\/strong>. Como todos los a\u00f1os.<\/p>\n<p><img loading=\"lazy\" decoding=\"async\" class=\"aligncenter size-full wp-image-4228\" src=\"https:\/\/revistaepocadigital.com.ar\/wp-content\/uploads\/2020\/02\/CARNA-19-2.jpg\" alt=\"\" width=\"960\" height=\"540\" srcset=\"https:\/\/revistaepocadigital.com.ar\/wp-content\/uploads\/2020\/02\/CARNA-19-2.jpg 960w, https:\/\/revistaepocadigital.com.ar\/wp-content\/uploads\/2020\/02\/CARNA-19-2-300x169.jpg 300w, https:\/\/revistaepocadigital.com.ar\/wp-content\/uploads\/2020\/02\/CARNA-19-2-768x432.jpg 768w, https:\/\/revistaepocadigital.com.ar\/wp-content\/uploads\/2020\/02\/CARNA-19-2-696x392.jpg 696w, https:\/\/revistaepocadigital.com.ar\/wp-content\/uploads\/2020\/02\/CARNA-19-2-747x420.jpg 747w\" sizes=\"auto, (max-width: 960px) 100vw, 960px\" \/><\/p>\n<p>Desde el s\u00e1bado 8 de febrero, en la Plaza San Mart\u00edn de Capilla del Se\u00f1or, se viv\u00eda la primera noche de carnaval. Este a\u00f1o, todo lo recaudado ser\u00e1 destinado al Hospital Municipal San Jos\u00e9. Los corsos se extienden a los d\u00edas 15 y 22 de febrero.<\/p>\n<p>A los vecinos que llegaran de<strong> Los Cardales y Parada Robles<\/strong>, sea\u00f1adieron servicios de colectivos a las 2 de la madrugada.<\/p>\n<p><img loading=\"lazy\" decoding=\"async\" class=\"aligncenter size-large wp-image-4230\" src=\"https:\/\/revistaepocadigital.com.ar\/wp-content\/uploads\/2020\/02\/CARNA-19-1b.jpg\" alt=\"\" width=\"696\" height=\"392\" srcset=\"https:\/\/revistaepocadigital.com.ar\/wp-content\/uploads\/2020\/02\/CARNA-19-1b.jpg 960w, https:\/\/revistaepocadigital.com.ar\/wp-content\/uploads\/2020\/02\/CARNA-19-1b-300x169.jpg 300w, https:\/\/revistaepocadigital.com.ar\/wp-content\/uploads\/2020\/02\/CARNA-19-1b-768x432.jpg 768w, https:\/\/revistaepocadigital.com.ar\/wp-content\/uploads\/2020\/02\/CARNA-19-1b-696x392.jpg 696w, https:\/\/revistaepocadigital.com.ar\/wp-content\/uploads\/2020\/02\/CARNA-19-1b-747x420.jpg 747w\" sizes=\"auto, (max-width: 696px) 100vw, 696px\" \/><\/p>\n<div class=\"text_exposed_show\">\n<p>La gran fiesta que atrae a muchos vecinos y visitantes, estaba animada por la <strong>Bater\u00eda La Mar\u00eda, So Alegr\u00eda, Unidos do Samba, Los Inigualables y Santa Josefina<\/strong>. La entrada general es de $100 y los menores de 10 a\u00f1os ingresaban en forma gratuita.<\/p>\n<p>Para pasar unas noches en familia, con amigos, y para colaborar con el Hospital.<\/p>\n<\/div>\n","protected":false},"excerpt":{"rendered":"<p>INFALTABLES, ESPERADOS.<\/p>\n","protected":false},"author":3,"featured_media":4229,"comment_status":"open","ping_status":"open","sticky":false,"template":"","format":"standard","meta":{"footnotes":"","jetpack_publicize_message":"","jetpack_publicize_feature_enabled":true,"jetpack_social_post_already_shared":false,"jetpack_social_options":{"image_generator_settings":{"template":"highway","default_image_id":0,"font":"","enabled":false},"version":2}},"categories":[4],"tags":[591],"class_list":["post-4222","post","type-post","status-publish","format-standard","has-post-thumbnail","hentry","category-aqui-los-cardales","tag-carnavales-2020"],"jetpack_publicize_connections":[],"jetpack_featured_media_url":"https:\/\/revistaepocadigital.com.ar\/wp-content\/uploads\/2020\/02\/CARNA-19-2-1.jpg","jetpack_likes_enabled":true,"_links":{"self":[{"href":"https:\/\/revistaepocadigital.com.ar\/index.php?rest_route=\/wp\/v2\/posts\/4222","targetHints":{"allow":["GET"]}}],"collection":[{"href":"https:\/\/revistaepocadigital.com.ar\/index.php?rest_route=\/wp\/v2\/posts"}],"about":[{"href":"https:\/\/revistaepocadigital.com.ar\/index.php?rest_route=\/wp\/v2\/types\/post"}],"author":[{"embeddable":true,"href":"https:\/\/revistaepocadigital.com.ar\/index.php?rest_route=\/wp\/v2\/users\/3"}],"replies":[{"embeddable":true,"href":"https:\/\/revistaepocadigital.com.ar\/index.php?rest_route=%2Fwp%2Fv2%2Fcomments&post=4222"}],"version-history":[{"count":0,"href":"https:\/\/revistaepocadigital.com.ar\/index.php?rest_route=\/wp\/v2\/posts\/4222\/revisions"}],"wp:featuredmedia":[{"embeddable":true,"href":"https:\/\/revistaepocadigital.com.ar\/index.php?rest_route=\/wp\/v2\/media\/4229"}],"wp:attachment":[{"href":"https:\/\/revistaepocadigital.com.ar\/index.php?rest_route=%2Fwp%2Fv2%2Fmedia&parent=4222"}],"wp:term":[{"taxonomy":"category","embeddable":true,"href":"https:\/\/revistaepocadigital.com.ar\/index.php?rest_route=%2Fwp%2Fv2%2Fcategories&post=4222"},{"taxonomy":"post_tag","embeddable":true,"href":"https:\/\/revistaepocadigital.com.ar\/index.php?rest_route=%2Fwp%2Fv2%2Ftags&post=4222"}],"curies":[{"name":"wp","href":"https:\/\/api.w.org\/{rel}","templated":true}]}}