{"id":427,"date":"2018-10-31T18:58:56","date_gmt":"2018-10-31T21:58:56","guid":{"rendered":"https:\/\/revistaepocadigital.com.ar\/?p=427"},"modified":"2018-10-31T18:58:56","modified_gmt":"2018-10-31T21:58:56","slug":"loreley-barreto-se-destaco-en-los-bonaerensesenses-y-en-los-juegos-evita-la-medalla-de-bronce-gran-logro-la-atleta-local-loreley-barreto-tuvo-una-actuacion-brillante-en-los-juegos-bonaerenses-d","status":"publish","type":"post","link":"https:\/\/revistaepocadigital.com.ar\/?p=427","title":{"rendered":"LORELEY BARRETO. SE DESTACO EN LOS BONAERENSES Y EN LOS JUEGOS EVITA"},"content":{"rendered":"<p><strong>LA MEDALLA DE BRONCE, GRAN\u00a0 LOGRO<\/strong><!--more--><\/p>\n<p>La atleta local Loreley Barreto tuvo una actuaci\u00f3n brillante en los Juegos Bonaerenses donde logr\u00f3 la medalla de bronce en lanzamiento de bala de 4 kg para participantes con discapacidad en su caso en la categor\u00eda sub 18, y repiti\u00f3 la estupenda labor en los Juegos Nacionales Evita 2018 donde han participado m\u00e1s de 20 mil atletas del pa\u00eds; clasific\u00f3 en 4\u00ba lugar en representaci\u00f3n de la provincia de Buenos Aires con una marca de 6,17 metros, luego de conseguir la clasificaci\u00f3n ante el 3\u00ba puesto en los Bonaerenses.<\/p>\n","protected":false},"excerpt":{"rendered":"<p>LA MEDALLA DE BRONCE, GRAN\u00a0 LOGRO<\/p>\n","protected":false},"author":3,"featured_media":428,"comment_status":"open","ping_status":"open","sticky":false,"template":"","format":"standard","meta":{"footnotes":"","jetpack_publicize_message":"","jetpack_publicize_feature_enabled":true,"jetpack_social_post_already_shared":false,"jetpack_social_options":{"image_generator_settings":{"template":"highway","default_image_id":0,"font":"","enabled":false},"version":2}},"categories":[9],"tags":[24,37],"class_list":["post-427","post","type-post","status-publish","format-standard","has-post-thumbnail","hentry","category-deportes","tag-barreto","tag-destacada"],"jetpack_publicize_connections":[],"jetpack_featured_media_url":"https:\/\/revistaepocadigital.com.ar\/wp-content\/uploads\/2018\/11\/barreto-1.jpg","jetpack_likes_enabled":true,"_links":{"self":[{"href":"https:\/\/revistaepocadigital.com.ar\/index.php?rest_route=\/wp\/v2\/posts\/427","targetHints":{"allow":["GET"]}}],"collection":[{"href":"https:\/\/revistaepocadigital.com.ar\/index.php?rest_route=\/wp\/v2\/posts"}],"about":[{"href":"https:\/\/revistaepocadigital.com.ar\/index.php?rest_route=\/wp\/v2\/types\/post"}],"author":[{"embeddable":true,"href":"https:\/\/revistaepocadigital.com.ar\/index.php?rest_route=\/wp\/v2\/users\/3"}],"replies":[{"embeddable":true,"href":"https:\/\/revistaepocadigital.com.ar\/index.php?rest_route=%2Fwp%2Fv2%2Fcomments&post=427"}],"version-history":[{"count":0,"href":"https:\/\/revistaepocadigital.com.ar\/index.php?rest_route=\/wp\/v2\/posts\/427\/revisions"}],"wp:featuredmedia":[{"embeddable":true,"href":"https:\/\/revistaepocadigital.com.ar\/index.php?rest_route=\/wp\/v2\/media\/428"}],"wp:attachment":[{"href":"https:\/\/revistaepocadigital.com.ar\/index.php?rest_route=%2Fwp%2Fv2%2Fmedia&parent=427"}],"wp:term":[{"taxonomy":"category","embeddable":true,"href":"https:\/\/revistaepocadigital.com.ar\/index.php?rest_route=%2Fwp%2Fv2%2Fcategories&post=427"},{"taxonomy":"post_tag","embeddable":true,"href":"https:\/\/revistaepocadigital.com.ar\/index.php?rest_route=%2Fwp%2Fv2%2Ftags&post=427"}],"curies":[{"name":"wp","href":"https:\/\/api.w.org\/{rel}","templated":true}]}}