{"id":4270,"date":"2020-02-18T00:14:54","date_gmt":"2020-02-18T03:14:54","guid":{"rendered":"https:\/\/revistaepocadigital.com.ar\/?p=4270"},"modified":"2020-02-21T20:35:52","modified_gmt":"2020-02-21T23:35:52","slug":"podes-sacar-tu-carnet-para-manejar-en-el-dia","status":"publish","type":"post","link":"https:\/\/revistaepocadigital.com.ar\/?p=4270","title":{"rendered":"POD\u00c9S SACAR TU CARNET PARA MANEJAR EN EL D\u00cdA"},"content":{"rendered":"<div><strong>UN TRAMITE CLAVE QUE HA SABIDO GENERAR INCONVENIENTES.<\/strong><\/div>\n<p><!--more--><\/p>\n<div><\/div>\n<div>Debido a vencimientos inesperados, p\u00e9rdidas, hurtos, demoras, etc, obtener o renovar la licencia para conducir veh\u00edculos ha sido en muchos casos, una complicaci\u00f3n.<\/div>\n<div><\/div>\n<div>Por eso es para considerar y tener en cuenta que desde hace poco, la mencionada licencia para c<span lang=\"ES\">onducir, que se tramitan en el municipio, han pasado a entregarse en el d\u00eda. De esas forma, se evitan como te mencionamos, varios obst\u00e1culos, las demoras entre ellos cuando el pl\u00e1stico era confeccionado en otro distrito.<\/span><\/div>\n<div><\/div>\n<div>\n<p><span lang=\"ES\">El cambio obedeci\u00f3 a una gesti\u00f3n del intendente<strong> Diego Nanni<\/strong> ante la Subsecretar\u00eda de Transporte de la Provincia de Buenos Aires, que aport\u00f3 los equipos y software necesarios para brindar el servcio en nuestra ciudad, que de hecho, ya se encuentra en funcionamiento.<\/span><\/p>\n<p><span lang=\"ES\">Ahora entonces, una vez completado el tr\u00e1mite administrativo y aprobado el ex\u00e1men de manejo, el usuario puede retirar su Licencia de Conducir impresa, sin esperas ni complicaciones.<\/span><\/p>\n<p><span lang=\"ES\">Para mayor informaci\u00f3n, pod\u00e9s concurrir a la oficina de Licencias de Conducir que funciona en Moreno 452 en Capilla del Se\u00f1or en el horario de 8 a 14 horas. Tambi\u00e9n es posible efectuar consultas telef\u00f3nicas: 02323 581025 o al mail <a href=\"mailto:licencias@exaltaciondelacruz.gov.ar\" target=\"_blank\" rel=\"nofollow noopener noreferrer\" shape=\"rect\">licencias@exaltaciondelacruz.gov.ar<\/a><\/span><\/p>\n<p><span lang=\"ES\"><em>\u201cAgradecemos el apoyo de la Provincia,lde Alejo Supply y del gobernador Axel Kicillof, porque estos equipos acortan la espera y hacen que el vecino tenga una soluci\u00f3n concreta en cuesti\u00f3n de horas\u201d<\/em>, asegur\u00f3 el intendente Nanni.<\/span><\/p>\n<\/div>\n<figure id=\"attachment_4274\" aria-describedby=\"caption-attachment-4274\" style=\"width: 642px\" class=\"wp-caption aligncenter\"><img loading=\"lazy\" decoding=\"async\" class=\"size-full wp-image-4274\" src=\"https:\/\/revistaepocadigital.com.ar\/wp-content\/uploads\/2020\/02\/carne-dipa1.jpg\" alt=\"\" width=\"642\" height=\"349\" srcset=\"https:\/\/revistaepocadigital.com.ar\/wp-content\/uploads\/2020\/02\/carne-dipa1.jpg 642w, https:\/\/revistaepocadigital.com.ar\/wp-content\/uploads\/2020\/02\/carne-dipa1-300x163.jpg 300w\" sizes=\"auto, (max-width: 642px) 100vw, 642px\" \/><figcaption id=\"caption-attachment-4274\" class=\"wp-caption-text\">(De izq. a der.).\u00a0 El Jefe de Gabinete de la Subsecretaria de Transporte Provincial, Rodrigo Lynch, el diputado provincial, el conocido Marcos Di Palma, Alejo Supply, Subsecretario de Transporte de la provincia y el intendente Nanni en la inauguraci\u00f3n del nuevo servicio.<\/figcaption><\/figure>\n<div>\n<p><span lang=\"ES\">Luego de la recorrida por la oficina de Licencias de Conducir, los funcionarios bonaerense, el Jefe de Gabinete de la Subsecretaria de Transporte Provincial, Rodrigo Lynch, el diputado provincial, Marcos Di Palma, Alejo Supply, Subsecretario de Transporte de la provincia y el intendente Nanni, ofrecieron una conferencia de prensa donde hablaron, entre otros temas, de la problem\u00e1tica del transporte urbano del distrito.<\/span><\/p>\n<\/div>\n<figure id=\"attachment_4307\" aria-describedby=\"caption-attachment-4307\" style=\"width: 923px\" class=\"wp-caption aligncenter\"><img loading=\"lazy\" decoding=\"async\" class=\"size-full wp-image-4307\" src=\"https:\/\/revistaepocadigital.com.ar\/wp-content\/uploads\/2020\/02\/carne-con1-1.jpg\" alt=\"\" width=\"923\" height=\"665\" srcset=\"https:\/\/revistaepocadigital.com.ar\/wp-content\/uploads\/2020\/02\/carne-con1-1.jpg 923w, https:\/\/revistaepocadigital.com.ar\/wp-content\/uploads\/2020\/02\/carne-con1-1-300x216.jpg 300w, https:\/\/revistaepocadigital.com.ar\/wp-content\/uploads\/2020\/02\/carne-con1-1-768x553.jpg 768w, https:\/\/revistaepocadigital.com.ar\/wp-content\/uploads\/2020\/02\/carne-con1-1-696x501.jpg 696w, https:\/\/revistaepocadigital.com.ar\/wp-content\/uploads\/2020\/02\/carne-con1-1-583x420.jpg 583w\" sizes=\"auto, (max-width: 923px) 100vw, 923px\" \/><figcaption id=\"caption-attachment-4307\" class=\"wp-caption-text\">El corte de\u00a0 cintas, el intendente, los funcionarios, Bozzani y el diputado Marcos Di Palma.<\/figcaption><\/figure>\n<div>\n<p><strong><span lang=\"ES\">TRANSPORTE P\u00daBLICO: LA PROVINCIA PROMETI\u00d3 AYUDA<\/span><\/strong><\/p>\n<p><span lang=\"ES\"> En EPOCA nos hemos ocupado de la problem\u00e1tica que afecta a muchos exaltacruce\u00f1os. En tal sentido, desde la municipalida se inform\u00f3 que el S<\/span><span lang=\"ES\">ubsecretario de Transporte de la provincia de Buenos Aires, <strong>Alejo Supply<\/strong>, al visitar Capilla del Se\u00f1or,\u00a0 se comprometi\u00f3 a cooperar con la comuna para mejorar el vital servicio de transporte p\u00fablico que funcionaen Exaltaci\u00f3n de la Cruz.<\/span><\/p>\n<\/div>\n<div>\n<p><span lang=\"ES\">Supply particip\u00f3 de una conferencia de prensa junto al intendente Nanni, plante\u00e1ndose el tema recurrente por cierto, padeciendose de la falta de frecuencias, el estado de las unidades y la posibilidad de contar con transporte p\u00fablico que vincule a la localidad de Diego Gaynor con el resto de las de nuestro partido. <\/span><span lang=\"ES\">\u201cYa nos hemos reunido con el intendente Nanni por estos temas, y lo primero que tenemos que hacer es un informe t\u00e9cnico, dado que en Exaltaci\u00f3n de la Cruz funcionan varias l\u00edneas de distintas empresas\u201d, sostuvo el funcionario.<\/span><\/p>\n<p><span lang=\"ES\">Luego agreg\u00f3: <em>\u201cUna vez que tengamos ese informe, seguramente encontraremos las soluciones que se reclaman, porque el objetivo es mejorar la calidad de vida de los vecinos de este distrito\u201d.<\/em> Por su parte, el jefe comunal<\/span><span lang=\"ES\"> agradeci\u00f3 la visita de las autoridades provinciales y entreg\u00f3 un pormenorizado an\u00e1lisis de la situaci\u00f3n local, que fue elaborado por el \u00e1rea de transporte del municipio.<\/span><\/p>\n<\/div>\n<div><\/div>\n<div>Fotos: Prensa Municipalidad.<\/div>\n","protected":false},"excerpt":{"rendered":"<p>UN TRAMITE CLAVE QUE HA SABIDO GENERAR INCONVENIENTES.<\/p>\n","protected":false},"author":4,"featured_media":4281,"comment_status":"open","ping_status":"open","sticky":false,"template":"","format":"standard","meta":{"footnotes":"","jetpack_publicize_message":"","jetpack_publicize_feature_enabled":true,"jetpack_social_post_already_shared":false,"jetpack_social_options":{"image_generator_settings":{"template":"highway","default_image_id":0,"font":"","enabled":false},"version":2}},"categories":[17],"tags":[596,598,66,597],"class_list":["post-4270","post","type-post","status-publish","format-standard","has-post-thumbnail","hentry","category-politica","tag-licencia-para-construir","tag-marcos-di-palma","tag-nanni","tag-transporte"],"jetpack_publicize_connections":[],"jetpack_featured_media_url":"https:\/\/revistaepocadigital.com.ar\/wp-content\/uploads\/2020\/02\/carnet-cond-muni20d.jpg","jetpack_likes_enabled":true,"_links":{"self":[{"href":"https:\/\/revistaepocadigital.com.ar\/index.php?rest_route=\/wp\/v2\/posts\/4270","targetHints":{"allow":["GET"]}}],"collection":[{"href":"https:\/\/revistaepocadigital.com.ar\/index.php?rest_route=\/wp\/v2\/posts"}],"about":[{"href":"https:\/\/revistaepocadigital.com.ar\/index.php?rest_route=\/wp\/v2\/types\/post"}],"author":[{"embeddable":true,"href":"https:\/\/revistaepocadigital.com.ar\/index.php?rest_route=\/wp\/v2\/users\/4"}],"replies":[{"embeddable":true,"href":"https:\/\/revistaepocadigital.com.ar\/index.php?rest_route=%2Fwp%2Fv2%2Fcomments&post=4270"}],"version-history":[{"count":0,"href":"https:\/\/revistaepocadigital.com.ar\/index.php?rest_route=\/wp\/v2\/posts\/4270\/revisions"}],"wp:featuredmedia":[{"embeddable":true,"href":"https:\/\/revistaepocadigital.com.ar\/index.php?rest_route=\/wp\/v2\/media\/4281"}],"wp:attachment":[{"href":"https:\/\/revistaepocadigital.com.ar\/index.php?rest_route=%2Fwp%2Fv2%2Fmedia&parent=4270"}],"wp:term":[{"taxonomy":"category","embeddable":true,"href":"https:\/\/revistaepocadigital.com.ar\/index.php?rest_route=%2Fwp%2Fv2%2Fcategories&post=4270"},{"taxonomy":"post_tag","embeddable":true,"href":"https:\/\/revistaepocadigital.com.ar\/index.php?rest_route=%2Fwp%2Fv2%2Ftags&post=4270"}],"curies":[{"name":"wp","href":"https:\/\/api.w.org\/{rel}","templated":true}]}}