{"id":4283,"date":"2020-02-19T16:02:30","date_gmt":"2020-02-19T19:02:30","guid":{"rendered":"https:\/\/revistaepocadigital.com.ar\/?p=4283"},"modified":"2020-02-19T17:08:36","modified_gmt":"2020-02-19T20:08:36","slug":"1-7-millones-de-pesos-para-arreglar-escuelas-exaltacrucenas","status":"publish","type":"post","link":"https:\/\/revistaepocadigital.com.ar\/?p=4283","title":{"rendered":"1.7 MILLONES DE PESOS PARA ARREGLAR ESCUELAS EXALTACRUCE\u00d1AS"},"content":{"rendered":"<p><strong>EDUCACION. TEMA CENTRAL.<\/strong><!--more--><\/p>\n<p>Los recursos provistos por el gobierno provincial, se obtuvieron luego de un relevamiento<br \/>\nque se hizo desde la Secretar\u00eda de Pol\u00edticas Educativas del municipio a cargo de Vanesa Russo. Luego el intendente <strong>Diego Nanni<\/strong> gestion\u00f3 los fondos ante el gobernador <strong>Axel Kicillof<\/strong>, y la cartera de Educaci\u00f3n. Las obras comenzaron a ejecutarse y seg\u00fan lo informado desde la comuna, estar\u00e1n finalizadas al momento del comienzo del cercano ciclo escolar 2020.<\/p>\n<p>Apuntando a garantizar el normal comienzaoo de clases en<strong> Exaltaci\u00f3n de la Cruz<\/strong>, el gobierno municipal gestion\u00f3 ante la Provincia una partida de emergencia para dejar en condiciones los edificios escolares del distrito, en el marco del programa<strong> \u201cEscuelas a la Obra\u201d,<\/strong> que lanz\u00f3 el gobierno bonaerense.<\/p>\n<div class=\"I_52qC D_FY W_6D6F\" data-test-id=\"message-view-body\">\n<div class=\"msg-body P_wpofO iy_A mq_AS\" data-test-id=\"message-view-body-content\">\n<div class=\"jb_0 X_6MGW N_6Fd5\">\n<div>\n<div id=\"yiv1659050487\">\n<div>\n<div>De hecho en su visita a Capilla del Se\u00f1or, el gobernadorl <strong>Kicilloff<\/strong> y la ministra de Educaci\u00f3n, <strong>Agustina Vila,<\/strong> hab\u00edan comprometido su ayuda para alcanzar el objetivo del inicio de clases con los edificios escolares en condiciones adecuadas. De esta forma qued\u00f3 confirmado el desembolso m\u00e1s de 1,7 millones de pesos para una serie de trabajos que ya se encuentran en ejecuci\u00f3n. El cronograma de obras fue elaborado por el municipio, luego de un relevamiento de la <strong>secretar\u00eda de Pol\u00edticas Educativas<\/strong> del municipio, a pedido del intendente Nanni.<\/div>\n<div><\/div>\n<div>El <strong>cronograma<\/strong> ha inclu\u00eddo la refuncionalizaci\u00f3n de la Escuela n\u00b011 de Los Cardales, con la reparaci\u00f3n de una pared medianera y la pintura total del establecimiento. Tambi\u00e9n se avanzaba en las conexiones de gas\u00a0 del Jard\u00edn 905 de Arroyo de la Cruz y del Centro para la Producci\u00f3n Total de Diego Gaynor. Adem\u00e1s, se dotab de pozos ciegos al edificio de la escuela secundaria n\u00b07 y Primaria n\u00b015 de Chenaut, como as\u00ed tambi\u00e9n en la escuela primaria n\u00b06 y Secundaria n\u00b03 de Carlos Leme\u00e9, en donde se efectuaban id\u00e9nticos trabajos.<\/div>\n<div><\/div>\n<div>Dentro del esquema de obras en ejecuci\u00f3n, se iban a reparar las rajaduras de la Escuela n\u00b016 de Etchegoyen, se realizar\u00e1 mantenimiento edilicio y se pintar\u00e1 la Escuela Media n\u00b01 y la Secundaria n\u00b02, y se arreglaba el techo del aula modular del Jard\u00edn n\u00b0902 de Los Cardales.<\/div>\n<div><\/div>\n<div><em>\u00a0\u201cNecesitamos resolver la situaci\u00f3n de algunas escuelas que necesitan atenci\u00f3n, y es por eso que el gobernador Kicillof atendi\u00f3 nuestro pedido\u201d,<\/em> dijo el intendente Nanni al referirse al desembolso extraordinario de 1,7 millones de pesos. <em>\u201cQuiero contarles a los vecinos tambi\u00e9n <\/em>-agreg\u00f3 el jefe comunal-<em> que m\u00e1s all\u00e1 de esta inversi\u00f3n, hemos sostenido numerosas acciones que son necesarias para que los chicos empiecen las clases sin inconvenientes\u201d.<\/em><\/div>\n<div><\/div>\n<div><em>\u201cSeguramente que ir\u00e1n surgiendo m\u00e1s demandas, e intentaremos cubrirlas, pero con estas obras el municipio est\u00e1 garantizando el normal comienzo del ciclo lectuvo, con escuelas en condiciones y servicios funcionando\u201d,<\/em> acot\u00f3 Nanni, quien agradeci\u00f3 el esfuerzo de los trabajadores municipales que realizan los trabajos.<\/div>\n<\/div>\n<\/div>\n<\/div>\n<div><\/div>\n<div>\n<div id=\"yiv1659050487\">\n<div>\n<p>Foto: Prensa Municipalidad<\/p>\n<\/div>\n<\/div>\n<\/div>\n<\/div>\n<\/div>\n<\/div>\n","protected":false},"excerpt":{"rendered":"<p>EDUCACION. TEMA CENTRAL.<\/p>\n","protected":false},"author":3,"featured_media":4285,"comment_status":"open","ping_status":"open","sticky":false,"template":"","format":"standard","meta":{"footnotes":"","jetpack_publicize_message":"","jetpack_publicize_feature_enabled":true,"jetpack_social_post_already_shared":false,"jetpack_social_options":{"image_generator_settings":{"template":"highway","default_image_id":0,"font":"","enabled":false},"version":2}},"categories":[13],"tags":[599,600],"class_list":["post-4283","post","type-post","status-publish","format-standard","has-post-thumbnail","hentry","category-interes-general","tag-edificios-escuelas","tag-trabajos"],"jetpack_publicize_connections":[],"jetpack_featured_media_url":"https:\/\/revistaepocadigital.com.ar\/wp-content\/uploads\/2020\/02\/escuelas-trabajos-muni20.jpg","jetpack_likes_enabled":true,"_links":{"self":[{"href":"https:\/\/revistaepocadigital.com.ar\/index.php?rest_route=\/wp\/v2\/posts\/4283","targetHints":{"allow":["GET"]}}],"collection":[{"href":"https:\/\/revistaepocadigital.com.ar\/index.php?rest_route=\/wp\/v2\/posts"}],"about":[{"href":"https:\/\/revistaepocadigital.com.ar\/index.php?rest_route=\/wp\/v2\/types\/post"}],"author":[{"embeddable":true,"href":"https:\/\/revistaepocadigital.com.ar\/index.php?rest_route=\/wp\/v2\/users\/3"}],"replies":[{"embeddable":true,"href":"https:\/\/revistaepocadigital.com.ar\/index.php?rest_route=%2Fwp%2Fv2%2Fcomments&post=4283"}],"version-history":[{"count":0,"href":"https:\/\/revistaepocadigital.com.ar\/index.php?rest_route=\/wp\/v2\/posts\/4283\/revisions"}],"wp:featuredmedia":[{"embeddable":true,"href":"https:\/\/revistaepocadigital.com.ar\/index.php?rest_route=\/wp\/v2\/media\/4285"}],"wp:attachment":[{"href":"https:\/\/revistaepocadigital.com.ar\/index.php?rest_route=%2Fwp%2Fv2%2Fmedia&parent=4283"}],"wp:term":[{"taxonomy":"category","embeddable":true,"href":"https:\/\/revistaepocadigital.com.ar\/index.php?rest_route=%2Fwp%2Fv2%2Fcategories&post=4283"},{"taxonomy":"post_tag","embeddable":true,"href":"https:\/\/revistaepocadigital.com.ar\/index.php?rest_route=%2Fwp%2Fv2%2Ftags&post=4283"}],"curies":[{"name":"wp","href":"https:\/\/api.w.org\/{rel}","templated":true}]}}