{"id":4297,"date":"2020-02-21T20:02:45","date_gmt":"2020-02-21T23:02:45","guid":{"rendered":"https:\/\/revistaepocadigital.com.ar\/?p=4297"},"modified":"2020-02-21T20:05:03","modified_gmt":"2020-02-21T23:05:03","slug":"la-seguridad-el-basural-y-el-estado-de-las-escuelas-entrevista-al-intendente-nanni","status":"publish","type":"post","link":"https:\/\/revistaepocadigital.com.ar\/?p=4297","title":{"rendered":"LA SEGURIDAD, EL BASURAL Y EL ESTADO DE LAS ESCUELAS. ENTREVISTA AL INTENDENTE NANNI"},"content":{"rendered":"<p><strong>EN EL TRAMO INICIAL DE SU GESTION, HA FIJADO PRIORIDADES.<\/strong><!--more--><\/p>\n<p>Tan vertiginosos como din\u00e1micos y no exentos de complejidades, transcurren los primeros meses de <strong>Diego Nanni<\/strong> como intendente de <strong>Exaltaci\u00f3n de la Cruz.<\/strong> El momento de aplicar ideas, planes, respuestas que con l\u00f3gica demandan los vecinos, en pleno curso. El compromiso es grande.<\/p>\n<p>Nanni habl\u00f3 con EPOCA del presente, de lo que aguarda y de temas que ocupan un lugar de preponderancia en su agenda diaria. Fijate lo que sostuvo.<\/p>\n<p><strong><span style=\"color: #ff6600;\">EL ESTADO DEL EDIFICIO DE LAS ESCUELAS DEL DISTRITO.<\/span><\/strong><\/p>\n<p><em>&#8220;Las escuelas se van refaccionando en sus edificios para minimizar riesgos; la partida de dinero la aportar\u00e1 el gobierno provincial y tambien hay aportes del municipio en el marco del programa Escuelas a la Obra cuyo monto asciende a 1,7 millones de pesos. La municipalidad est\u00e1 haciendo un verdadero esfuerzo, que la <strong>gobernaci\u00f3n compensar\u00e1 con esa suma de dinero en agosto venidero&#8221;<\/strong><\/em><\/p>\n<p><em>&#8220;Los problemas m\u00e1s serios se dan en distintos aspectos y los estamos enfrentando y lo seguiremos haciendo por supuesto, uno que me preocupa es el estado edilicio de <\/em><em>las escuelas para lo que como he dicho, se estan efectuando reparaciones.<strong> Hay escuelas que se vienen abajo por deficiencias de infraestrucutra,<\/strong> y de ninguna manera queremos padecer accidentes tan graves como el ocurrido el a\u00f1o pasado en una escuela de Moreno, donde murieron dos auxiliares&#8221;.<\/em><\/p>\n<p><span style=\"color: #ff6600;\"><strong>LA SEGURIDAD, LAS LECTORAS DE PATENTES<\/strong><\/span><\/p>\n<p><em>&#8220;El mismo nivel de<strong> preocupaci\u00f3n nos genera la seguridad<\/strong>, queremos mejorar el equipamiento y los recursos humanos, y as\u00ed enfrentar a la delincuencia que pueda <\/em><em>acechar a Exaltaci\u00f3n de la Cruz, y <strong>que quiz\u00e1 se haya acrecentado algo desde hace varios meses,<\/strong> incluso antes que yo asumiera como intendente. Esto sin dudas nos <\/em><em>preocupa, nos afecta y tomamos medidas. El Operativo Sol de todos los veranos ha demandado m\u00e1s m\u00f3viles y personal policial, pero no es excusa, nosotros nos planteamos <\/em><em>la permanente preocupaci\u00f3n pensando en los vecinos&#8221;<\/em>.<\/p>\n<figure id=\"attachment_4301\" aria-describedby=\"caption-attachment-4301\" style=\"width: 504px\" class=\"wp-caption aligncenter\"><img loading=\"lazy\" decoding=\"async\" class=\"size-full wp-image-4301\" src=\"https:\/\/revistaepocadigital.com.ar\/wp-content\/uploads\/2020\/02\/nanni-zona-norte.jpg\" alt=\"\" width=\"504\" height=\"568\" srcset=\"https:\/\/revistaepocadigital.com.ar\/wp-content\/uploads\/2020\/02\/nanni-zona-norte.jpg 504w, https:\/\/revistaepocadigital.com.ar\/wp-content\/uploads\/2020\/02\/nanni-zona-norte-266x300.jpg 266w, https:\/\/revistaepocadigital.com.ar\/wp-content\/uploads\/2020\/02\/nanni-zona-norte-373x420.jpg 373w\" sizes=\"auto, (max-width: 504px) 100vw, 504px\" \/><figcaption id=\"caption-attachment-4301\" class=\"wp-caption-text\">El intendente junto al secretario de seguridad. Comparten la preocupaci\u00f3n.<\/figcaption><\/figure>\n<p><em>&#8220;Hemos logrado entre otros aportes, <strong>tres nuevas unidades para la Guardia Urbana,<\/strong> y lo que es de suma importancia, el equipamiento de<strong> lectoras de patentes.<\/strong> Son 11 <\/em><em>equipos a colocarse en forma estrategicas en nuestro distrito que detecta veh\u00edculos que tengan pedido de captura por orden judicial o alg\u00fan tipo de inhabilitacion, <\/em><em>etc; los detectan las lectoras y de inmediato recibe la informaci\u00f3n en Centro de Monitoreo con el que contamos en el municipio. Se han de colocar <strong>dos &#8220;totem&#8221; a 4 <\/strong><\/em><strong><em>metros de altura que ser\u00e1n visibles, en tanto el resto de las lectoras no estar\u00e1n a la vista&#8221;.<\/em><\/strong><\/p>\n<p><span style=\"color: #ff6600;\"><strong>LA SITUACION DEL BASURAL, PROBLEMA QUE DATA DESDE HACE 40 A\u00d1OS<\/strong><\/span><\/p>\n<p><em>&#8220;Sin dudas la situaci\u00f3n en el basural ubicado en las cercan\u00edas de Capilla, es una problem\u00e1tica que data de unos 40 a\u00f1os atr\u00e1s, bueno nosotros nos hemos impuesto avanzar en forma concreta en soluciones. Eso s\u00ed, entiendo el <strong>reclamo de los vecinos<\/strong> por los inconvenientes que ocasiona, humo, fuego, pero no creo<strong> que antes de dos meses podamos notar algunas mejoras&#8221;<\/strong><\/em><strong>,<\/strong> dijo el intendente sin referirse a las <strong>duras cr\u00edticas del concejal<\/strong> (Juntos por el Cambio) y ex candidato a intendente,<strong> Ra\u00fal Sancho<\/strong>, quien afirm\u00f3 que lo que ocurre en el basural <strong><em>&#8220;es un desastre&#8221;.<\/em><\/strong><\/p>\n<p><em>&#8220;Luego de evaluaciones, estudios, etc, pensamos en trasladar todos los residuos que all\u00ed se vuelcan al <strong>CEAMSE, pero no ser\u00e1 posible <\/strong>ya que nos informaron que ya no cuentan con mas disponiblidad. Y como el problema aqueja no s\u00f3lo a Exaltaci\u00f3n de la Cruz, sino tambi\u00e9n a partidos que incluso vuelcan m\u00e1s basura en forma diaria, es que nos hemos puesto a <strong>trabajar en conjunto y con la gobernacion para encontrar soluciones a futuro que, estimo que las alcanzaremos en unos dos a\u00f1os&#8221;.<\/strong><\/em><\/p>\n<p><em><strong>&#8220;En Exaltaci\u00f3n de la Cruze se disponen en el basural unas 50 toneladas<\/strong> diarias de residuos, en otro partidos asciende a 100 toneladas o m\u00e1s. Y mientras se avanza con los proyectos que evaluamos con otros municipios, desde nuestra municipalidad vamos a realizar un <strong>ordenamiento de su funcionamiento.<\/strong> Por el tema de la basura estamos en alerta permanente, fundamentalmente por lo que impacta en <strong>la salud p\u00fablica y en el cuidado del medio ambiente&#8221;.<\/strong><\/em><\/p>\n<p><img loading=\"lazy\" decoding=\"async\" class=\"aligncenter size-full wp-image-4304\" src=\"https:\/\/revistaepocadigital.com.ar\/wp-content\/uploads\/2020\/02\/nottt.jpg\" alt=\"\" width=\"480\" height=\"320\" srcset=\"https:\/\/revistaepocadigital.com.ar\/wp-content\/uploads\/2020\/02\/nottt.jpg 480w, https:\/\/revistaepocadigital.com.ar\/wp-content\/uploads\/2020\/02\/nottt-300x200.jpg 300w\" sizes=\"auto, (max-width: 480px) 100vw, 480px\" \/><\/p>\n<p><em>&#8220;Por de pronto vamos a colocar<strong> vigilancia policial las 24 horas del dia en breve<\/strong>, nos ocuparemos y <strong>controlaremos el funcionamiento de la cooperativa<\/strong> que se desenvuelve en el lugar, en tal sentido enviaremos una nota al Concejo Deliberante para que resuelva sobre su funcionamiento, y tambi\u00e9n nos ocuparemos que <strong>no puedan depositarse all\u00ed residuos que sean peligrosos o causen problemas como incendios u otros<\/strong>, controlaremos adem\u00e1s los residuos que se depositan en el basural. Por ejemplo, sabemos que se deja <strong>guano utilizado en criaderos de pollos<\/strong>; bueno, eso ya no se podr\u00e1 hacer. Fijaremos otro lugar para que sea dejado el guano, pero ya no en el basural&#8221;.<\/em><\/p>\n<p><em>&#8220;No, no tenemos previsto que una vez ordenado el basural, <strong>reciba residuos de otras ciudades, eso est\u00e1 descartado;<\/strong> al contrario llegado el caso desde nuestro distrito podr\u00edamos trasladar residuos a otros lugares, en Z\u00e1rate por ejemplo ha comenzado a funcionar predio importante para que puedan disponer residuos&#8221;.<\/em><\/p>\n<p><em>&#8220;Hay <strong>m\u00e1quinas que convierten la basura en un material similar a la macilla<\/strong>, pero cuestan 3,3 millones de d\u00f3lares cada una, y nuestro municipio precisar\u00eda dos, lo que es evidentemente nos resulta imposible costear&#8221;.<\/em><\/p>\n<p><em>&#8220;Hemos hablado por la cuesti\u00f3n de la basura con autoridades de la provincia y de la naci\u00f3n como el ministro de medio ambiente, Juan Cabandi\u00e9; tambien con autoridades de OPDS. Reitero que la salud y el cuidado del medio ambiente, son temas esenciales para nuestra administraci\u00f3n. Como dijo Mar\u00eda Luz Bozzani, adem\u00e1s iniciamos<strong> una <\/strong><\/em><strong><em>tarea de concientizaci\u00f3n en los vecinos acerca del destino de la basura, a su vez ser\u00e1 clasificada cuando arribe al basural y solicitaremos que los vecinos clasifiquen <\/em>sus residuos&#8221;.<\/strong><\/p>\n<p>&#8220;Hay una <strong>tasa<\/strong> fijada para solventar el traslado de basura al CEAMSE, que no se ha estado cobrando, ni se va a cobrar&#8221;.<\/p>\n<p><strong><span style=\"color: #ff6600;\">FUMIGACIONES PROHIBIDAS<\/span><\/strong><\/p>\n<p>Acerca de la situaci\u00f3n planteada el a\u00f1o pasado, cuando<strong> fumigaciones \u00e1reas<\/strong> en campos cercanos a casas y escuelas, <strong>Nanni<\/strong> reiter\u00f3 que <strong><em>&#8220;existe una zona de exclusi\u00f3n de <\/em><\/strong><em><strong>1000 metros, dentro de la cual no se puede fumigar campos<\/strong> y ya sea tanto la Sociedad Rural de Exaltaci\u00f3n de la Cruz-Campana-Z\u00e1rate, as\u00ed como productores agropecuarios <\/em><em>han seguido el tema con atenci\u00f3n. Por otro lado, intervino la justicia y existe una medida cautelar&#8221;.<\/em><\/p>\n<p><span style=\"color: #ff6600;\"><strong>LA COPARTICIPACION<\/strong><\/span><\/p>\n<p><em>&#8220;Hemos recibido un <strong>adelanto de la coparticipaci\u00f3n provincial<\/strong>, lo que nos va a permitir <strong>afrontar<\/strong> obligaciones y ordenar distintos aspectos del funcionamiento de la municipalidad. Hemos hecho un gran trabajo en equipo, en materia de ordenamiento que nos permitir\u00e1 optimizar el funcionamiento municipal desde los proximos meses&#8221;.<\/em><\/p>\n<p>Los dichos del intendente <strong>Nanni<\/strong> ante temas claves de una <strong>gesti\u00f3n que no dar\u00e1 respiro<\/strong>.<\/p>\n","protected":false},"excerpt":{"rendered":"<p>EN EL TRAMO INICIAL DE SU GESTION, HA FIJADO PRIORIDADES.<\/p>\n","protected":false},"author":4,"featured_media":4302,"comment_status":"open","ping_status":"open","sticky":false,"template":"","format":"standard","meta":{"footnotes":"","jetpack_publicize_message":"","jetpack_publicize_feature_enabled":true,"jetpack_social_post_already_shared":false,"jetpack_social_options":{"image_generator_settings":{"template":"highway","default_image_id":0,"font":"","enabled":false},"version":2}},"categories":[17],"tags":[603,66],"class_list":["post-4297","post","type-post","status-publish","format-standard","has-post-thumbnail","hentry","category-politica","tag-gestion-municipal","tag-nanni"],"jetpack_publicize_connections":[],"jetpack_featured_media_url":"https:\/\/revistaepocadigital.com.ar\/wp-content\/uploads\/2020\/02\/nanni-ag-nova.jpeg","jetpack_likes_enabled":true,"_links":{"self":[{"href":"https:\/\/revistaepocadigital.com.ar\/index.php?rest_route=\/wp\/v2\/posts\/4297","targetHints":{"allow":["GET"]}}],"collection":[{"href":"https:\/\/revistaepocadigital.com.ar\/index.php?rest_route=\/wp\/v2\/posts"}],"about":[{"href":"https:\/\/revistaepocadigital.com.ar\/index.php?rest_route=\/wp\/v2\/types\/post"}],"author":[{"embeddable":true,"href":"https:\/\/revistaepocadigital.com.ar\/index.php?rest_route=\/wp\/v2\/users\/4"}],"replies":[{"embeddable":true,"href":"https:\/\/revistaepocadigital.com.ar\/index.php?rest_route=%2Fwp%2Fv2%2Fcomments&post=4297"}],"version-history":[{"count":0,"href":"https:\/\/revistaepocadigital.com.ar\/index.php?rest_route=\/wp\/v2\/posts\/4297\/revisions"}],"wp:featuredmedia":[{"embeddable":true,"href":"https:\/\/revistaepocadigital.com.ar\/index.php?rest_route=\/wp\/v2\/media\/4302"}],"wp:attachment":[{"href":"https:\/\/revistaepocadigital.com.ar\/index.php?rest_route=%2Fwp%2Fv2%2Fmedia&parent=4297"}],"wp:term":[{"taxonomy":"category","embeddable":true,"href":"https:\/\/revistaepocadigital.com.ar\/index.php?rest_route=%2Fwp%2Fv2%2Fcategories&post=4297"},{"taxonomy":"post_tag","embeddable":true,"href":"https:\/\/revistaepocadigital.com.ar\/index.php?rest_route=%2Fwp%2Fv2%2Ftags&post=4297"}],"curies":[{"name":"wp","href":"https:\/\/api.w.org\/{rel}","templated":true}]}}