{"id":4333,"date":"2020-02-26T20:12:52","date_gmt":"2020-02-26T23:12:52","guid":{"rendered":"https:\/\/revistaepocadigital.com.ar\/?p=4333"},"modified":"2020-02-26T20:14:06","modified_gmt":"2020-02-26T23:14:06","slug":"carnavales-2020-una-fiesta-que-perdura-mas-alla-de-las-dificultades","status":"publish","type":"post","link":"https:\/\/revistaepocadigital.com.ar\/?p=4333","title":{"rendered":"Carnavales 2020, una fiesta que perdura m\u00e1s all\u00e1 de las dificultades"},"content":{"rendered":"<p><strong>FUERON TRES NOCHES EN CAPILLA DEL SE\u00d1OR, Y LAS DOS RESTANTES EN CARDALES Y PARADA ROBLES.<\/strong><!--more--><\/p>\n<p>En Capilla en el tradicional circuito de las calles que rodean a la c\u00e9ntrica Plaza San Mart\u00edn de Capilla del Se\u00f1or, en Cardales sobre la calle San Mart\u00edn y en Robles sobre la antigua ruta 8.<\/p>\n<figure id=\"attachment_4339\" aria-describedby=\"caption-attachment-4339\" style=\"width: 960px\" class=\"wp-caption aligncenter\"><img loading=\"lazy\" decoding=\"async\" class=\"size-full wp-image-4339\" src=\"https:\/\/revistaepocadigital.com.ar\/wp-content\/uploads\/2020\/02\/carna20.jpg\" alt=\"\" width=\"960\" height=\"637\" srcset=\"https:\/\/revistaepocadigital.com.ar\/wp-content\/uploads\/2020\/02\/carna20.jpg 960w, https:\/\/revistaepocadigital.com.ar\/wp-content\/uploads\/2020\/02\/carna20-300x199.jpg 300w, https:\/\/revistaepocadigital.com.ar\/wp-content\/uploads\/2020\/02\/carna20-768x510.jpg 768w, https:\/\/revistaepocadigital.com.ar\/wp-content\/uploads\/2020\/02\/carna20-696x462.jpg 696w, https:\/\/revistaepocadigital.com.ar\/wp-content\/uploads\/2020\/02\/carna20-633x420.jpg 633w\" sizes=\"auto, (max-width: 960px) 100vw, 960px\" \/><figcaption id=\"caption-attachment-4339\" class=\"wp-caption-text\">Los animadores locales se mostraron y fueron reconocidos.<\/figcaption><\/figure>\n<figure id=\"attachment_4336\" aria-describedby=\"caption-attachment-4336\" style=\"width: 960px\" class=\"wp-caption aligncenter\"><img loading=\"lazy\" decoding=\"async\" class=\"size-full wp-image-4336\" src=\"https:\/\/revistaepocadigital.com.ar\/wp-content\/uploads\/2020\/02\/carna2.jpg\" alt=\"\" width=\"960\" height=\"640\" srcset=\"https:\/\/revistaepocadigital.com.ar\/wp-content\/uploads\/2020\/02\/carna2.jpg 960w, https:\/\/revistaepocadigital.com.ar\/wp-content\/uploads\/2020\/02\/carna2-300x200.jpg 300w, https:\/\/revistaepocadigital.com.ar\/wp-content\/uploads\/2020\/02\/carna2-768x512.jpg 768w, https:\/\/revistaepocadigital.com.ar\/wp-content\/uploads\/2020\/02\/carna2-696x464.jpg 696w, https:\/\/revistaepocadigital.com.ar\/wp-content\/uploads\/2020\/02\/carna2-630x420.jpg 630w\" sizes=\"auto, (max-width: 960px) 100vw, 960px\" \/><figcaption id=\"caption-attachment-4336\" class=\"wp-caption-text\">En Parada Robles<\/figcaption><\/figure>\n<p><img loading=\"lazy\" decoding=\"async\" class=\"size-full wp-image-4340\" src=\"https:\/\/revistaepocadigital.com.ar\/wp-content\/uploads\/2020\/02\/carna20-1.jpg\" alt=\"\" width=\"960\" height=\"637\" srcset=\"https:\/\/revistaepocadigital.com.ar\/wp-content\/uploads\/2020\/02\/carna20-1.jpg 960w, https:\/\/revistaepocadigital.com.ar\/wp-content\/uploads\/2020\/02\/carna20-1-300x199.jpg 300w, https:\/\/revistaepocadigital.com.ar\/wp-content\/uploads\/2020\/02\/carna20-1-768x510.jpg 768w, https:\/\/revistaepocadigital.com.ar\/wp-content\/uploads\/2020\/02\/carna20-1-696x462.jpg 696w, https:\/\/revistaepocadigital.com.ar\/wp-content\/uploads\/2020\/02\/carna20-1-633x420.jpg 633w\" sizes=\"auto, (max-width: 960px) 100vw, 960px\" \/><\/p>\n<p><img loading=\"lazy\" decoding=\"async\" class=\"size-full wp-image-4343\" src=\"https:\/\/revistaepocadigital.com.ar\/wp-content\/uploads\/2020\/02\/carna-robl.jpg\" alt=\"\" width=\"960\" height=\"640\" srcset=\"https:\/\/revistaepocadigital.com.ar\/wp-content\/uploads\/2020\/02\/carna-robl.jpg 960w, https:\/\/revistaepocadigital.com.ar\/wp-content\/uploads\/2020\/02\/carna-robl-300x200.jpg 300w, https:\/\/revistaepocadigital.com.ar\/wp-content\/uploads\/2020\/02\/carna-robl-768x512.jpg 768w, https:\/\/revistaepocadigital.com.ar\/wp-content\/uploads\/2020\/02\/carna-robl-696x464.jpg 696w, https:\/\/revistaepocadigital.com.ar\/wp-content\/uploads\/2020\/02\/carna-robl-630x420.jpg 630w\" sizes=\"auto, (max-width: 960px) 100vw, 960px\" \/>Otra imagen del corso en Robles.<\/p>\n<p>Los carnavales 2020 culminaron con una noche de corsos en Los Cardales y Parada Robles como qued\u00f3 dicho. La constante fue la m\u00e1s que concurrida asistencia de p\u00fablico, vecinos y visitantes de distintas ciudades vecinas y otros puntos.<\/p>\n<p>Comparsas, murgas, bater\u00edas, disfraces, shows musicales locales a puro esfuerzo y con gran entrega y demostraci\u00f3n, animaron las noches de los carnavales organizadas por la municipalidad, y cuyo resultante econ\u00f3mico se destin\u00f3 a beneficio de la Asociaci\u00f3n Cooperadora del Hospital San Jos\u00e9 y en las que tambi\u00e9n colaboraron el Club de Leones Capilla y el Rotary Club local, abocados al cobro de entradas (100 pesos y la \u00faltima noche capillense 50 pesos, siendo gratuito el ingreso en Cardales y Robles.<\/p>\n<p>Pese a los tiempos dif\u00edciles que se atraviesan, y con aspectos a mejorar con el sonido en Capilla del Se\u00f1or, los carnavales en Exaltaci\u00f3n de la Cruz, le metieron ritmo a las noches de febrero.<\/p>\n<p>&nbsp;<\/p>\n<p>Fotos: prensa municipalidad<\/p>\n","protected":false},"excerpt":{"rendered":"<p>FUERON TRES NOCHES EN CAPILLA DEL SE\u00d1OR, Y LAS DOS RESTANTES EN CARDALES Y PARADA ROBLES.<\/p>\n","protected":false},"author":4,"featured_media":4338,"comment_status":"open","ping_status":"open","sticky":false,"template":"","format":"standard","meta":{"footnotes":"","jetpack_publicize_message":"","jetpack_publicize_feature_enabled":true,"jetpack_social_post_already_shared":false,"jetpack_social_options":{"image_generator_settings":{"template":"highway","default_image_id":0,"font":"","enabled":false},"version":2}},"categories":[4,13],"tags":[591],"class_list":["post-4333","post","type-post","status-publish","format-standard","has-post-thumbnail","hentry","category-aqui-los-cardales","category-interes-general","tag-carnavales-2020"],"jetpack_publicize_connections":[],"jetpack_featured_media_url":"https:\/\/revistaepocadigital.com.ar\/wp-content\/uploads\/2020\/02\/carna4.jpg","jetpack_likes_enabled":true,"_links":{"self":[{"href":"https:\/\/revistaepocadigital.com.ar\/index.php?rest_route=\/wp\/v2\/posts\/4333","targetHints":{"allow":["GET"]}}],"collection":[{"href":"https:\/\/revistaepocadigital.com.ar\/index.php?rest_route=\/wp\/v2\/posts"}],"about":[{"href":"https:\/\/revistaepocadigital.com.ar\/index.php?rest_route=\/wp\/v2\/types\/post"}],"author":[{"embeddable":true,"href":"https:\/\/revistaepocadigital.com.ar\/index.php?rest_route=\/wp\/v2\/users\/4"}],"replies":[{"embeddable":true,"href":"https:\/\/revistaepocadigital.com.ar\/index.php?rest_route=%2Fwp%2Fv2%2Fcomments&post=4333"}],"version-history":[{"count":0,"href":"https:\/\/revistaepocadigital.com.ar\/index.php?rest_route=\/wp\/v2\/posts\/4333\/revisions"}],"wp:featuredmedia":[{"embeddable":true,"href":"https:\/\/revistaepocadigital.com.ar\/index.php?rest_route=\/wp\/v2\/media\/4338"}],"wp:attachment":[{"href":"https:\/\/revistaepocadigital.com.ar\/index.php?rest_route=%2Fwp%2Fv2%2Fmedia&parent=4333"}],"wp:term":[{"taxonomy":"category","embeddable":true,"href":"https:\/\/revistaepocadigital.com.ar\/index.php?rest_route=%2Fwp%2Fv2%2Fcategories&post=4333"},{"taxonomy":"post_tag","embeddable":true,"href":"https:\/\/revistaepocadigital.com.ar\/index.php?rest_route=%2Fwp%2Fv2%2Ftags&post=4333"}],"curies":[{"name":"wp","href":"https:\/\/api.w.org\/{rel}","templated":true}]}}