{"id":4345,"date":"2020-02-26T20:49:34","date_gmt":"2020-02-26T23:49:34","guid":{"rendered":"https:\/\/revistaepocadigital.com.ar\/?p=4345"},"modified":"2020-02-26T20:54:33","modified_gmt":"2020-02-26T23:54:33","slug":"de-brito-dejo-de-ser-jefe-del-pami-de-exaltacion-de-la-cruz","status":"publish","type":"post","link":"https:\/\/revistaepocadigital.com.ar\/?p=4345","title":{"rendered":"de Brito dej\u00f3 de ser jefe del PAMI de Exaltaci\u00f3n de la Cruz"},"content":{"rendered":"<p><strong>POR DECISION DEL GOBIERNO NACIONAL.<\/strong><!--more--><\/p>\n<p><strong> Pablo de Brito<\/strong> ces\u00f3 en sus funciones (26-2-20) como<strong> Jefe de la agencia Pami de Exaltaci\u00f3n de la Cruz.<\/strong><\/p>\n<p>M\u00e1s all\u00e1 de lo detallado sobre su gesti\u00f3n al frente del PAMI exaltacruce\u00f1o, su reemplazo da para especular que ha habido razones pol\u00edticas para adoptar la medida por parte del gobierno. En su cuenta de la red social, <strong>de Brito<\/strong> hizo saber: <em>&#8221; Voy a seguir trabajando en el Pami desde otra posici\u00f3n &#8220;&#8230; me queda la tranquilidad de haber hecho una correcta gesti\u00f3n, \u201crevitalice el Pami\u201d, la comunicaci\u00f3n con la gente &#8230;. Consegu\u00ed materiales para poder dar una correcta atenci\u00f3n, como computadoras, fotocopiadoras, scanner etc., Gestionar el status de Agencia integral posibilito que mis compa\u00f1eros de trabajo cobren un plus de casi el 10% de sus haberes, situaci\u00f3n postergada desde hace a\u00f1os. Adem\u00e1s reformul\u00e9 el servicio de internaci\u00f3n domiciliaria, que estaba desproporcionado en virtud de la tasa de uso, de acuerdo al n\u00famero de afiliados&#8221;<\/em><\/p>\n<p>Luego enumer\u00f3<strong> de Brito,<\/strong> afirmando que durante su gesti\u00f3n (el hombre forma parte del <strong>Pro\/Cambiemos, lo que resulta un dato para tener en cuenta ante la medida adoptada<\/strong>) que consigui\u00f3, &#8220;<em>el servicio de kinesiolog\u00eda a domicilio, que fue muy positivo para todos (en el mes de noviembre me lo suspendieron pero es vital que se restablezca), apoyar e insistir para que se habilite en nuestro Hospital San Jos\u00e9 el servicio de Hemodinamia, y queda muy poquito para que pronto se firme el acuerdo para la cobertura cardiol\u00f3gica&#8221;.<\/em><\/p>\n<p><img loading=\"lazy\" decoding=\"async\" class=\"size-full wp-image-4349\" src=\"https:\/\/revistaepocadigital.com.ar\/wp-content\/uploads\/2020\/02\/de-brito-1.jpg\" alt=\"\" width=\"960\" height=\"480\" srcset=\"https:\/\/revistaepocadigital.com.ar\/wp-content\/uploads\/2020\/02\/de-brito-1.jpg 960w, https:\/\/revistaepocadigital.com.ar\/wp-content\/uploads\/2020\/02\/de-brito-1-300x150.jpg 300w, https:\/\/revistaepocadigital.com.ar\/wp-content\/uploads\/2020\/02\/de-brito-1-768x384.jpg 768w, https:\/\/revistaepocadigital.com.ar\/wp-content\/uploads\/2020\/02\/de-brito-1-696x348.jpg 696w, https:\/\/revistaepocadigital.com.ar\/wp-content\/uploads\/2020\/02\/de-brito-1-840x420.jpg 840w\" sizes=\"auto, (max-width: 960px) 100vw, 960px\" \/>Junto a afiliados al PAMI.<\/p>\n<p><em>&#8220;Insist\u00ed<\/em> -apunt\u00f3- <em>con la necesidad de integrar nuevos prestadores m\u00e9dicos en la zona que los hay, y muy buenos . Abr\u00ed una boca de atenci\u00f3n en Cardales, (queda pendiente abrirla en forma definitiva, situaci\u00f3n que es posible con costos m\u00ednimos). Realizamos muchos cursos de perfeccionamiento en gesti\u00f3n de salud. Dej\u00e9 casi a la firma un acuerdo entre el Pami , el Municipio y la OMG (Organizaci\u00f3n Mundial de la Salud) para declarar a Exaltaci\u00f3n de la Cruz , Municipio apto para adultos mayores, esto puede abrir innumerables posibilidades de apoyo , ya que el municipio integrar\u00eda la ONG, apoy\u00e9 la integraci\u00f3n de todos los Centros de Jubilados en talleres, ordenamiento legal y toda actividad relativa a la funci\u00f3n de estos Centros, que son una pieza fundamental en la vida social de todos los afiliados, para m\u00ed, los centros de jubilados Y SUS TALLERES SON \u201c PREVENCION EN SALUD \u201c, son un costo que vuelve en alegr\u00eda, trabajo y ganas de seguir haciendo. Apoy\u00e9 al \u00e1rea de Sociales de la agencia, que son verdaderas leonas en esa gesti\u00f3n, lo mismo hice con la firma de acuerdos con distintas Universidades, para que nuestros adultos mayores pueden tener acceso a estudios terciarios e universitarios, tambi\u00e9n dar identidad a los veteranos de la Guerra de Malvinas (olvidados desde 1982) a los cuales el Pami les da atenci\u00f3n m\u00e9dica y a su grupo familiar, apoy\u00e1ndolos para la concreci\u00f3n de su merecido monumento y ahora seguimos con la organizaci\u00f3n de la primera vigilia del 2 de Abril&#8221;.<\/em><\/p>\n<figure id=\"attachment_4351\" aria-describedby=\"caption-attachment-4351\" style=\"width: 960px\" class=\"wp-caption aligncenter\"><img loading=\"lazy\" decoding=\"async\" class=\"size-full wp-image-4351\" src=\"https:\/\/revistaepocadigital.com.ar\/wp-content\/uploads\/2020\/02\/pami-carda.jpg\" alt=\"\" width=\"960\" height=\"960\" srcset=\"https:\/\/revistaepocadigital.com.ar\/wp-content\/uploads\/2020\/02\/pami-carda.jpg 960w, https:\/\/revistaepocadigital.com.ar\/wp-content\/uploads\/2020\/02\/pami-carda-150x150.jpg 150w, https:\/\/revistaepocadigital.com.ar\/wp-content\/uploads\/2020\/02\/pami-carda-300x300.jpg 300w, https:\/\/revistaepocadigital.com.ar\/wp-content\/uploads\/2020\/02\/pami-carda-768x768.jpg 768w, https:\/\/revistaepocadigital.com.ar\/wp-content\/uploads\/2020\/02\/pami-carda-696x696.jpg 696w, https:\/\/revistaepocadigital.com.ar\/wp-content\/uploads\/2020\/02\/pami-carda-420x420.jpg 420w, https:\/\/revistaepocadigital.com.ar\/wp-content\/uploads\/2020\/02\/pami-carda-840x840.jpg 840w\" sizes=\"auto, (max-width: 960px) 100vw, 960px\" \/><figcaption id=\"caption-attachment-4351\" class=\"wp-caption-text\">La sede que comenz\u00f3 a funcionar en Cardales.<\/figcaption><\/figure>\n<p>La rese\u00f1a de <strong>de Brito<\/strong> finaliz\u00f3 de esta forma,<em> &#8220;pude gestionar el PRIMER viaje de turismo para 35 afiliados que vacacionaron en Mar del Plata con todo gratis. Para terminar les quiero dar un GRACIAS al apoyo de mis compa\u00f1eros de trabajo, verdaderos profesionales en todo sentido. Seguramente quedan otras tantas cosas m\u00e1s que hacen a esa tranquilidad que dec\u00eda al principio, por la gesti\u00f3n realizada&#8230; Si hubo algun error PIDO DISCULPAS, seguir\u00e9 apoyando la gesti\u00f3n y la atenci\u00f3n de ustedes que son los verdaderos beneficiarios de todo este esfuerzo gratificante de los \u00faltimos a\u00f1os&#8230;los abrazo con el coraz\u00f3n&#8230;.Vamos bien&#8221;.<\/em><\/p>\n","protected":false},"excerpt":{"rendered":"<p>POR DECISION DEL GOBIERNO NACIONAL.<\/p>\n","protected":false},"author":3,"featured_media":4348,"comment_status":"open","ping_status":"open","sticky":false,"template":"","format":"standard","meta":{"footnotes":"","jetpack_publicize_message":"","jetpack_publicize_feature_enabled":true,"jetpack_social_post_already_shared":false,"jetpack_social_options":{"image_generator_settings":{"template":"highway","default_image_id":0,"font":"","enabled":false},"version":2}},"categories":[17],"tags":[228,608,69],"class_list":["post-4345","post","type-post","status-publish","format-standard","has-post-thumbnail","hentry","category-politica","tag-de-brito","tag-gestion","tag-pami"],"jetpack_publicize_connections":[],"jetpack_featured_media_url":"https:\/\/revistaepocadigital.com.ar\/wp-content\/uploads\/2020\/02\/de-britt.jpg","jetpack_likes_enabled":true,"_links":{"self":[{"href":"https:\/\/revistaepocadigital.com.ar\/index.php?rest_route=\/wp\/v2\/posts\/4345","targetHints":{"allow":["GET"]}}],"collection":[{"href":"https:\/\/revistaepocadigital.com.ar\/index.php?rest_route=\/wp\/v2\/posts"}],"about":[{"href":"https:\/\/revistaepocadigital.com.ar\/index.php?rest_route=\/wp\/v2\/types\/post"}],"author":[{"embeddable":true,"href":"https:\/\/revistaepocadigital.com.ar\/index.php?rest_route=\/wp\/v2\/users\/3"}],"replies":[{"embeddable":true,"href":"https:\/\/revistaepocadigital.com.ar\/index.php?rest_route=%2Fwp%2Fv2%2Fcomments&post=4345"}],"version-history":[{"count":0,"href":"https:\/\/revistaepocadigital.com.ar\/index.php?rest_route=\/wp\/v2\/posts\/4345\/revisions"}],"wp:featuredmedia":[{"embeddable":true,"href":"https:\/\/revistaepocadigital.com.ar\/index.php?rest_route=\/wp\/v2\/media\/4348"}],"wp:attachment":[{"href":"https:\/\/revistaepocadigital.com.ar\/index.php?rest_route=%2Fwp%2Fv2%2Fmedia&parent=4345"}],"wp:term":[{"taxonomy":"category","embeddable":true,"href":"https:\/\/revistaepocadigital.com.ar\/index.php?rest_route=%2Fwp%2Fv2%2Fcategories&post=4345"},{"taxonomy":"post_tag","embeddable":true,"href":"https:\/\/revistaepocadigital.com.ar\/index.php?rest_route=%2Fwp%2Fv2%2Ftags&post=4345"}],"curies":[{"name":"wp","href":"https:\/\/api.w.org\/{rel}","templated":true}]}}