{"id":4357,"date":"2020-02-26T13:45:46","date_gmt":"2020-02-26T16:45:46","guid":{"rendered":"https:\/\/revistaepocadigital.com.ar\/?p=4357"},"modified":"2020-03-10T01:18:12","modified_gmt":"2020-03-10T04:18:12","slug":"conflicto-con-el-campo-en-puerta-te-suena","status":"publish","type":"post","link":"https:\/\/revistaepocadigital.com.ar\/?p=4357","title":{"rendered":"Conflicto con el campo, de nuevo"},"content":{"rendered":"<p align=\"center\"><strong>EN LA APERTURA DE LAS SESIONES ORDINARIAS DEL CONGRESO DE LA NACION EL PRESIDENTE DESLIZO EL AUMENTO DE RETENCIONES.\u00a0 LUEGO LAS DIFERENCIAS SE ACENTUARON Y DIERON PIE AL PRIMER PARO AGRARIO DURANTE CUATRO DIAS.<\/strong><!--more--><\/p>\n<p>En ocasi\u00f3n que el presidente <strong>Alberto Fern\u00e1ndez,<\/strong> pronuncie su discurso ante la Asamblea Legislativa, se dec\u00eda que durante su transcurso al referirse a medidas econ\u00f3micas, anunciar\u00eda el aumento del 3% a\u00a0 las <strong>retenciones<\/strong> por las exportaciones de soja que las llevar\u00e1 a 33%. Indice que se hab\u00eda visto incrementado hace poco luego de sancionada la ley &#8220;solidaria&#8221; que implic\u00f3 un fuerte ajuste a distintos sectores, los jubilados entre ellos, los que han manifestado su disconformismo.<\/p>\n<p>La casi segura medida ha provocado gran malestar en el sector agropecuaria, trascendiendo que podr\u00edan adoptar medidas de fuerza en rechazo a lo dispuesto por el gobierno. Paso que en tal caso, volver\u00eda a poner sobre el tapete aquel recordado y duro conflicto a ra\u00edz de la <strong>resoluci\u00f3n 125<\/strong> durante el gobierno de N\u00e9stor Kirchner en 2008, que puso en vilo al pa\u00eds.<\/p>\n<p>Confederaciones Rurales Argentinas (CRA), una de las entidades que nuclean al sector del campo, al que adhiere la Sociedad Rural de Exaltaci\u00f3n de la Cruz, Campana, Z\u00e1rate, difundi\u00f3 un duro documento en torno a la decisi\u00f3n gubernamental en puerta.<\/p>\n<p>Fijate el comunicado de <strong>CRA<\/strong>:<\/p>\n<p><b><span lang=\"ES-AR\">\u00a0\u00a0\u00a0\u00a0\u00a0\u00a0\u00a0\u00a0\u00a0\u00a0\u00a0\u00a0\u00a0\u00a0\u00a0\u00a0\u00a0\u00a0\u00a0\u00a0\u00a0\u00a0\u00a0\u00a0\u00a0\u00a0\u00a0\u00a0\u00a0\u00a0\u00a0\u00a0\u00a0\u00a0\u00a0\u00a0\u00a0\u00a0\u00a0\u00a0\u00a0\u00a0\u00a0\u00a0\u00a0\u00a0\u00a0\u00a0\u00a0\u00a0\u00a0\u00a0\u00a0\u00a0\u00a0 Una nueva traici\u00f3n<\/span><\/b><\/p>\n<p><em><span lang=\"ES-AR\">Siempre hemos asistido a reunirnos con el Gobierno Nacional, en el marco de la buena fe, la intenci\u00f3n dialoguista, el fundamento de cada posici\u00f3n y la voluntad solidaria en el marco de lo razonable.<\/span><\/em><\/p>\n<p><em><span lang=\"ES-AR\">Hemos sido convocados a una reuni\u00f3n con el Ministro de Agricultura para el 27-2-20, con el objetivo de conocer las acciones y decisiones que piensa tomar el Gobierno en materia agropecuaria.<\/span><\/em><\/p>\n<p><em><span lang=\"ES-AR\">Sin embargo, en el d\u00eda de la fecha (26-2-20) han sido suspendidos los registros de exportaci\u00f3n, medida que sorprende y deja una profunda sensaci\u00f3n de enga\u00f1o, porque mientras se espera para dialogar, se toman decisiones que no tiene retroceso, de lo contrario no se explica el cierre de un mercado.<\/span><\/em><\/p>\n<p><em><span lang=\"ES-AR\">Reiteramos nuestra voluntad de di\u00e1logo, pero tambi\u00e9n advertimos que queremos ser respetados, no permitiremos ni enga\u00f1os ni dilaciones, la presi\u00f3n fiscal, es ya insostenible, lo saben quienes producen y quienes recaudan, por tanto, es tiempo de tratar al sector productor sin chicanas y sin falsas reuniones sobre decisiones ya tomadas.<\/span><\/em><\/p>\n<p><em><span lang=\"ES-AR\">Aguardamos la racionalidad de quienes gobiernan, para no caer en situaciones ya transitadas y que oscurecen el futuro econ\u00f3mico del pa\u00eds.<\/span><\/em><\/p>\n<p>Tambi\u00e9n se manifest\u00f3<strong> CARBAP<\/strong><\/p>\n<p><strong>\u00a0\u00a0\u00a0\u00a0\u00a0\u00a0\u00a0\u00a0\u00a0\u00a0\u00a0\u00a0\u00a0\u00a0\u00a0\u00a0\u00a0\u00a0\u00a0\u00a0\u00a0\u00a0\u00a0\u00a0\u00a0\u00a0\u00a0\u00a0\u00a0\u00a0\u00a0\u00a0\u00a0\u00a0\u00a0\u00a0\u00a0\u00a0\u00a0 Perseverar con el error otra vez,<\/strong><br \/>\n<strong>\u00a0\u00a0\u00a0\u00a0\u00a0\u00a0\u00a0\u00a0\u00a0\u00a0\u00a0\u00a0\u00a0\u00a0\u00a0\u00a0\u00a0\u00a0\u00a0\u00a0\u00a0\u00a0\u00a0\u00a0\u00a0\u00a0\u00a0\u00a0\u00a0\u00a0\u00a0\u00a0\u00a0\u00a0\u00a0\u00a0\u00a0\u00a0\u00a0 el campo con el freno puesto<\/strong><\/p>\n<div>\n<p class=\"yiv4733112070MsoNormal\"><em>Por octubre de 2016, en la pasada administracion del presidente Macri, desde la Confederacion de Asociaciones Rurales de Buenos Aires y La Pampa manifestabamos nuestro rechazo a la aplicacion de retenciones. Y titul\u00e1bamos el comunicado &#8220;Otra vez, el campo con el freno puesto&#8221;.<\/em><\/p>\n<p><em>Y deciamos que nuestro pa\u00eds ha demostrado una gran incapacidad para generar prosperidad, principalmente a trav\u00e9s de las distintas administraciones gubernamentales.<\/em><\/p>\n<p><em>Ha quedado demostrado que los impuestos distorsivos como las retenciones cortan el flujo ben\u00e9fico del dinero en el sistema, flujo que genera desarrollo, inversi\u00f3n, trabajo e impuestos, para reemplazarlo solo por gasto discrecional e ineficiente. <\/em><\/p>\n<p><em>En estos \u00faltimos diecisiete a\u00f1os emp\u00edricamente, para los te\u00f3ricos mas descre\u00eddos, se ha dejado en evidencia que la distribuci\u00f3n desde el Estado ha sido ineficiente, injusta, discrecional y generadora de corrupci\u00f3n.<\/em><\/p>\n<p><em>Deciamos y decimos, que solo con prosperidad combatiremos la pobreza.<\/em><\/p>\n<p><em>Nos preguntabamos y preguntamos,<\/em><\/p>\n<p><em>\u00bfLo logramos cambiando una vez mas las reglas de juego?<\/em><\/p>\n<p><em>\u00bfLo logramos generando una vez m\u00e1s incertidumbre?<\/em><\/p>\n<p><em>\u00bfGeneramos previsibilidad no cumpliendo con lo prometido?<\/em><\/p>\n<p><em>\u00bfPodremos acelerar el desarrollo productivo del pa\u00eds pisando una vez m\u00e1s el freno?<\/em><\/p>\n<p><em>Esta claro que el problema de la Argentina no se soluciona cambiando Gobiernos, sino aplicando nuevas ideas. De ninguna manera implementando practicas que ya han fracasado.<\/em><\/p>\n<p><em>Porque a largo plazo la recaudaci\u00f3n terminar\u00eda siendo menor, conllevando un efecto negativo en la producci\u00f3n. <\/em><\/p>\n<p><em>El Gobierno actual, esta a un paso de volver a retrasar el crecimiento y desarrollo de nuestro pais. <\/em><\/p>\n<p><em>Aun esta a tiempo de no perseverar en el error.<\/em><\/p>\n<p><em>Llamamos al Se\u00f1or presidente Alberto Fernandez a replantear los planes previstos para el sector, que implica una mayor presion tributaria y un marcado freno a la produccion, el trabajo y la inversion, e instamos a la busqueda de soluciones eficaces a los problemas que atraviesa el pais.<\/em><\/p>\n<p>El 29-2-20, el Consejo Directivo de CARBAP sesionaba en Olavarria para decidir las acciones a seguir.<\/p>\n<\/div>\n<p>Foto portada: gentileza Bumerang news.<\/p>\n","protected":false},"excerpt":{"rendered":"<p>EN LA APERTURA DE LAS SESIONES ORDINARIAS DEL CONGRESO DE LA NACION EL PRESIDENTE DESLIZO EL AUMENTO DE RETENCIONES.\u00a0 LUEGO LAS DIFERENCIAS SE ACENTUARON Y DIERON PIE AL PRIMER PARO AGRARIO DURANTE CUATRO DIAS.<\/p>\n","protected":false},"author":3,"featured_media":4364,"comment_status":"open","ping_status":"open","sticky":false,"template":"","format":"standard","meta":{"footnotes":"","jetpack_publicize_message":"","jetpack_publicize_feature_enabled":true,"jetpack_social_post_already_shared":false,"jetpack_social_options":{"image_generator_settings":{"template":"highway","default_image_id":0,"font":"","enabled":false},"version":2}},"categories":[17],"tags":[610,37,609],"class_list":["post-4357","post","type-post","status-publish","format-standard","has-post-thumbnail","hentry","category-politica","tag-campo","tag-destacada","tag-retenciones"],"jetpack_publicize_connections":[],"jetpack_featured_media_url":"https:\/\/revistaepocadigital.com.ar\/wp-content\/uploads\/2020\/02\/soja.jpg","jetpack_likes_enabled":true,"_links":{"self":[{"href":"https:\/\/revistaepocadigital.com.ar\/index.php?rest_route=\/wp\/v2\/posts\/4357","targetHints":{"allow":["GET"]}}],"collection":[{"href":"https:\/\/revistaepocadigital.com.ar\/index.php?rest_route=\/wp\/v2\/posts"}],"about":[{"href":"https:\/\/revistaepocadigital.com.ar\/index.php?rest_route=\/wp\/v2\/types\/post"}],"author":[{"embeddable":true,"href":"https:\/\/revistaepocadigital.com.ar\/index.php?rest_route=\/wp\/v2\/users\/3"}],"replies":[{"embeddable":true,"href":"https:\/\/revistaepocadigital.com.ar\/index.php?rest_route=%2Fwp%2Fv2%2Fcomments&post=4357"}],"version-history":[{"count":0,"href":"https:\/\/revistaepocadigital.com.ar\/index.php?rest_route=\/wp\/v2\/posts\/4357\/revisions"}],"wp:featuredmedia":[{"embeddable":true,"href":"https:\/\/revistaepocadigital.com.ar\/index.php?rest_route=\/wp\/v2\/media\/4364"}],"wp:attachment":[{"href":"https:\/\/revistaepocadigital.com.ar\/index.php?rest_route=%2Fwp%2Fv2%2Fmedia&parent=4357"}],"wp:term":[{"taxonomy":"category","embeddable":true,"href":"https:\/\/revistaepocadigital.com.ar\/index.php?rest_route=%2Fwp%2Fv2%2Fcategories&post=4357"},{"taxonomy":"post_tag","embeddable":true,"href":"https:\/\/revistaepocadigital.com.ar\/index.php?rest_route=%2Fwp%2Fv2%2Ftags&post=4357"}],"curies":[{"name":"wp","href":"https:\/\/api.w.org\/{rel}","templated":true}]}}