{"id":4385,"date":"2020-02-29T18:01:29","date_gmt":"2020-02-29T21:01:29","guid":{"rendered":"https:\/\/revistaepocadigital.com.ar\/?p=4385"},"modified":"2020-02-29T22:18:22","modified_gmt":"2020-03-01T01:18:22","slug":"4385-2","status":"publish","type":"post","link":"https:\/\/revistaepocadigital.com.ar\/?p=4385","title":{"rendered":"La libertad de Fabi\u00e1n Tablado, &#8220;perd\u00f3n Caro&#8230;&#8221;"},"content":{"rendered":"<div class=\"y_15hheo24np _5eit a_15hhen-ywi clearfix\">\n<div class=\"clearfix t_15hheo23km\">\n<div class=\"clearfix _42ef\">\n<div class=\"i_15hheo23kp\">\n<div>\n<div class=\"_6a _5u5j\">\n<div class=\"_6a _5u5j _6b\">\n<div id=\"pb-root\" class=\"alginment-processed\">\n<section id=\"main\" class=\"container\">\n<div class=\"pb-container\">\n<div id=\"c5xLvg2LwUvSQr\" class=\"col-md-8 col-sm-12 col-xs-12 pb-layout-item pb-chain pb-c-list-chain left-align\">\n<div id=\"f0nQkY1LwUvSQr\" class=\"wrapper clearfix full pb-feature pb-layout-item pb-f-article-body no-align\">\n<div id=\"article-body\" class=\"article-body article-body-elements\">\n<div id=\"article-content\">\n<div class=\"row pb-content-type-text\">\n<div class=\"col-xs-12 col-print-12\">\n<p><strong>UN CRIMEN HORRENDO QUE CONMOCION\u00d3.<!--more--><\/strong><\/p>\n<p>El cometido por<strong> Fabi\u00e1n Tablado<\/strong> cuando mat\u00f3 de 113 pu\u00f1aladas a su novia Carolina Alo, de 16 a\u00f1os, en el que fue quiz\u00e1 el femicidio m\u00e1s bestial de la historia argentina. Sucedi\u00f3 el 27 de mayo de 1996, luego juzgado por la Sala III de la C\u00e1mara Penal de San Isidro, fue condenado a 24 a\u00f1os de prisi\u00f3n en diciembre de 1998 por el delito de homicidio simple, casi 15 a\u00f1os antes de que la figura de femicidio ingresara al C\u00f3digo Penal, lo que le hubiese significado cadena perpetua, seg\u00fan public\u00f3 Infobae.<\/p>\n<\/div>\n<\/div>\n<div class=\"row pb-content-type-text\">\n<div class=\"col-xs-12 col-print-12\">\n<p class=\"element element-paragraph\">La decisi\u00f3n de que saliera en libertad la tom\u00f3 el Juzgado de Ejecuci\u00f3n Penal N\u00ba1 de San Isidro, que supervisaba el cumplimiento de su pena. No era su \u00fanica condena. El femicida hab\u00eda conocido una mujer en la c\u00e1rcel en 2012, con la que tuvo mellizas. Tablado amenaz\u00f3 a esa mujer, lo condenaron a dos a\u00f1os y medio en 2013 por estas amenazas, un juicio abreviado en otro tribunal sanisidrense. Tablado intimid\u00f3 tambi\u00e9n a su suegra. Ocurri\u00f3 el 20 de abril de 2012 a las 20, cuando la ex mujer de Tablado (43 a\u00f1os), Roxana, estaba en su casa de Tigre, y recibi\u00f3 amenazas telef\u00f3nicas del condenado para que restableciera su relaci\u00f3n con \u00e9l. En diciembre \u00faltimo, al computar el 2&#215;1 el Juzgado N\u00ba1 lo benefici\u00f3 en el marco de la ley.<\/p>\n<\/div>\n<figure id=\"attachment_4395\" aria-describedby=\"caption-attachment-4395\" style=\"width: 395px\" class=\"wp-caption aligncenter\"><img loading=\"lazy\" decoding=\"async\" class=\"size-full wp-image-4395\" src=\"https:\/\/revistaepocadigital.com.ar\/wp-content\/uploads\/2020\/02\/1397765w450.jpg\" alt=\"\" width=\"395\" height=\"435\" srcset=\"https:\/\/revistaepocadigital.com.ar\/wp-content\/uploads\/2020\/02\/1397765w450.jpg 395w, https:\/\/revistaepocadigital.com.ar\/wp-content\/uploads\/2020\/02\/1397765w450-272x300.jpg 272w, https:\/\/revistaepocadigital.com.ar\/wp-content\/uploads\/2020\/02\/1397765w450-381x420.jpg 381w\" sizes=\"auto, (max-width: 395px) 100vw, 395px\" \/><figcaption id=\"caption-attachment-4395\" class=\"wp-caption-text\">Tablado y Carolina Alo, antes del espeluznante suceso.<\/figcaption><\/figure>\n<div class=\"col-xs-12 col-print-12\">\n<p class=\"element element-paragraph\">Edgardo Alo, padre de Carolina, de acuerdo a lo mencionado por Infobae, se present\u00f3 ante la Justicia para pedir una restricci\u00f3n perimetral contra Tablado, para proteger a \u00e9l y a su familia. Fue el cr\u00edtico m\u00e1s vehemente de la salida del femicida de su hija. \u201cEstoy en la oficina del juez de ejecuci\u00f3n penal, es el que tiene la causa, estoy esperando encontrarme con \u00e9l, en este momento no se encuentra. Voy a esperarlo para que me diga cu\u00e1les son los argumentos para aminorar la pena, no cumpli\u00f3 con la ley de avisarnos de la decisi\u00f3n, me enter\u00e9 por terceros\u201d, dijo<\/p>\n<p>La forma en que gran parte de la sociedad ha recibido la libertad de Tablado, bien puede sintetizarse en lo publicado por una mujer, <strong>Graciela Venturino, ex concejal de Exaltaci\u00f3n de la Cruz<\/strong> en su muro en la red social Facebook. Lee.<\/p>\n<\/div>\n<\/div>\n<div class=\"row pb-content-type-video\">\n<figure class=\"element element-video\">\n<div id=\"f0IBtPxLwUvSQr\" class=\"wrapper clearfix col-lg-3 col-md-3 col-xs-12 col-sm-3 pb-feature pb-layout-item pb-f-homepage-story-feed right-align\">\n<div class=\"border-bottom-hairline flex-feature-wrapper container-display-flex \">\n<div data-testid=\"story-subtitle\"><\/div>\n<div class=\"clearfix mts\">\n<div class=\"plm _42ef\">\n<div class=\"mtm _5pco\" data-testid=\"post_message\" data-ft=\"{&quot;tn&quot;:&quot;K&quot;}\">\n<div id=\"id_5e5ac711dafb62612347976\" class=\"text_exposed_root text_exposed\">\n<p><em>En ocasiones nos parece que el tiempo no pasa nunca, pero un d\u00eda mir\u00e1s sobre tu hombro y ya pasaron 24 a\u00f1os&#8230;y, entonces como hoy, te das cuenta que apenas fue<span class=\"text_exposed_show\"> un suspiro y sent\u00eds que sigue ah\u00ed tirada en un ba\u00f1o de sangre Carolina, con sus 113 pu\u00f1aladas, mientras asistimos at\u00f3nitos a la liberaci\u00f3n de Fabi\u00e1n Tablado&#8230;<br \/>\n<\/span><\/em><\/p>\n<p><em><span class=\"text_exposed_show\">Deja la c\u00e1rcel con 43 a\u00f1os y toda una vida para vivir, mientras a ella no le dio oportunidad alguna.<\/span><\/em><\/p>\n<p><em><span class=\"text_exposed_show\">No dejo de pensar en la familia de Carolina, c\u00f3mo se hace para salir a la calle, sabiendo que el asesino de su hija est\u00e1 suelto. Tablado est\u00e1 libre y, parad\u00f3jicamente, nosotros como sociedad quedamos presos&#8230;, presos de angustia, de desprotecci\u00f3n, porque si esto es la justicia, Dios nos libre de una &#8220;injusticia&#8221;<br \/>\n\u00bfQu\u00e9 puede haber m\u00e1s injusto que la muerte de un inocente a manos de un loco? Rompi\u00f3 cuchillo tras cuchillo, iba a la cocina a buscar otro y volv\u00eda y segu\u00eda clavando una y otra vez, desgarrando la carne tibia&#8230; le arranc\u00f3 la vida y con ella todos nos morimos un poco aquel d\u00eda.<\/span><\/em><\/p>\n<p><em><span class=\"text_exposed_show\">Hoy el filo del &#8220;Tramontina&#8221; la volvi\u00f3 a matar cuando abri\u00f3 la puerta del Penal de Campana.<\/span><\/em><\/p>\n<p><em><span class=\"text_exposed_show\">Perd\u00f3n, Caro&#8230;<\/span><\/em><\/p>\n<\/div>\n<\/div>\n<\/div>\n<\/div>\n<\/div>\n<\/div>\n<\/figure>\n<\/div>\n<p><span class=\"credit\">Fotos: gentileza Telam (portada) y diario La Naci\u00f3n.<\/span><\/p>\n<\/div>\n<\/div>\n<\/div>\n<\/div>\n<\/div>\n<\/section>\n<\/div>\n<\/div>\n<\/div>\n<\/div>\n<\/div>\n<\/div>\n<\/div>\n<\/div>\n<p>&nbsp;<\/p>\n","protected":false},"excerpt":{"rendered":"<p>UN CRIMEN HORRENDO QUE CONMOCION\u00d3.<\/p>\n","protected":false},"author":3,"featured_media":4389,"comment_status":"open","ping_status":"open","sticky":false,"template":"","format":"standard","meta":{"footnotes":"","jetpack_publicize_message":"","jetpack_publicize_feature_enabled":true,"jetpack_social_post_already_shared":false,"jetpack_social_options":{"image_generator_settings":{"template":"highway","default_image_id":0,"font":"","enabled":false},"version":2}},"categories":[4,13],"tags":[612,611],"class_list":["post-4385","post","type-post","status-publish","format-standard","has-post-thumbnail","hentry","category-aqui-los-cardales","category-interes-general","tag-femicidio","tag-tablado"],"jetpack_publicize_connections":[],"jetpack_featured_media_url":"https:\/\/revistaepocadigital.com.ar\/wp-content\/uploads\/2020\/02\/tablado-telam.jpg","jetpack_likes_enabled":true,"_links":{"self":[{"href":"https:\/\/revistaepocadigital.com.ar\/index.php?rest_route=\/wp\/v2\/posts\/4385","targetHints":{"allow":["GET"]}}],"collection":[{"href":"https:\/\/revistaepocadigital.com.ar\/index.php?rest_route=\/wp\/v2\/posts"}],"about":[{"href":"https:\/\/revistaepocadigital.com.ar\/index.php?rest_route=\/wp\/v2\/types\/post"}],"author":[{"embeddable":true,"href":"https:\/\/revistaepocadigital.com.ar\/index.php?rest_route=\/wp\/v2\/users\/3"}],"replies":[{"embeddable":true,"href":"https:\/\/revistaepocadigital.com.ar\/index.php?rest_route=%2Fwp%2Fv2%2Fcomments&post=4385"}],"version-history":[{"count":0,"href":"https:\/\/revistaepocadigital.com.ar\/index.php?rest_route=\/wp\/v2\/posts\/4385\/revisions"}],"wp:featuredmedia":[{"embeddable":true,"href":"https:\/\/revistaepocadigital.com.ar\/index.php?rest_route=\/wp\/v2\/media\/4389"}],"wp:attachment":[{"href":"https:\/\/revistaepocadigital.com.ar\/index.php?rest_route=%2Fwp%2Fv2%2Fmedia&parent=4385"}],"wp:term":[{"taxonomy":"category","embeddable":true,"href":"https:\/\/revistaepocadigital.com.ar\/index.php?rest_route=%2Fwp%2Fv2%2Fcategories&post=4385"},{"taxonomy":"post_tag","embeddable":true,"href":"https:\/\/revistaepocadigital.com.ar\/index.php?rest_route=%2Fwp%2Fv2%2Ftags&post=4385"}],"curies":[{"name":"wp","href":"https:\/\/api.w.org\/{rel}","templated":true}]}}