{"id":4417,"date":"2020-03-09T19:03:41","date_gmt":"2020-03-09T22:03:41","guid":{"rendered":"https:\/\/revistaepocadigital.com.ar\/?p=4417"},"modified":"2020-03-09T19:03:41","modified_gmt":"2020-03-09T22:03:41","slug":"fabian-scovenna-de-obahia-mejor-portabanderas-en-gualeguaychu","status":"publish","type":"post","link":"https:\/\/revistaepocadigital.com.ar\/?p=4417","title":{"rendered":"Fabi\u00e1n Scovenna de O\u00b4Bah\u00eda, mejor portabanderas en Gualeguaych\u00fa"},"content":{"rendered":"<div class=\"_3_bl\">\n<div class=\"_5w1r _3_om _5wdf\">\n<div class=\"_4gx_\">\n<div class=\"_1aa6\">\n<div class=\"\"><strong><span class=\"_5yl5\">LOS CARNAVALES TAN POPULARES EN LA CIUDAD ENTRERRIANA, CON LUCIDA PRESENCIA DE EXALTACRUCENSES.<!--more--><\/span><\/strong><\/div>\n<div><\/div>\n<div class=\"\"><span class=\"_5yl5\">El premio al Mejor Portabanderas del carnaval del pa\u00eds fue para la comparsa <strong>O\u2019Bah\u00eda del Club de Pescadores<\/strong> de la ciudad de Gualeguaych\u00fa. La apertura de sobres se realiz\u00f3 en la \u00faltima noche de carnaval en el Centro de Convencione. Y el Mejor Portabanderas de la edici\u00f3n 2020 qued\u00f3 en manos de O Bah\u00eda con 73 puntos, y los que hicieron posible semejante \u00e9xito fueron <strong>Silvana Sa\u00e9nz y Fabi\u00e1n Scovenna<\/strong>.<\/span><\/div>\n<div><\/div>\n<div class=\"\"><span class=\"_5yl5\"> Recordamos que dicha pareja de portabanderas fueron ganadores de dos ediciones anteriores, 2016 y 2018 de la misma comparsa. En esta oportunidad los portabanderas representaron a dos personajes de la Comedia del Arte: <em>\u201cPierrot\u201d y \u201cColombina\u201d<\/em> quienes a lo largo del circuito desplegaron su teatralidad en una comparsa cuya propuestas art\u00edstica se llam\u00f3 <em>\u201cLas aventuras de Don Carnal\u201d.<\/em> <\/span><\/div>\n<div><\/div>\n<div class=\"\"><span class=\"_5yl5\">La comparsa O\u2019Bahia cont\u00f3 adem\u00e1s con la participaci\u00f3n de otros exaltacrucense quienes nos representaron tambi\u00e9n en este carnaval: el<strong> \u201cPampa\u201d Grillo<\/strong> como desde hace a\u00f1os, <strong>Florencia Scovenna y Lucas D\u00edaz.<\/strong><\/span><\/div>\n<\/div>\n<\/div>\n<\/div>\n<\/div>\n<p>&nbsp;<\/p>\n<div class=\"_4tdt _ua1\">\n<div class=\"_ua2\">\n<div class=\"_4tdv\">\n<div class=\"_5wd4 _1nc7\"><\/div>\n<\/div>\n<\/div>\n<\/div>\n<div class=\"_4tdt _ua0\">\n<div class=\"_ua2\">\n<div class=\"_4tdv\">\n<div class=\"_5wd4 _1nc6\">\n<div class=\"._1dlq _h8t\">\n<div id=\"js_1wl\" class=\"_5wd9 direction_ltr clearfix\" data-tooltip-content=\"10:26\" data-hover=\"tooltip\" data-tooltip-position=\"right\">\n<div class=\"_1e-x _n4o\">\n<div class=\"_3_bl\">\n<div class=\"_5w1r _3_om _5wdf\">\n<div class=\"_4gx_\">\n<div class=\"_1aa6\">\n<div class=\"\"><\/div>\n<\/div>\n<\/div>\n<\/div>\n<\/div>\n<\/div>\n<\/div>\n<\/div>\n<\/div>\n<\/div>\n<\/div>\n<\/div>\n","protected":false},"excerpt":{"rendered":"<p>LOS CARNAVALES TAN POPULARES EN LA CIUDAD ENTRERRIANA, CON LUCIDA PRESENCIA DE EXALTACRUCENSES.<\/p>\n","protected":false},"author":4,"featured_media":4419,"comment_status":"open","ping_status":"open","sticky":false,"template":"","format":"standard","meta":{"footnotes":"","jetpack_publicize_message":"","jetpack_publicize_feature_enabled":true,"jetpack_social_post_already_shared":false,"jetpack_social_options":{"image_generator_settings":{"template":"highway","default_image_id":0,"font":"","enabled":false},"version":2}},"categories":[12],"tags":[173,37,615,83],"class_list":["post-4417","post","type-post","status-publish","format-standard","has-post-thumbnail","hentry","category-espectaculos","tag-carnavales","tag-destacada","tag-o-bahia","tag-scovenna"],"jetpack_publicize_connections":[],"jetpack_featured_media_url":"https:\/\/revistaepocadigital.com.ar\/wp-content\/uploads\/2020\/03\/scoven-carna20.jpg","jetpack_likes_enabled":true,"_links":{"self":[{"href":"https:\/\/revistaepocadigital.com.ar\/index.php?rest_route=\/wp\/v2\/posts\/4417","targetHints":{"allow":["GET"]}}],"collection":[{"href":"https:\/\/revistaepocadigital.com.ar\/index.php?rest_route=\/wp\/v2\/posts"}],"about":[{"href":"https:\/\/revistaepocadigital.com.ar\/index.php?rest_route=\/wp\/v2\/types\/post"}],"author":[{"embeddable":true,"href":"https:\/\/revistaepocadigital.com.ar\/index.php?rest_route=\/wp\/v2\/users\/4"}],"replies":[{"embeddable":true,"href":"https:\/\/revistaepocadigital.com.ar\/index.php?rest_route=%2Fwp%2Fv2%2Fcomments&post=4417"}],"version-history":[{"count":0,"href":"https:\/\/revistaepocadigital.com.ar\/index.php?rest_route=\/wp\/v2\/posts\/4417\/revisions"}],"wp:featuredmedia":[{"embeddable":true,"href":"https:\/\/revistaepocadigital.com.ar\/index.php?rest_route=\/wp\/v2\/media\/4419"}],"wp:attachment":[{"href":"https:\/\/revistaepocadigital.com.ar\/index.php?rest_route=%2Fwp%2Fv2%2Fmedia&parent=4417"}],"wp:term":[{"taxonomy":"category","embeddable":true,"href":"https:\/\/revistaepocadigital.com.ar\/index.php?rest_route=%2Fwp%2Fv2%2Fcategories&post=4417"},{"taxonomy":"post_tag","embeddable":true,"href":"https:\/\/revistaepocadigital.com.ar\/index.php?rest_route=%2Fwp%2Fv2%2Ftags&post=4417"}],"curies":[{"name":"wp","href":"https:\/\/api.w.org\/{rel}","templated":true}]}}