{"id":442,"date":"2018-11-06T14:56:57","date_gmt":"2018-11-06T17:56:57","guid":{"rendered":"https:\/\/revistaepocadigital.com.ar\/?p=442"},"modified":"2018-11-06T14:56:57","modified_gmt":"2018-11-06T17:56:57","slug":"intentamos-dar-una-ayuda-a-los-vecinos-con-el-compromiso-que-la-sepan-aprovechar","status":"publish","type":"post","link":"https:\/\/revistaepocadigital.com.ar\/?p=442","title":{"rendered":"&#8220;Intentamos dar una ayuda a los vecinos con el compromiso que la sepan aprovechar&#8221;"},"content":{"rendered":"<p><strong>LOS &#8220;N\u00daMEROS&#8221; DE LAS FACTURAS DE LUZ, QUE ASUSTAN.<\/strong><!--more--><\/p>\n<p>Que decir, una de las mayores preocupaciones de los argentinos en un a\u00f1o vaya si complejo y tan dif\u00edcil, resultan los abultados aumentos de tarifas, como los casos de luz y gas adem\u00e1s de los de transportes y combustibles, que sumados a la inflaci\u00f3n, han convertido a 2018 en un a\u00f1o con duros embates a los bolsillos y a la condici\u00f3n econ\u00f3mica y social de la gente. En lo que respecta a las tarifas y la situaci\u00f3n relacionada con la energ\u00eda el\u00e9ctrica, <strong>Jos\u00e9 Luis Hermida,<\/strong> le traz\u00f3 un panorama a <span style=\"color: #ff0000;\">EPOCA<\/span> en lo que hace a <strong>Cepral,<\/strong> la cooperativa que preside y que brinda servicios en parte del distrito de <strong>Exaltaci\u00f3n de la Cruz.<\/strong><\/p>\n<p><strong>-A prop\u00f3sito de la conocida medida tan controversial, de efectuar cobros retroactivos en el servicio de gas, \u00bfpuede ocurrir lo mismo con la energ\u00eda el\u00e9ctrica?<\/strong><br \/>\n<em>-Sobre la medida en cuesti\u00f3n, han sido muchas la consultas que hemos recibido en la cooperativa; lo que podemos decir al momento, es que en el sector el\u00e9ctrico no hay ninguna informaci\u00f3n al respecto de tomar una medida de esta naturaleza.<\/em><\/p>\n<p>&#8211;<strong>\u00bfCu\u00e1l es su visi\u00f3n actual y a futuro como titular de una cooperativa, acerca de la tan sensible y preocupante cuesti\u00f3n relacionada a las tarifas?<\/strong><br \/>\n<em>-Nosotros desde esta cooperativa estamos muy atentos, no olvidamos que hemos recibido en el mes de marzo una manifestaci\u00f3n de vecinos referente a los aumentos de las tarifas. Por tal motivo estamos muy cerca de los problemas que esto le pueda ocasionar a nuestros usuarios, para ver de qu\u00e9 manera podemos ayudarlos. Tambi\u00e9n tengo que reconocer que la cobranza no ha ca\u00eddo, ni se ha cortado la cadena de pagos; s\u00ed, la demora en considerable por los planes de pagos que generamos ya que la decisi\u00f3n de este consejo de administraci\u00f3n es llegar al corte de servicio como \u00faltima instancia. Para ampliar al respecto, puedo decir que el cobro de servicios muestra una demora de 90 a 120 d\u00edas. A futuro no creo que la cosa cambie en el corto plazo, debiendo agudizar el ingenio para no dejar desamparado a los usuarios.<\/em><\/p>\n<p><span style=\"color: #008000;\">30% DE INCREMENTO<\/span><\/p>\n<p>&#8211;<strong>A los aumentos ya registrados en materia de energ\u00eda el\u00e9ctrica, se pueden suceder otros en los pr\u00f3ximos meses&#8230;<\/strong><br \/>\n<em>-Acerca de aumentos, nosotros nos enteramos muchas veces por la prensa, ya que no somos los que fijamos tarifas. Lo que puedo comentar es que con la facturaci\u00f3n de noviembre, los usuarios recib\u00edan el aumento que se decret\u00f3 el 23 de septiembre de este a\u00f1o para consumos a partir de dicha fecha, seg\u00fan la resoluci\u00f3n 1292\/2018. El porcentaje de dicho aumento se encontraba en un promedio del 30% para los usuarios residenciales. Ahora bien, a futuro no<\/em> <em>tenemos informaci\u00f3n al respecto de nuevos aumentos.<\/em><\/p>\n<figure id=\"attachment_446\" aria-describedby=\"caption-attachment-446\" style=\"width: 401px\" class=\"wp-caption alignnone\"><img loading=\"lazy\" decoding=\"async\" class=\"size-full wp-image-446\" src=\"https:\/\/revistaepocadigital.com.ar\/wp-content\/uploads\/2018\/11\/hermida-jose-1-1-1.jpg\" alt=\"\" width=\"401\" height=\"412\" \/><figcaption id=\"caption-attachment-446\" class=\"wp-caption-text\">Hernida traz\u00f3 un panorama actual.<\/figcaption><\/figure>\n<p><strong>-Acerca de la inversi\u00f3n efectuada en dolares por parte de Cepral, como ha impactado en las arcas de la entidad?<\/strong><br \/>\n<em>-Con respecto a ese tema gracias a Dios, durante el a\u00f1o 2017 hemos realizado numerosas inversiones en los distintos servicios tanto el\u00e9ctricos como telecomunicaciones, y puedo decir que el 70% fue en d\u00f3lares y a pagar en el tiempo. Por suerte al d\u00eda de hoy, tenemos la situaci\u00f3n controlada debido a que nos reunimos con nuestros proveedores y negociamos las diferencia cambiarias. Eso s\u00ed, debimos replantear algunas cuestiones que con un d\u00f3lar a 15 pesos las ve\u00edamos de<\/em> <em>una forma y con el d\u00f3lar a 40 pesos como es l\u00f3gico, nos genera otra visi\u00f3n. Lo bueno si puede decirse de alguna manera, es que nuestros usuarios observan lo que sucede y son comprensibles considerando la situaci\u00f3n.<\/em><\/p>\n<p><strong>-Se descuenta que percibe a diario la preocupaci\u00f3n de los vecinos usuarios ante el incesante incremento de tarifas, en su caso de luz. \u00bfQue panorama en tal sentido visualiza en el corto y mediano plazo?<\/strong><br \/>\n<em>-Es cierto, son muchas la personas que se atienden diariamente en la cooperativa; pero como mencion\u00e9 antes, desde el equipo de trabajo que contamos intentamos poder brindar una ayuda en primera instancia, y tener el compromiso del vecino para aprovechar la ayuda. Estamos haciendo mucha docencia, y explic\u00e1ndoles que en el presente, la \u00fanica manera de bajar los &#8220;n\u00fameros&#8221; de las facturas de luz es bajando el consumo o optimizandolo.<\/em><\/p>\n<p>&nbsp;<\/p>\n<p>Fotos: portada gentilez FM Boreal<\/p>\n","protected":false},"excerpt":{"rendered":"<p>LOS &#8220;N\u00daMEROS&#8221; DE LAS FACTURAS DE LUZ, QUE ASUSTAN.<\/p>\n","protected":false},"author":3,"featured_media":444,"comment_status":"open","ping_status":"open","sticky":false,"template":"","format":"standard","meta":{"footnotes":"","jetpack_publicize_message":"","jetpack_publicize_feature_enabled":true,"jetpack_social_post_already_shared":false,"jetpack_social_options":{"image_generator_settings":{"template":"highway","default_image_id":0,"font":"","enabled":false},"version":2}},"categories":[5],"tags":[29,37,53],"class_list":["post-442","post","type-post","status-publish","format-standard","has-post-thumbnail","hentry","category-aqui-parada-robles","tag-cepral","tag-destacada","tag-hermida"],"jetpack_publicize_connections":[],"jetpack_featured_media_url":"https:\/\/revistaepocadigital.com.ar\/wp-content\/uploads\/2018\/11\/hermida-foto-boreal-1.jpg","jetpack_likes_enabled":true,"_links":{"self":[{"href":"https:\/\/revistaepocadigital.com.ar\/index.php?rest_route=\/wp\/v2\/posts\/442","targetHints":{"allow":["GET"]}}],"collection":[{"href":"https:\/\/revistaepocadigital.com.ar\/index.php?rest_route=\/wp\/v2\/posts"}],"about":[{"href":"https:\/\/revistaepocadigital.com.ar\/index.php?rest_route=\/wp\/v2\/types\/post"}],"author":[{"embeddable":true,"href":"https:\/\/revistaepocadigital.com.ar\/index.php?rest_route=\/wp\/v2\/users\/3"}],"replies":[{"embeddable":true,"href":"https:\/\/revistaepocadigital.com.ar\/index.php?rest_route=%2Fwp%2Fv2%2Fcomments&post=442"}],"version-history":[{"count":0,"href":"https:\/\/revistaepocadigital.com.ar\/index.php?rest_route=\/wp\/v2\/posts\/442\/revisions"}],"wp:featuredmedia":[{"embeddable":true,"href":"https:\/\/revistaepocadigital.com.ar\/index.php?rest_route=\/wp\/v2\/media\/444"}],"wp:attachment":[{"href":"https:\/\/revistaepocadigital.com.ar\/index.php?rest_route=%2Fwp%2Fv2%2Fmedia&parent=442"}],"wp:term":[{"taxonomy":"category","embeddable":true,"href":"https:\/\/revistaepocadigital.com.ar\/index.php?rest_route=%2Fwp%2Fv2%2Fcategories&post=442"},{"taxonomy":"post_tag","embeddable":true,"href":"https:\/\/revistaepocadigital.com.ar\/index.php?rest_route=%2Fwp%2Fv2%2Ftags&post=442"}],"curies":[{"name":"wp","href":"https:\/\/api.w.org\/{rel}","templated":true}]}}