{"id":4457,"date":"2020-03-10T01:36:22","date_gmt":"2020-03-10T04:36:22","guid":{"rendered":"https:\/\/revistaepocadigital.com.ar\/?p=4457"},"modified":"2020-03-10T01:36:22","modified_gmt":"2020-03-10T04:36:22","slug":"el-exito-del-cardales-sale","status":"publish","type":"post","link":"https:\/\/revistaepocadigital.com.ar\/?p=4457","title":{"rendered":"EL \u00c9XITO DEL \u201cCARDALES SALE\u201d"},"content":{"rendered":"<p><strong>LA PRIMERA EXPERIENCIA EN EXALTACI\u00d3N DE LA CRUZ.<\/strong><!--more--><\/p>\n<p>As\u00ed fue, y se concret\u00f3 en uno de los \u00faltimos fines de semana. El \u201cCardales Sale\u201d, result\u00f3 una noche destinada al comercio cardalense, resultado del trabajo conjunto entre el \u00e1rea de cultura del municipio y la delegaci\u00f3n de Los Cardales.<\/p>\n<p><img loading=\"lazy\" decoding=\"async\" class=\"aligncenter size-full wp-image-4460\" src=\"https:\/\/revistaepocadigital.com.ar\/wp-content\/uploads\/2020\/03\/carda-sale-11.jpg\" alt=\"\" width=\"640\" height=\"425\" srcset=\"https:\/\/revistaepocadigital.com.ar\/wp-content\/uploads\/2020\/03\/carda-sale-11.jpg 640w, https:\/\/revistaepocadigital.com.ar\/wp-content\/uploads\/2020\/03\/carda-sale-11-300x199.jpg 300w, https:\/\/revistaepocadigital.com.ar\/wp-content\/uploads\/2020\/03\/carda-sale-11-632x420.jpg 632w\" sizes=\"auto, (max-width: 640px) 100vw, 640px\" \/><\/p>\n<p>La propuesta gir\u00f3 en torno a promociones, precios especiales y locales abiertos, mientras que en la calle y en varios escenarios, se montaron propuestas musicales, de danza y de cultura.<\/p>\n<p><img loading=\"lazy\" decoding=\"async\" class=\"aligncenter size-full wp-image-4462\" src=\"https:\/\/revistaepocadigital.com.ar\/wp-content\/uploads\/2020\/03\/carda-sale111.jpg\" alt=\"\" width=\"640\" height=\"425\" srcset=\"https:\/\/revistaepocadigital.com.ar\/wp-content\/uploads\/2020\/03\/carda-sale111.jpg 640w, https:\/\/revistaepocadigital.com.ar\/wp-content\/uploads\/2020\/03\/carda-sale111-300x199.jpg 300w, https:\/\/revistaepocadigital.com.ar\/wp-content\/uploads\/2020\/03\/carda-sale111-632x420.jpg 632w\" sizes=\"auto, (max-width: 640px) 100vw, 640px\" \/><\/p>\n<p>La iniciativa tuvo alta respuesta y cont\u00f3 con el apoyo, no s\u00f3lo de numerosos comercios y vecinos, sino de visitantes de otros distritos, que aprovecharon el buen clima y los precios rebajados, tanto en tiendas como en materia de propuestas gastron\u00f3micas.<\/p>\n","protected":false},"excerpt":{"rendered":"<p>LA PRIMERA EXPERIENCIA EN EXALTACI\u00d3N DE LA CRUZ.<\/p>\n","protected":false},"author":3,"featured_media":4459,"comment_status":"open","ping_status":"open","sticky":false,"template":"","format":"standard","meta":{"footnotes":"","jetpack_publicize_message":"","jetpack_publicize_feature_enabled":true,"jetpack_social_post_already_shared":false,"jetpack_social_options":{"image_generator_settings":{"template":"highway","default_image_id":0,"font":"","enabled":false},"version":2}},"categories":[4],"tags":[624],"class_list":["post-4457","post","type-post","status-publish","format-standard","has-post-thumbnail","hentry","category-aqui-los-cardales","tag-cardales-sale"],"jetpack_publicize_connections":[],"jetpack_featured_media_url":"https:\/\/revistaepocadigital.com.ar\/wp-content\/uploads\/2020\/03\/carda-sale-1.jpg","jetpack_likes_enabled":true,"_links":{"self":[{"href":"https:\/\/revistaepocadigital.com.ar\/index.php?rest_route=\/wp\/v2\/posts\/4457","targetHints":{"allow":["GET"]}}],"collection":[{"href":"https:\/\/revistaepocadigital.com.ar\/index.php?rest_route=\/wp\/v2\/posts"}],"about":[{"href":"https:\/\/revistaepocadigital.com.ar\/index.php?rest_route=\/wp\/v2\/types\/post"}],"author":[{"embeddable":true,"href":"https:\/\/revistaepocadigital.com.ar\/index.php?rest_route=\/wp\/v2\/users\/3"}],"replies":[{"embeddable":true,"href":"https:\/\/revistaepocadigital.com.ar\/index.php?rest_route=%2Fwp%2Fv2%2Fcomments&post=4457"}],"version-history":[{"count":0,"href":"https:\/\/revistaepocadigital.com.ar\/index.php?rest_route=\/wp\/v2\/posts\/4457\/revisions"}],"wp:featuredmedia":[{"embeddable":true,"href":"https:\/\/revistaepocadigital.com.ar\/index.php?rest_route=\/wp\/v2\/media\/4459"}],"wp:attachment":[{"href":"https:\/\/revistaepocadigital.com.ar\/index.php?rest_route=%2Fwp%2Fv2%2Fmedia&parent=4457"}],"wp:term":[{"taxonomy":"category","embeddable":true,"href":"https:\/\/revistaepocadigital.com.ar\/index.php?rest_route=%2Fwp%2Fv2%2Fcategories&post=4457"},{"taxonomy":"post_tag","embeddable":true,"href":"https:\/\/revistaepocadigital.com.ar\/index.php?rest_route=%2Fwp%2Fv2%2Ftags&post=4457"}],"curies":[{"name":"wp","href":"https:\/\/api.w.org\/{rel}","templated":true}]}}