{"id":4474,"date":"2020-03-12T18:15:18","date_gmt":"2020-03-12T21:15:18","guid":{"rendered":"https:\/\/revistaepocadigital.com.ar\/?p=4474"},"modified":"2020-03-12T23:16:38","modified_gmt":"2020-03-13T02:16:38","slug":"ante-el-coronavirus-presta-atencion-a-los-consejos","status":"publish","type":"post","link":"https:\/\/revistaepocadigital.com.ar\/?p=4474","title":{"rendered":"ANTE EL CORONAVIRUS, PREST\u00c1 ATENCI\u00d3N A LOS CONSEJOS"},"content":{"rendered":"<p class=\"yiv8167079033MsoNormal\"><strong>MANTENETE ALERTA.<\/strong><!--more--><\/p>\n<p class=\"yiv8167079033MsoNormal\">El Ministerio de Salud provincial\u00a0 brind\u00f3 detalles del coronavirus, se trata de una familia de virus conocida por causar enfermedades respiratorias. Algunos de estos virus \u2013incluidos el descubierto en China, llamado SARS-CoV-2\u2013 pueden afectar a las personas.<\/p>\n<p class=\"yiv8167079033MsoNormal\">La evoluci\u00f3n del brote de COVID 19 motiv\u00f3 la declaraci\u00f3n de la Organizaci\u00f3n Mundial de la Salud (OMS) de una emergencia de salud p\u00fablica de importancia internacional (ESPII) en el marco del Reglamento Sanitario Internacional.<\/p>\n<p class=\"yiv8167079033MsoNormal\">A la fecha, la OMS contin\u00faa la investigaci\u00f3n sobre el nuevo pat\u00f3geno y el espectro de manifestaciones que pueda causar, la fuente de infecci\u00f3n, el modo de transmisi\u00f3n, el periodo de incubaci\u00f3n, la gravedad de la enfermedad y las medidas espec\u00edficas de control.<\/p>\n<p class=\"yiv8167079033MsoNormal\">En la Argentina los afectados con el COVID-19, se encontraban cumpliendo el aislamiento establecido por las autoridades sanitarias y en buen estado general. En la Provincia de Buenos Aires entre la semana epidemiol\u00f3gica (SE) 5 (26 enero al 1 febrero) y la SE 10 (1 marzo al 7 marzo) de 2020 se notificaron al SNVS 30 casos con infecci\u00f3n respiratoria aguda y sospecha de virus emergente y 9 contactos cercanos de casos confirmados. Del total de contactos (N=9), 2 se descartaron por laboratorio luego de haber permanecido en aislamiento, 6 se encuentran actualmente bajo aislamiento domiciliario y seguimiento, 1 se encuentra internado por presentar fiebre y est\u00e1 en estudio. Mientras que del total de casos sospechosos (N=30), 16 se descartaron, 7 se invalidaron por no cumplir con la definici\u00f3n de caso sospechoso, 1 se confirm\u00f3 y 6 aguardan resultados de laboratorio.<\/p>\n<p class=\"yiv8167079033MsoNormal\">La Provincia de Buenos Aires, siguiendo los lineamientos del Ministerio de Salud de la Naci\u00f3n y de la OMS, ha dise\u00f1ado un Protocolo de manejo frente a casos sospechosos de enfermedad por coronavirus 2019 (COVID-19), que establece las pautas a seguir respecto de vigilancia, investigaci\u00f3n de casos, diagn\u00f3stico y preparaci\u00f3n de los servicios. En ese marco, se han definido mecanismos de derivaci\u00f3n y traslado de casos sospechosos detectados al ingreso al pa\u00eds.<\/p>\n<p class=\"yiv8167079033MsoNormal\">Como otras infecciones respiratorias, el nuevo Coronavirus se transmite por contacto cercano con una persona infectada a trav\u00e9s de las gotitas de saliva o secreciones respiratorias que se liberan al toser, exhalar o hablar, o por tocar superficies contaminadas con \u00e9stas.<\/p>\n<p class=\"yiv8167079033MsoNormal\"><strong>MEDIDAS A ADOPTAR<\/strong> para prevenir cualquier infecci\u00f3n respiratoria:<\/p>\n<p class=\"yiv8167079033MsoNormal\">\u2022\u00a0\u00a0\u00a0\u00a0\u00a0\u00a0\u00a0\u00a0\u00a0 Lavarse las manos frecuentemente con agua y jab\u00f3n, en especial antes de comer o cocinar y al regresar de espacios concurridos (trabajo, transporte, escuela, etc.).<\/p>\n<p class=\"yiv8167079033MsoNormal\">\u2022\u00a0\u00a0\u00a0\u00a0\u00a0\u00a0\u00a0\u00a0\u00a0 Cubrirse la nariz y la boca con el pliegue interno del codo, o usar un pa\u00f1uelo descartable al toser o estornudar y desecharlo. Lavarse las manos inmediatamente.<\/p>\n<p class=\"yiv8167079033MsoNormal\">\u2022\u00a0\u00a0\u00a0\u00a0\u00a0\u00a0\u00a0\u00a0\u00a0 No compartir objetos\u00a0 como mate, botellas, vasos o platos.<\/p>\n<p class=\"yiv8167079033MsoNormal\">\u2022\u00a0\u00a0\u00a0\u00a0\u00a0\u00a0\u00a0\u00a0\u00a0 Desinfectar las superficies y objetos que se tocan con frecuencia.<\/p>\n<p class=\"yiv8167079033MsoNormal\">\u2022\u00a0\u00a0\u00a0\u00a0\u00a0\u00a0\u00a0\u00a0\u00a0 Ventilar los ambientes.<\/p>\n<p class=\"yiv8167079033MsoNormal\">\u2022\u00a0\u00a0\u00a0\u00a0\u00a0\u00a0\u00a0\u00a0\u00a0 Evitar el contacto cercano con personas con infecci\u00f3n respiratoria.<\/p>\n","protected":false},"excerpt":{"rendered":"<p>MANTENETE ALERTA.<\/p>\n","protected":false},"author":3,"featured_media":4476,"comment_status":"open","ping_status":"open","sticky":false,"template":"","format":"standard","meta":{"footnotes":"","jetpack_publicize_message":"","jetpack_publicize_feature_enabled":true,"jetpack_social_post_already_shared":false,"jetpack_social_options":{"image_generator_settings":{"template":"highway","default_image_id":0,"font":"","enabled":false},"version":2}},"categories":[13],"tags":[569,626],"class_list":["post-4474","post","type-post","status-publish","format-standard","has-post-thumbnail","hentry","category-interes-general","tag-coronavirus","tag-provincia-de-buenos-aires"],"jetpack_publicize_connections":[],"jetpack_featured_media_url":"https:\/\/revistaepocadigital.com.ar\/wp-content\/uploads\/2020\/03\/CORONA20.jpg","jetpack_likes_enabled":true,"_links":{"self":[{"href":"https:\/\/revistaepocadigital.com.ar\/index.php?rest_route=\/wp\/v2\/posts\/4474","targetHints":{"allow":["GET"]}}],"collection":[{"href":"https:\/\/revistaepocadigital.com.ar\/index.php?rest_route=\/wp\/v2\/posts"}],"about":[{"href":"https:\/\/revistaepocadigital.com.ar\/index.php?rest_route=\/wp\/v2\/types\/post"}],"author":[{"embeddable":true,"href":"https:\/\/revistaepocadigital.com.ar\/index.php?rest_route=\/wp\/v2\/users\/3"}],"replies":[{"embeddable":true,"href":"https:\/\/revistaepocadigital.com.ar\/index.php?rest_route=%2Fwp%2Fv2%2Fcomments&post=4474"}],"version-history":[{"count":0,"href":"https:\/\/revistaepocadigital.com.ar\/index.php?rest_route=\/wp\/v2\/posts\/4474\/revisions"}],"wp:featuredmedia":[{"embeddable":true,"href":"https:\/\/revistaepocadigital.com.ar\/index.php?rest_route=\/wp\/v2\/media\/4476"}],"wp:attachment":[{"href":"https:\/\/revistaepocadigital.com.ar\/index.php?rest_route=%2Fwp%2Fv2%2Fmedia&parent=4474"}],"wp:term":[{"taxonomy":"category","embeddable":true,"href":"https:\/\/revistaepocadigital.com.ar\/index.php?rest_route=%2Fwp%2Fv2%2Fcategories&post=4474"},{"taxonomy":"post_tag","embeddable":true,"href":"https:\/\/revistaepocadigital.com.ar\/index.php?rest_route=%2Fwp%2Fv2%2Ftags&post=4474"}],"curies":[{"name":"wp","href":"https:\/\/api.w.org\/{rel}","templated":true}]}}