{"id":4477,"date":"2020-03-12T18:32:26","date_gmt":"2020-03-12T21:32:26","guid":{"rendered":"https:\/\/revistaepocadigital.com.ar\/?p=4477"},"modified":"2020-03-12T18:32:26","modified_gmt":"2020-03-12T21:32:26","slug":"kicillof-decreto-la-emergencia-sanitaria-en-la-provincia-de-buenos-aire","status":"publish","type":"post","link":"https:\/\/revistaepocadigital.com.ar\/?p=4477","title":{"rendered":"Kicillof decret\u00f3 la emergencia sanitaria en la provincia de Buenos Aire"},"content":{"rendered":"<table border=\"0\" cellspacing=\"0\" cellpadding=\"0\">\n<tbody>\n<tr>\n<td class=\"yiv3113239316stack-column\" valign=\"top\">\n<div align=\"center\"><\/div>\n<\/td>\n<\/tr>\n<\/tbody>\n<\/table>\n<table border=\"0\" cellspacing=\"0\" cellpadding=\"0\">\n<tbody>\n<tr class=\"yiv3113239316selected-region\">\n<td class=\"yiv3113239316stack-column\" valign=\"top\">\n<div class=\"yiv3113239316selected-element\">\n<div><strong>EL GOBERNADOR DE LA PROVINCIA DE BUENOS AIRES.<\/strong><\/div>\n<div><\/div>\n<div>Firm\u00f3 el jueves (12-3-20) el decreto que declar\u00f3 el estado de emergencia sanitaria para la Provincia por el t\u00e9rmino de 180 d\u00edas, para dar una respuesta integral e inmediata en la actual fase de contenci\u00f3n del virus COVID-19 (coronavirus). De esta manera, el Ministerio de Salud podr\u00e1 instrumentar las medidas necesarias para actuar de manera eficiente y detectar casos sospechosos tempranamente, como as\u00ed tambi\u00e9n monitorear brotes y contribuir a la prevenci\u00f3n.<\/div>\n<div><\/div>\n<div>El decreto establece la suspensi\u00f3n de todo evento cultural, art\u00edstico, recreativo, deportivo y social de participaci\u00f3n masiva por el plazo de 15 d\u00edas, que podr\u00e1 ser prorrogado seg\u00fan recomendaciones del Ministerio de Salud. Solamente se realizar\u00e1n, sin p\u00fablico, aquellas actividades cuya reprogramaci\u00f3n resulte imposible. Tambi\u00e9n se contempla el cierre de museos, centros culturales y otros espacios art\u00edsticos y recreativos.<\/div>\n<div><\/div>\n<div>Por otro lado, la norma instruye la aplicaci\u00f3n de medidas para prevenir la propagaci\u00f3n del virus en establecimientos educativos, que ser\u00e1n determinadas por la Direcci\u00f3n General de Cultura y Educaci\u00f3n. Tambi\u00e9n se instrumentar\u00e1n las acciones necesarias para evitar su contagio en establecimientos penitenciarios.<\/div>\n<div><\/div>\n<div>Finalmente, el gobernador faculta a todas las dependencias de la Administraci\u00f3n P\u00fablica provincial a establecer modalidades de trabajo flexibles para responder a esta contingencia. Esta disposici\u00f3n se suma al decreto n\u00b0127\/2020 que estableci\u00f3 una licencia de car\u00e1cter excepcional para las y los trabajadores que hubiesen ingresado a la Argentina desde pa\u00edses con casos confirmados de coronavirus.<\/div>\n<div><\/div>\n<div>As\u00ed, el Gobierno de la provincia de Buenos Aires contin\u00faa instrumentando las medidas necesarias para prevenir el contagio de esta enfermedad, en coordinaci\u00f3n con el Gobierno Nacional y los municipios. Se encuentra adem\u00e1s disponible el n\u00famero 148 que atiende las 24 horas a todas aquellas personas con s\u00edntomas o dudas al respecto.<\/div>\n<\/div>\n<div><\/div>\n<div><\/div>\n<div>Foto portada: gentileza diario Agroempresario<\/div>\n<div class=\"yiv3113239316selected-element\">\n<div><\/div>\n<div><\/div>\n<\/div>\n<\/td>\n<\/tr>\n<\/tbody>\n<\/table>\n<p><!--more--><\/p>\n","protected":false},"excerpt":{"rendered":"<p>EL GOBERNADOR DE LA PROVINCIA DE BUENOS AIRES. Firm\u00f3 el jueves (12-3-20) el decreto que declar\u00f3 el estado de emergencia sanitaria para la Provincia por el t\u00e9rmino de 180 d\u00edas, para dar una respuesta integral e inmediata en la actual fase de contenci\u00f3n del virus COVID-19 (coronavirus). De esta manera, el Ministerio de Salud podr\u00e1 [&hellip;]<\/p>\n","protected":false},"author":3,"featured_media":4480,"comment_status":"open","ping_status":"open","sticky":false,"template":"","format":"standard","meta":{"footnotes":"","jetpack_publicize_message":"","jetpack_publicize_feature_enabled":true,"jetpack_social_post_already_shared":false,"jetpack_social_options":{"image_generator_settings":{"template":"highway","default_image_id":0,"font":"","enabled":false},"version":2}},"categories":[17],"tags":[569,627],"class_list":["post-4477","post","type-post","status-publish","format-standard","has-post-thumbnail","hentry","category-politica","tag-coronavirus","tag-estado-de-emergencia"],"jetpack_publicize_connections":[],"jetpack_featured_media_url":"https:\/\/revistaepocadigital.com.ar\/wp-content\/uploads\/2020\/03\/b0755c20f5fdb4768180.jpg","jetpack_likes_enabled":true,"_links":{"self":[{"href":"https:\/\/revistaepocadigital.com.ar\/index.php?rest_route=\/wp\/v2\/posts\/4477","targetHints":{"allow":["GET"]}}],"collection":[{"href":"https:\/\/revistaepocadigital.com.ar\/index.php?rest_route=\/wp\/v2\/posts"}],"about":[{"href":"https:\/\/revistaepocadigital.com.ar\/index.php?rest_route=\/wp\/v2\/types\/post"}],"author":[{"embeddable":true,"href":"https:\/\/revistaepocadigital.com.ar\/index.php?rest_route=\/wp\/v2\/users\/3"}],"replies":[{"embeddable":true,"href":"https:\/\/revistaepocadigital.com.ar\/index.php?rest_route=%2Fwp%2Fv2%2Fcomments&post=4477"}],"version-history":[{"count":0,"href":"https:\/\/revistaepocadigital.com.ar\/index.php?rest_route=\/wp\/v2\/posts\/4477\/revisions"}],"wp:featuredmedia":[{"embeddable":true,"href":"https:\/\/revistaepocadigital.com.ar\/index.php?rest_route=\/wp\/v2\/media\/4480"}],"wp:attachment":[{"href":"https:\/\/revistaepocadigital.com.ar\/index.php?rest_route=%2Fwp%2Fv2%2Fmedia&parent=4477"}],"wp:term":[{"taxonomy":"category","embeddable":true,"href":"https:\/\/revistaepocadigital.com.ar\/index.php?rest_route=%2Fwp%2Fv2%2Fcategories&post=4477"},{"taxonomy":"post_tag","embeddable":true,"href":"https:\/\/revistaepocadigital.com.ar\/index.php?rest_route=%2Fwp%2Fv2%2Ftags&post=4477"}],"curies":[{"name":"wp","href":"https:\/\/api.w.org\/{rel}","templated":true}]}}